{"id":81421,"date":"2018-09-22T16:29:15","date_gmt":"2018-09-22T19:29:15","guid":{"rendered":"http:\/\/www.hoymercedes.com.ar\/principal\/?p=81421"},"modified":"2018-09-21T16:35:13","modified_gmt":"2018-09-21T19:35:13","slug":"los-jubilados-impositivos-festejaron-en-su-dia","status":"publish","type":"post","link":"https:\/\/www.hoymercedes.com.ar\/principal\/2018\/09\/22\/los-jubilados-impositivos-festejaron-en-su-dia\/","title":{"rendered":"Los jubilados impositivos festejaron en su d\u00eda"},"content":{"rendered":"<p><em><strong>Los trabajadores retirados de varias localidades de toda la regi\u00f3n, se encontraron para participar de un emotivo almuerzo organizado por la Comisi\u00f3n Directiva de la Seccional AEFIP Mercedes.<\/strong><\/em><\/p>\n<p><img loading=\"lazy\" decoding=\"async\" data-attachment-id=\"81422\" data-permalink=\"https:\/\/www.hoymercedes.com.ar\/principal\/2018\/09\/22\/los-jubilados-impositivos-festejaron-en-su-dia\/kodak-digital-still-camera-14\/#main\" data-orig-file=\"https:\/\/www.hoymercedes.com.ar\/principal\/wp-content\/uploads\/2018\/09\/22-aefip-jubiados.jpg\" data-orig-size=\"750,357\" data-comments-opened=\"0\" data-image-meta=\"{&quot;aperture&quot;:&quot;3.1&quot;,&quot;credit&quot;:&quot;&quot;,&quot;camera&quot;:&quot;KODAK PIXPRO AZ421&quot;,&quot;caption&quot;:&quot;KODAK Digital Still Camera&quot;,&quot;created_timestamp&quot;:&quot;1537467830&quot;,&quot;copyright&quot;:&quot;&quot;,&quot;focal_length&quot;:&quot;5&quot;,&quot;iso&quot;:&quot;200&quot;,&quot;shutter_speed&quot;:&quot;0.04&quot;,&quot;title&quot;:&quot;KODAK Digital Still Camera&quot;,&quot;orientation&quot;:&quot;1&quot;}\" data-image-title=\"KODAK Digital Still Camera\" data-image-description=\"\" data-image-caption=\"\" data-large-file=\"https:\/\/www.hoymercedes.com.ar\/principal\/wp-content\/uploads\/2018\/09\/22-aefip-jubiados.jpg\" class=\"size-medium wp-image-81422\" src=\"https:\/\/www.hoymercedes.com.ar\/principal\/wp-content\/uploads\/2018\/09\/22-aefip-jubiados-630x300.jpg\" alt=\"\" width=\"630\" height=\"300\" srcset=\"https:\/\/www.hoymercedes.com.ar\/principal\/wp-content\/uploads\/2018\/09\/22-aefip-jubiados-630x300.jpg 630w, https:\/\/www.hoymercedes.com.ar\/principal\/wp-content\/uploads\/2018\/09\/22-aefip-jubiados-150x71.jpg 150w, https:\/\/www.hoymercedes.com.ar\/principal\/wp-content\/uploads\/2018\/09\/22-aefip-jubiados.jpg 750w\" sizes=\"auto, (max-width: 630px) 100vw, 630px\" \/><\/p>\n<p>El jueves al mediod\u00eda en un restaurante de las afuera de la ciudad se vivi\u00f3 una jornada emotiva, ya que por parte de la Comisi\u00f3n Directiva de AEFIP Seccional Mercedes se decidi\u00f3 realizar un almuerzo por el d\u00eda del jubilado, como todos los a\u00f1os.<\/p>\n<p>En una jornada llena de di\u00e1logos, recuerdos y encuentros en la que se volvieron a reunir trabajadores jubilados de toda la regi\u00f3n, el Secretario General de AEFIP Mercedes, Juan Mart\u00edn Andr\u00e9s indic\u00f3 que \u201ctenemos el placer de poder agasajar un a\u00f1o m\u00e1s a nuestros queridos jubilados, independientemente a la problem\u00e1tica que nos vemos obligados a atravesar, por la cual nos encontramos avocados a la defensa de nuestros derechos, no pod\u00edamos dejar de encontrarnos con quienes hicieron mucho por el organismo\u201d.<\/p>\n<p>Asimismo Andr\u00e9s sostuvo que \u201ccomo siempre seguimos con el compromiso de incluir a todos en nuestras actividades, porque estamos unidos y todos somos parte de esta gran familia impositiva\u201d.<\/p>\n<p>En cuanto a la situaci\u00f3n que se encuentran atravesando los trabajadores impositivos, sobre medidas impulsadas por el Administrador Federal que implica un recorte en el salario, entre otras que el gremio considera negativas y arbitrarias, el Secretario General manifest\u00f3 que \u201cestamos realizando acciones en conjunto con todas las Seccionales del Pa\u00eds, no vamos a permitir que nuestros derechos sean avasallados. Ac\u00e1 tenemos el ejemplo de compa\u00f1eros que dieron mucho por el organismo y hoy nosotros somos los responsables de continuar por ese camino de lucha y compromiso en defensa de nuestro Convenio Colectivo de Trabajo\u201d.<\/p>\n","protected":false},"excerpt":{"rendered":"<p>Los trabajadores retirados de varias localidades de toda la regi\u00f3n, se encontraron para participar de un emotivo almuerzo organizado por &#8230; <a title=\"Los jubilados impositivos festejaron en su d\u00eda\" class=\"read-more\" href=\"https:\/\/www.hoymercedes.com.ar\/principal\/2018\/09\/22\/los-jubilados-impositivos-festejaron-en-su-dia\/\" aria-label=\"Leer m\u00e1s sobre Los jubilados impositivos festejaron en su d\u00eda\">Leer m\u00e1s<\/a><\/p>\n","protected":false},"author":1,"featured_media":81422,"comment_status":"closed","ping_status":"open","sticky":false,"template":"","format":"standard","meta":{"_monsterinsights_skip_tracking":false,"_monsterinsights_sitenote_active":false,"_monsterinsights_sitenote_note":"","_monsterinsights_sitenote_category":0,"jetpack_post_was_ever_published":false,"_jetpack_newsletter_access":"","_jetpack_dont_email_post_to_subs":false,"_jetpack_newsletter_tier_id":0,"_jetpack_memberships_contains_paywalled_content":false,"_jetpack_memberships_contains_paid_content":false,"footnotes":"","jetpack_publicize_message":"","jetpack_publicize_feature_enabled":true,"jetpack_social_post_already_shared":true,"jetpack_social_options":{"image_generator_settings":{"template":"highway","default_image_id":0,"font":"","enabled":false},"version":2},"_wpas_customize_per_network":false},"categories":[10563],"tags":[2381,9437,8799,13766,10],"class_list":["post-81421","post","type-post","status-publish","format-standard","has-post-thumbnail","hentry","category-gremios-sindicatos","tag-aefip","tag-festejos","tag-gremios","tag-jubilados-impositivos","tag-mercedes","generate-columns","tablet-grid-50","mobile-grid-100","grid-parent","grid-50"],"jetpack_publicize_connections":[],"jetpack_featured_media_url":"https:\/\/www.hoymercedes.com.ar\/principal\/wp-content\/uploads\/2018\/09\/22-aefip-jubiados.jpg","wps_subtitle":"Almuerzo de compa\u00f1erismo","jetpack_sharing_enabled":true,"_links":{"self":[{"href":"https:\/\/www.hoymercedes.com.ar\/principal\/wp-json\/wp\/v2\/posts\/81421","targetHints":{"allow":["GET"]}}],"collection":[{"href":"https:\/\/www.hoymercedes.com.ar\/principal\/wp-json\/wp\/v2\/posts"}],"about":[{"href":"https:\/\/www.hoymercedes.com.ar\/principal\/wp-json\/wp\/v2\/types\/post"}],"author":[{"embeddable":true,"href":"https:\/\/www.hoymercedes.com.ar\/principal\/wp-json\/wp\/v2\/users\/1"}],"replies":[{"embeddable":true,"href":"https:\/\/www.hoymercedes.com.ar\/principal\/wp-json\/wp\/v2\/comments?post=81421"}],"version-history":[{"count":0,"href":"https:\/\/www.hoymercedes.com.ar\/principal\/wp-json\/wp\/v2\/posts\/81421\/revisions"}],"wp:featuredmedia":[{"embeddable":true,"href":"https:\/\/www.hoymercedes.com.ar\/principal\/wp-json\/wp\/v2\/media\/81422"}],"wp:attachment":[{"href":"https:\/\/www.hoymercedes.com.ar\/principal\/wp-json\/wp\/v2\/media?parent=81421"}],"wp:term":[{"taxonomy":"category","embeddable":true,"href":"https:\/\/www.hoymercedes.com.ar\/principal\/wp-json\/wp\/v2\/categories?post=81421"},{"taxonomy":"post_tag","embeddable":true,"href":"https:\/\/www.hoymercedes.com.ar\/principal\/wp-json\/wp\/v2\/tags?post=81421"}],"curies":[{"name":"wp","href":"https:\/\/api.w.org\/{rel}","templated":true}]}}