{"id":81424,"date":"2018-09-21T21:00:24","date_gmt":"2018-09-22T00:00:24","guid":{"rendered":"http:\/\/www.hoymercedes.com.ar\/principal\/?p=81424"},"modified":"2018-09-21T18:12:20","modified_gmt":"2018-09-21T21:12:20","slug":"anses-adelanta-los-pagos-previstos-para-el-25-de-septiembre","status":"publish","type":"post","link":"https:\/\/www.hoymercedes.com.ar\/principal\/2018\/09\/21\/anses-adelanta-los-pagos-previstos-para-el-25-de-septiembre\/","title":{"rendered":"ANSES adelanta los pagos previstos para el 25 de septiembre"},"content":{"rendered":"<p><em><strong>Los haberes de jubilados y pensionados, quienes deb\u00edan cobrar el martes de la semana pr\u00f3xima, estar\u00e1n depositados el lunes 24. \u00a0<\/strong><\/em><\/p>\n<p>En el marco del paro general anunciado para el pr\u00f3ximo martes 25 de septiembre, ANSES informa que, quienes ten\u00edan asignada esa fecha de cobro, tendr\u00e1n depositados sus haberes el\u00a0lunes 24, conjuntamente con los que cobran ese d\u00eda:<\/p>\n<p>\u2022 Jubilados y pensionados con haberes superiores a $9816, cuyos documentos terminan en 0 y 1.<\/p>\n<p>\u2022 Jubilados y pensionados con haberes superiores a $9816, cuyos documentos terminan en 2 y 3.<\/p>\n","protected":false},"excerpt":{"rendered":"<p>Los haberes de jubilados y pensionados, quienes deb\u00edan cobrar el martes de la semana pr\u00f3xima, estar\u00e1n depositados el lunes 24. &#8230; <a title=\"ANSES adelanta los pagos previstos para el 25 de septiembre\" class=\"read-more\" href=\"https:\/\/www.hoymercedes.com.ar\/principal\/2018\/09\/21\/anses-adelanta-los-pagos-previstos-para-el-25-de-septiembre\/\" aria-label=\"Leer m\u00e1s sobre ANSES adelanta los pagos previstos para el 25 de septiembre\">Leer m\u00e1s<\/a><\/p>\n","protected":false},"author":1,"featured_media":73507,"comment_status":"closed","ping_status":"open","sticky":false,"template":"","format":"standard","meta":{"_monsterinsights_skip_tracking":false,"_monsterinsights_sitenote_active":false,"_monsterinsights_sitenote_note":"","_monsterinsights_sitenote_category":0,"jetpack_post_was_ever_published":false,"_jetpack_newsletter_access":"","_jetpack_dont_email_post_to_subs":false,"_jetpack_newsletter_tier_id":0,"_jetpack_memberships_contains_paywalled_content":false,"_jetpack_memberships_contains_paid_content":false,"footnotes":"","jetpack_publicize_message":"","jetpack_publicize_feature_enabled":true,"jetpack_social_post_already_shared":true,"jetpack_social_options":{"image_generator_settings":{"template":"highway","default_image_id":0,"font":"","enabled":false},"version":2},"_wpas_customize_per_network":false},"categories":[8],"tags":[4,10,13767],"class_list":["post-81424","post","type-post","status-publish","format-standard","has-post-thumbnail","hentry","category-sociedad","tag-anses","tag-mercedes","tag-pago-de-haberes","generate-columns","tablet-grid-50","mobile-grid-100","grid-parent","grid-50"],"jetpack_publicize_connections":[],"jetpack_featured_media_url":"https:\/\/www.hoymercedes.com.ar\/principal\/wp-content\/uploads\/2018\/03\/15-anses-logo.jpg","wps_subtitle":"Ante el paro general anunciado","jetpack_sharing_enabled":true,"_links":{"self":[{"href":"https:\/\/www.hoymercedes.com.ar\/principal\/wp-json\/wp\/v2\/posts\/81424","targetHints":{"allow":["GET"]}}],"collection":[{"href":"https:\/\/www.hoymercedes.com.ar\/principal\/wp-json\/wp\/v2\/posts"}],"about":[{"href":"https:\/\/www.hoymercedes.com.ar\/principal\/wp-json\/wp\/v2\/types\/post"}],"author":[{"embeddable":true,"href":"https:\/\/www.hoymercedes.com.ar\/principal\/wp-json\/wp\/v2\/users\/1"}],"replies":[{"embeddable":true,"href":"https:\/\/www.hoymercedes.com.ar\/principal\/wp-json\/wp\/v2\/comments?post=81424"}],"version-history":[{"count":0,"href":"https:\/\/www.hoymercedes.com.ar\/principal\/wp-json\/wp\/v2\/posts\/81424\/revisions"}],"wp:featuredmedia":[{"embeddable":true,"href":"https:\/\/www.hoymercedes.com.ar\/principal\/wp-json\/wp\/v2\/media\/73507"}],"wp:attachment":[{"href":"https:\/\/www.hoymercedes.com.ar\/principal\/wp-json\/wp\/v2\/media?parent=81424"}],"wp:term":[{"taxonomy":"category","embeddable":true,"href":"https:\/\/www.hoymercedes.com.ar\/principal\/wp-json\/wp\/v2\/categories?post=81424"},{"taxonomy":"post_tag","embeddable":true,"href":"https:\/\/www.hoymercedes.com.ar\/principal\/wp-json\/wp\/v2\/tags?post=81424"}],"curies":[{"name":"wp","href":"https:\/\/api.w.org\/{rel}","templated":true}]}}