{"id":81426,"date":"2018-09-22T11:43:12","date_gmt":"2018-09-22T14:43:12","guid":{"rendered":"http:\/\/www.hoymercedes.com.ar\/principal\/?p=81426"},"modified":"2018-09-22T09:40:29","modified_gmt":"2018-09-22T12:40:29","slug":"restauran-camas-ortopedicas-en-la-carcel-para-centro-de-rehabilitacion-de-lisiados","status":"publish","type":"post","link":"https:\/\/www.hoymercedes.com.ar\/principal\/2018\/09\/22\/restauran-camas-ortopedicas-en-la-carcel-para-centro-de-rehabilitacion-de-lisiados\/","title":{"rendered":"Restauran camas ortop\u00e9dicas en la c\u00e1rcel para Centro de Rehabilitaci\u00f3n de lisiados"},"content":{"rendered":"<p>Los Internos de la Unidad Penitenciaria N\u00b0 5, dependiente del Servicio Penitenciario Bonaerense, repararon y entregaron cinco camas ortop\u00e9dicas al Centro de Rehabilitaci\u00f3n del Lisiado de Mercedes \u2014CERELMER\u2014, en el marco de las actividades solidarias que se impulsan desde el Ministerio de Justicia.<\/p>\n<figure id=\"attachment_81427\" aria-describedby=\"caption-attachment-81427\" style=\"width: 620px\" class=\"wp-caption aligncenter\"><img loading=\"lazy\" decoding=\"async\" data-attachment-id=\"81427\" data-permalink=\"https:\/\/www.hoymercedes.com.ar\/principal\/2018\/09\/22\/restauran-camas-ortopedicas-en-la-carcel-para-centro-de-rehabilitacion-de-lisiados\/22-carcel-cerelmer-1\/#main\" data-orig-file=\"https:\/\/www.hoymercedes.com.ar\/principal\/wp-content\/uploads\/2018\/09\/22-carcel-cerelmer-1.jpg\" data-orig-size=\"750,500\" data-comments-opened=\"0\" data-image-meta=\"{&quot;aperture&quot;:&quot;0&quot;,&quot;credit&quot;:&quot;&quot;,&quot;camera&quot;:&quot;&quot;,&quot;caption&quot;:&quot;&quot;,&quot;created_timestamp&quot;:&quot;0&quot;,&quot;copyright&quot;:&quot;&quot;,&quot;focal_length&quot;:&quot;0&quot;,&quot;iso&quot;:&quot;0&quot;,&quot;shutter_speed&quot;:&quot;0&quot;,&quot;title&quot;:&quot;&quot;,&quot;orientation&quot;:&quot;0&quot;}\" data-image-title=\"22 carcel cerelmer 1\" data-image-description=\"\" data-image-caption=\"&lt;p&gt;Las autoridades del CERELMER reciben las camas ortop\u00e9dicas arregladas por los internos&lt;\/p&gt;\n\" data-large-file=\"https:\/\/www.hoymercedes.com.ar\/principal\/wp-content\/uploads\/2018\/09\/22-carcel-cerelmer-1.jpg\" class=\"size-medium wp-image-81427\" src=\"https:\/\/www.hoymercedes.com.ar\/principal\/wp-content\/uploads\/2018\/09\/22-carcel-cerelmer-1-630x420.jpg\" alt=\"\" width=\"630\" height=\"420\" srcset=\"https:\/\/www.hoymercedes.com.ar\/principal\/wp-content\/uploads\/2018\/09\/22-carcel-cerelmer-1-630x420.jpg 630w, https:\/\/www.hoymercedes.com.ar\/principal\/wp-content\/uploads\/2018\/09\/22-carcel-cerelmer-1-150x100.jpg 150w, https:\/\/www.hoymercedes.com.ar\/principal\/wp-content\/uploads\/2018\/09\/22-carcel-cerelmer-1.jpg 750w\" sizes=\"auto, (max-width: 630px) 100vw, 630px\" \/><figcaption id=\"caption-attachment-81427\" class=\"wp-caption-text\">Las autoridades del CERELMER reciben las camas ortop\u00e9dicas arregladas por los internos<\/figcaption><\/figure>\n<p>Las camas que fueron restauradas luego de intensas tareas de herrer\u00eda, soldadura y pintura, en un emprendimiento que fue realizado a trav\u00e9s del Programa Mutua Ayuda Solidaria \u2014MAS\u2014 de la Direcci\u00f3n de Trabajo Penitenciario que busca fortalecer los v\u00ednculos con distintos sectores de la sociedad y dar a los internos un valor especial en su tarea solidaria, en este caso, sirvi\u00f3 para el bien de personas con dificultades.<\/p>\n<p>El titular de cartera de Justicia, Gustavo Ferrari, estuvo con los internos cuando estaban reparando las camas. Al respecto dijo que \u201cen la gesti\u00f3n de la gobernadora Mar\u00eda Eugenia Vidal nos propusimos ampliar y profundizar el tratamiento penitenciario, con eje en la formaci\u00f3n laboral, para que las c\u00e1rceles sean \u00e1mbitos de reeducaci\u00f3n y los internos puedan incorporar m\u00e1s herramientas, y mientras tanto, puedan brindar ayuda solidaria a la comunidad\u201d.<br \/>\nLa entrega fue realizada en un encuentro entre el Director de la Unidad 5, Ricardo M\u00e9ndez, el Presidente de CERELMER, Sergio Meniy y la secretaria, M\u00f3nica Tirone.<\/p>\n<p>Jos\u00e9, oriundo de Merlo, tiene 45 a\u00f1os y es uno de los internos que particip\u00f3 de la restauraci\u00f3n de las camas. \u00abSiento que hice algo que me gratifica, porque pude ayudar, estoy muy contento de poder colaborar\u00bb. El hombre no sab\u00eda nada sobre herrer\u00eda pero en la c\u00e1rcel aprendi\u00f3 luego de participar de cursos de formaci\u00f3n.<\/p>\n<p>Los representantes de la Asociaci\u00f3n Civil se mostraron agradecidos por la colaboraci\u00f3n del Servicio Penitenciario Bonaerense y muy satisfechos por el producto finalizado.<\/p>\n<p><img loading=\"lazy\" decoding=\"async\" data-attachment-id=\"81428\" data-permalink=\"https:\/\/www.hoymercedes.com.ar\/principal\/2018\/09\/22\/restauran-camas-ortopedicas-en-la-carcel-para-centro-de-rehabilitacion-de-lisiados\/22-carcel-cerelmer-2\/#main\" data-orig-file=\"https:\/\/www.hoymercedes.com.ar\/principal\/wp-content\/uploads\/2018\/09\/22-carcel-cerelmer-2.jpg\" data-orig-size=\"750,511\" data-comments-opened=\"0\" data-image-meta=\"{&quot;aperture&quot;:&quot;0&quot;,&quot;credit&quot;:&quot;&quot;,&quot;camera&quot;:&quot;&quot;,&quot;caption&quot;:&quot;&quot;,&quot;created_timestamp&quot;:&quot;0&quot;,&quot;copyright&quot;:&quot;&quot;,&quot;focal_length&quot;:&quot;0&quot;,&quot;iso&quot;:&quot;0&quot;,&quot;shutter_speed&quot;:&quot;0&quot;,&quot;title&quot;:&quot;&quot;,&quot;orientation&quot;:&quot;0&quot;}\" data-image-title=\"22 carcel cerelmer 2\" data-image-description=\"\" data-image-caption=\"\" data-large-file=\"https:\/\/www.hoymercedes.com.ar\/principal\/wp-content\/uploads\/2018\/09\/22-carcel-cerelmer-2.jpg\" class=\"aligncenter size-medium wp-image-81428\" src=\"https:\/\/www.hoymercedes.com.ar\/principal\/wp-content\/uploads\/2018\/09\/22-carcel-cerelmer-2-630x429.jpg\" alt=\"\" width=\"630\" height=\"429\" srcset=\"https:\/\/www.hoymercedes.com.ar\/principal\/wp-content\/uploads\/2018\/09\/22-carcel-cerelmer-2-630x429.jpg 630w, https:\/\/www.hoymercedes.com.ar\/principal\/wp-content\/uploads\/2018\/09\/22-carcel-cerelmer-2-150x102.jpg 150w, https:\/\/www.hoymercedes.com.ar\/principal\/wp-content\/uploads\/2018\/09\/22-carcel-cerelmer-2.jpg 750w\" sizes=\"auto, (max-width: 630px) 100vw, 630px\" \/><\/p>\n<p>Tirone se refiri\u00f3 a la reparaci\u00f3n realizada en la Unidad 5 y destac\u00f3 que \u201cestamos inmensamente agradecidos por la colaboraci\u00f3n hacia CERELMER, ya que sin la ayuda de la comunidad no podr\u00edamos seguir con la tarea que llevamos adelante. Es emocionante ver como los internos est\u00e1n ocupados y haciendo algo \u00fatil. Por todo ello, muchas gracias\u201d.<\/p>\n<p>CERELMER tiene 56 a\u00f1os de trayectoria en Mercedes ayudando y prestando servicios de rehabilitaci\u00f3n, terapias ocupacionales y alquiler de elementos ortop\u00e9dicos. Todo ello mantenido a trav\u00e9s de sus socios. Meniy explic\u00f3 que su objetivo fundacional fue \u201catender la gran cantidad de lisiados que hab\u00eda dejado la poliomielitis unos a\u00f1os antes y no ten\u00edan un lugar de atenci\u00f3n en la ciudad. Luego la instituci\u00f3n se actualiz\u00f3 para atender a toda la sociedad\u201d.<\/p>\n<p>Fuente: Prensa Unidad 5<\/p>\n","protected":false},"excerpt":{"rendered":"<p>Los Internos de la Unidad Penitenciaria N\u00b0 5, dependiente del Servicio Penitenciario Bonaerense, repararon y entregaron cinco camas ortop\u00e9dicas al &#8230; <a title=\"Restauran camas ortop\u00e9dicas en la c\u00e1rcel para Centro de Rehabilitaci\u00f3n de lisiados\" class=\"read-more\" href=\"https:\/\/www.hoymercedes.com.ar\/principal\/2018\/09\/22\/restauran-camas-ortopedicas-en-la-carcel-para-centro-de-rehabilitacion-de-lisiados\/\" aria-label=\"Leer m\u00e1s sobre Restauran camas ortop\u00e9dicas en la c\u00e1rcel para Centro de Rehabilitaci\u00f3n de lisiados\">Leer m\u00e1s<\/a><\/p>\n","protected":false},"author":1,"featured_media":81428,"comment_status":"closed","ping_status":"open","sticky":false,"template":"","format":"standard","meta":{"_monsterinsights_skip_tracking":false,"_monsterinsights_sitenote_active":false,"_monsterinsights_sitenote_note":"","_monsterinsights_sitenote_category":0,"jetpack_post_was_ever_published":false,"_jetpack_newsletter_access":"","_jetpack_dont_email_post_to_subs":false,"_jetpack_newsletter_tier_id":0,"_jetpack_memberships_contains_paywalled_content":false,"_jetpack_memberships_contains_paid_content":false,"footnotes":"","jetpack_publicize_message":"","jetpack_publicize_feature_enabled":true,"jetpack_social_post_already_shared":true,"jetpack_social_options":{"image_generator_settings":{"template":"highway","default_image_id":0,"font":"","enabled":false},"version":2},"_wpas_customize_per_network":false},"categories":[8881],"tags":[1011,2918,1803,134,113],"class_list":["post-81426","post","type-post","status-publish","format-standard","has-post-thumbnail","hentry","category-provincia","tag-carcel","tag-cerelmer","tag-provincia","tag-salud","tag-unidad-5","generate-columns","tablet-grid-50","mobile-grid-100","grid-parent","grid-50"],"jetpack_publicize_connections":[],"jetpack_featured_media_url":"https:\/\/www.hoymercedes.com.ar\/principal\/wp-content\/uploads\/2018\/09\/22-carcel-cerelmer-2.jpg","wps_subtitle":"Solidaridad en contexto de encierro","jetpack_sharing_enabled":true,"_links":{"self":[{"href":"https:\/\/www.hoymercedes.com.ar\/principal\/wp-json\/wp\/v2\/posts\/81426","targetHints":{"allow":["GET"]}}],"collection":[{"href":"https:\/\/www.hoymercedes.com.ar\/principal\/wp-json\/wp\/v2\/posts"}],"about":[{"href":"https:\/\/www.hoymercedes.com.ar\/principal\/wp-json\/wp\/v2\/types\/post"}],"author":[{"embeddable":true,"href":"https:\/\/www.hoymercedes.com.ar\/principal\/wp-json\/wp\/v2\/users\/1"}],"replies":[{"embeddable":true,"href":"https:\/\/www.hoymercedes.com.ar\/principal\/wp-json\/wp\/v2\/comments?post=81426"}],"version-history":[{"count":0,"href":"https:\/\/www.hoymercedes.com.ar\/principal\/wp-json\/wp\/v2\/posts\/81426\/revisions"}],"wp:featuredmedia":[{"embeddable":true,"href":"https:\/\/www.hoymercedes.com.ar\/principal\/wp-json\/wp\/v2\/media\/81428"}],"wp:attachment":[{"href":"https:\/\/www.hoymercedes.com.ar\/principal\/wp-json\/wp\/v2\/media?parent=81426"}],"wp:term":[{"taxonomy":"category","embeddable":true,"href":"https:\/\/www.hoymercedes.com.ar\/principal\/wp-json\/wp\/v2\/categories?post=81426"},{"taxonomy":"post_tag","embeddable":true,"href":"https:\/\/www.hoymercedes.com.ar\/principal\/wp-json\/wp\/v2\/tags?post=81426"}],"curies":[{"name":"wp","href":"https:\/\/api.w.org\/{rel}","templated":true}]}}