{"id":81436,"date":"2018-09-21T19:30:14","date_gmt":"2018-09-21T22:30:14","guid":{"rendered":"http:\/\/www.hoymercedes.com.ar\/principal\/?p=81436"},"modified":"2018-09-21T18:12:10","modified_gmt":"2018-09-21T21:12:10","slug":"proeba-brindara-apoyo-escolar-en-el-club-defensores","status":"publish","type":"post","link":"https:\/\/www.hoymercedes.com.ar\/principal\/2018\/09\/21\/proeba-brindara-apoyo-escolar-en-el-club-defensores\/","title":{"rendered":"ProEBA brindar\u00e1 apoyo escolar en el Club Defensores"},"content":{"rendered":"<p>D\u00edas atr\u00e1s se firm\u00f3 un convenio entre el Municipio a trav\u00e9s del Programa Educaci\u00f3n Barrial y Alfabetizaci\u00f3n (ProEBA) y el Club Defensores para dar asistencia educativa (apoyo escolar) en las instalaciones de la instituci\u00f3n a los chicos de los barrios de influencia en articulaci\u00f3n con las escuelas a las que asisten.<\/p>\n<p>El Intendente Municipal Juan Ignacio Ustarroz, junto a la coordinadora del ProEBA, Florencia Comalini y al\u00a0 coordinador de deportes, Pablo Massa, firm\u00f3 el convenio con al presidente de la instituci\u00f3n deportiva, Mauricio Gil acompa\u00f1ado de Karen Retegui.<\/p>\n<p>\u00abEl Club Defensores nos abri\u00f3 las puertas para poder llevar el ProEBA. Es importante que el club, lugar donde el ni\u00f1o pr\u00e1ctica un deporte, tiene amigos y pasa mucho tiempo, tenga actividades de apoyo escolar\u00bb, marc\u00f3 el Jefe Comunal<\/p>\n<p>\u00abEs un orgullo ser los primeros en dar este paso tan importante. Seguimos trabajando para que el club crezca, se desarrolle y est\u00e9 siempre cerca de las familias que son nuestra comunidad\u201d, destacaron.<\/p>\n<p>Por su parte, Florencia Comalini, expres\u00f3 que son altas las expectativas.\u00a0\u00abLa idea es ayudarlos en todo lo que necesiten. Nosotros no s\u00f3lo realizamos un apoyo, sino tambi\u00e9n, un acompa\u00f1amiento escolar. Tambi\u00e9n estamos para la alfabetizaci\u00f3n de los adultos, damos la merienda, entregamos \u00fatiles escolares, es todo un complemento que hace de nuestra presencia una ayuda integral en el lugar que nos toca estar\u201d,\u00a0agreg\u00f3 y resalt\u00f3 la coordinaci\u00f3n que vincula el \u00e1rea de Desarrollo Social con la de Educaci\u00f3n.<\/p>\n<p>&nbsp;<\/p>\n<p>Fuente: Prensa Municipal<\/p>\n","protected":false},"excerpt":{"rendered":"<p>D\u00edas atr\u00e1s se firm\u00f3 un convenio entre el Municipio a trav\u00e9s del Programa Educaci\u00f3n Barrial y Alfabetizaci\u00f3n (ProEBA) y el &#8230; <a title=\"ProEBA brindar\u00e1 apoyo escolar en el Club Defensores\" class=\"read-more\" href=\"https:\/\/www.hoymercedes.com.ar\/principal\/2018\/09\/21\/proeba-brindara-apoyo-escolar-en-el-club-defensores\/\" aria-label=\"Leer m\u00e1s sobre ProEBA brindar\u00e1 apoyo escolar en el Club Defensores\">Leer m\u00e1s<\/a><\/p>\n","protected":false},"author":1,"featured_media":81437,"comment_status":"closed","ping_status":"open","sticky":false,"template":"","format":"standard","meta":{"_monsterinsights_skip_tracking":false,"_monsterinsights_sitenote_active":false,"_monsterinsights_sitenote_note":"","_monsterinsights_sitenote_category":0,"jetpack_post_was_ever_published":false,"_jetpack_newsletter_access":"","_jetpack_dont_email_post_to_subs":false,"_jetpack_newsletter_tier_id":0,"_jetpack_memberships_contains_paywalled_content":false,"_jetpack_memberships_contains_paid_content":false,"footnotes":"","jetpack_publicize_message":"","jetpack_publicize_feature_enabled":true,"jetpack_social_post_already_shared":true,"jetpack_social_options":{"image_generator_settings":{"template":"highway","default_image_id":0,"font":"","enabled":false},"version":2},"_wpas_customize_per_network":false},"categories":[23],"tags":[600,7333,47,244,9195],"class_list":["post-81436","post","type-post","status-publish","format-standard","has-post-thumbnail","hentry","category-educacion","tag-barrios","tag-club-defensores","tag-educacion-2","tag-municipio-2","tag-proeba","generate-columns","tablet-grid-50","mobile-grid-100","grid-parent","grid-50"],"jetpack_publicize_connections":[],"jetpack_featured_media_url":"https:\/\/www.hoymercedes.com.ar\/principal\/wp-content\/uploads\/2018\/09\/21-proeba-defensores.jpg","wps_subtitle":"","jetpack_sharing_enabled":true,"_links":{"self":[{"href":"https:\/\/www.hoymercedes.com.ar\/principal\/wp-json\/wp\/v2\/posts\/81436","targetHints":{"allow":["GET"]}}],"collection":[{"href":"https:\/\/www.hoymercedes.com.ar\/principal\/wp-json\/wp\/v2\/posts"}],"about":[{"href":"https:\/\/www.hoymercedes.com.ar\/principal\/wp-json\/wp\/v2\/types\/post"}],"author":[{"embeddable":true,"href":"https:\/\/www.hoymercedes.com.ar\/principal\/wp-json\/wp\/v2\/users\/1"}],"replies":[{"embeddable":true,"href":"https:\/\/www.hoymercedes.com.ar\/principal\/wp-json\/wp\/v2\/comments?post=81436"}],"version-history":[{"count":0,"href":"https:\/\/www.hoymercedes.com.ar\/principal\/wp-json\/wp\/v2\/posts\/81436\/revisions"}],"wp:featuredmedia":[{"embeddable":true,"href":"https:\/\/www.hoymercedes.com.ar\/principal\/wp-json\/wp\/v2\/media\/81437"}],"wp:attachment":[{"href":"https:\/\/www.hoymercedes.com.ar\/principal\/wp-json\/wp\/v2\/media?parent=81436"}],"wp:term":[{"taxonomy":"category","embeddable":true,"href":"https:\/\/www.hoymercedes.com.ar\/principal\/wp-json\/wp\/v2\/categories?post=81436"},{"taxonomy":"post_tag","embeddable":true,"href":"https:\/\/www.hoymercedes.com.ar\/principal\/wp-json\/wp\/v2\/tags?post=81436"}],"curies":[{"name":"wp","href":"https:\/\/api.w.org\/{rel}","templated":true}]}}