{"id":81453,"date":"2018-09-22T09:20:21","date_gmt":"2018-09-22T12:20:21","guid":{"rendered":"http:\/\/www.hoymercedes.com.ar\/principal\/?p=81453"},"modified":"2018-09-22T13:18:23","modified_gmt":"2018-09-22T16:18:23","slug":"arranco-la-44-fiesta-nacional-del-salame-quintero-que-seguira-sabado-22-y-domingo-23","status":"publish","type":"post","link":"https:\/\/www.hoymercedes.com.ar\/principal\/2018\/09\/22\/arranco-la-44-fiesta-nacional-del-salame-quintero-que-seguira-sabado-22-y-domingo-23\/","title":{"rendered":"Arranc\u00f3 la 44\u00b0 Fiesta Nacional del Salame Quintero que seguir\u00e1 s\u00e1bado 22 y domingo 23"},"content":{"rendered":"<p>En la noche del viernes se inici\u00f3 formalmente la 44\u00b0 Fiesta Nacional del Salame Quintero. El el acto inaugural reconocieron a la Familia Sirello, productores de salame quintero de la localidad de Altamira. La noche cerr\u00f3 con m\u00fasica tropical. Este s\u00e1bado y domingo se espera mayor cantidad de p\u00fablico a disfrutar de los chacinados mercedinos.<\/p>\n<p><img loading=\"lazy\" decoding=\"async\" data-attachment-id=\"81454\" data-permalink=\"https:\/\/www.hoymercedes.com.ar\/principal\/2018\/09\/22\/arranco-la-44-fiesta-nacional-del-salame-quintero-que-seguira-sabado-22-y-domingo-23\/22-muni-salame-1\/#main\" data-orig-file=\"https:\/\/www.hoymercedes.com.ar\/principal\/wp-content\/uploads\/2018\/09\/22-muni-salame-1.jpg\" data-orig-size=\"750,500\" data-comments-opened=\"0\" data-image-meta=\"{&quot;aperture&quot;:&quot;0&quot;,&quot;credit&quot;:&quot;SEBASTIANAMBROSSIO&quot;,&quot;camera&quot;:&quot;&quot;,&quot;caption&quot;:&quot;&quot;,&quot;created_timestamp&quot;:&quot;0&quot;,&quot;copyright&quot;:&quot;SebastianAmbrossio&quot;,&quot;focal_length&quot;:&quot;0&quot;,&quot;iso&quot;:&quot;0&quot;,&quot;shutter_speed&quot;:&quot;0&quot;,&quot;title&quot;:&quot;&quot;,&quot;orientation&quot;:&quot;0&quot;}\" data-image-title=\"22 muni salame 1\" data-image-description=\"\" data-image-caption=\"\" data-large-file=\"https:\/\/www.hoymercedes.com.ar\/principal\/wp-content\/uploads\/2018\/09\/22-muni-salame-1.jpg\" class=\"aligncenter size-medium wp-image-81454\" src=\"https:\/\/www.hoymercedes.com.ar\/principal\/wp-content\/uploads\/2018\/09\/22-muni-salame-1-630x420.jpg\" alt=\"\" width=\"630\" height=\"420\" srcset=\"https:\/\/www.hoymercedes.com.ar\/principal\/wp-content\/uploads\/2018\/09\/22-muni-salame-1-630x420.jpg 630w, https:\/\/www.hoymercedes.com.ar\/principal\/wp-content\/uploads\/2018\/09\/22-muni-salame-1-150x100.jpg 150w, https:\/\/www.hoymercedes.com.ar\/principal\/wp-content\/uploads\/2018\/09\/22-muni-salame-1.jpg 750w\" sizes=\"auto, (max-width: 630px) 100vw, 630px\" \/><\/p>\n<p>Pasadas las siete de la tarde del viernes se llev\u00f3 adelante el acto inaugural de la Fiesta y el corte de cinta, en la carpa de ingreso donde los productores venden sus productos a los visitantes. Por el micr\u00f3fono habl\u00f3 primero el Director de Producci\u00f3n Ing Agr. Marcelo Den\u00e1pole agradeciendo a los presentes y a los productores.<\/p>\n<p>luego se realiz\u00f3 la bendici\u00f3n cat\u00f3lica y evang\u00e9lica. Desde la Arquidi\u00f3cesis Mercedes Luj\u00e1n Guillermo Dur\u00e1n efectu\u00f3 la bendici\u00f3n habitual seguido por el pastor El\u00edseo Mosqueda, de la Asociaci\u00f3n de Iglesias Evang\u00e9licas quien tambi\u00e9n expres\u00f3 palabras alusivas y buenos augurios.<\/p>\n<p>Al momento de los reconocimientos, los organizadores recordaron a Oscar \u00abTal\u00edn\u00bb Dufourquet uno de los primeros animadores y organizadores de la fiesta all\u00e1 por los a\u00f1os &#8217;75. Fernando Luna, representando a su familia agradeci\u00f3 el homenaje.<\/p>\n<figure id=\"attachment_81455\" aria-describedby=\"caption-attachment-81455\" style=\"width: 620px\" class=\"wp-caption aligncenter\"><img loading=\"lazy\" decoding=\"async\" data-attachment-id=\"81455\" data-permalink=\"https:\/\/www.hoymercedes.com.ar\/principal\/2018\/09\/22\/arranco-la-44-fiesta-nacional-del-salame-quintero-que-seguira-sabado-22-y-domingo-23\/22-muni-salame-2\/#main\" data-orig-file=\"https:\/\/www.hoymercedes.com.ar\/principal\/wp-content\/uploads\/2018\/09\/22-muni-salame-2.jpg\" data-orig-size=\"750,501\" data-comments-opened=\"0\" data-image-meta=\"{&quot;aperture&quot;:&quot;0&quot;,&quot;credit&quot;:&quot;SEBASTIANAMBROSSIO&quot;,&quot;camera&quot;:&quot;&quot;,&quot;caption&quot;:&quot;&quot;,&quot;created_timestamp&quot;:&quot;0&quot;,&quot;copyright&quot;:&quot;SebastianAmbrossio&quot;,&quot;focal_length&quot;:&quot;0&quot;,&quot;iso&quot;:&quot;0&quot;,&quot;shutter_speed&quot;:&quot;0&quot;,&quot;title&quot;:&quot;&quot;,&quot;orientation&quot;:&quot;0&quot;}\" data-image-title=\"22 muni salame 2\" data-image-description=\"\" data-image-caption=\"&lt;p&gt;Mabel Sandoval de Sirello es la nueva embajadora de la fiesta. &lt;\/p&gt;\n\" data-large-file=\"https:\/\/www.hoymercedes.com.ar\/principal\/wp-content\/uploads\/2018\/09\/22-muni-salame-2.jpg\" class=\"size-medium wp-image-81455\" src=\"https:\/\/www.hoymercedes.com.ar\/principal\/wp-content\/uploads\/2018\/09\/22-muni-salame-2-630x421.jpg\" alt=\"\" width=\"630\" height=\"421\" srcset=\"https:\/\/www.hoymercedes.com.ar\/principal\/wp-content\/uploads\/2018\/09\/22-muni-salame-2-630x421.jpg 630w, https:\/\/www.hoymercedes.com.ar\/principal\/wp-content\/uploads\/2018\/09\/22-muni-salame-2-150x100.jpg 150w, https:\/\/www.hoymercedes.com.ar\/principal\/wp-content\/uploads\/2018\/09\/22-muni-salame-2.jpg 750w\" sizes=\"auto, (max-width: 630px) 100vw, 630px\" \/><figcaption id=\"caption-attachment-81455\" class=\"wp-caption-text\">Mabel Sandoval de Sirello es la nueva embajadora de la fiesta.<\/figcaption><\/figure>\n<p>Quienes tambi\u00e9n fueron reconocidos fueron Ruben Sirello y su se\u00f1ora Mar\u00eda Mabel Sandoval de Sirello. Ambos pertenecen a familias de productores de salame quintero y ellos mismos continuaron con el legado que siguen sus hijos y sobrinos. Mar\u00eda Mabel fue nombrada embajadora de la fiesta y por este a\u00f1o ser\u00e1 la difusora de la fiesta y representar\u00e1 la ciudad tal como lo hizo Juan Carlos Berro que dirigi\u00f3 unas palabras ante los presentes.<\/p>\n<p>Previo al corte de cinta, el Jefe Comunal Juan Ignacio Ustarroz dirigi\u00f3 unas palabras destacando el esfuerzo y trabajo de toda la organizaci\u00f3n para que la fiesta se lleve adelante tras la suspensi\u00f3n de la semana pasada.<\/p>\n<p>Inaugurada formalmente, la fiesta comenz\u00f3 su parte musical en el escenario principal con el Ballet Estrella del Sur, Santa Milonguita y La Clave con la actuaci\u00f3n de la orquesta Ciudad de Mercedes en el inicio de la jornada. Luego s\u00ed, el momento de la m\u00fasica tropical ser\u00eda el centro con la actuaci\u00f3n de El Pepo y la S\u00faper banda.<\/p>\n<p><img loading=\"lazy\" decoding=\"async\" data-attachment-id=\"81456\" data-permalink=\"https:\/\/www.hoymercedes.com.ar\/principal\/2018\/09\/22\/arranco-la-44-fiesta-nacional-del-salame-quintero-que-seguira-sabado-22-y-domingo-23\/22-muni-salame-3\/#main\" data-orig-file=\"https:\/\/www.hoymercedes.com.ar\/principal\/wp-content\/uploads\/2018\/09\/22-muni-salame-3.jpg\" data-orig-size=\"750,499\" data-comments-opened=\"0\" data-image-meta=\"{&quot;aperture&quot;:&quot;0&quot;,&quot;credit&quot;:&quot;&quot;,&quot;camera&quot;:&quot;&quot;,&quot;caption&quot;:&quot;????????????????????????????????????&quot;,&quot;created_timestamp&quot;:&quot;0&quot;,&quot;copyright&quot;:&quot;&quot;,&quot;focal_length&quot;:&quot;0&quot;,&quot;iso&quot;:&quot;0&quot;,&quot;shutter_speed&quot;:&quot;0&quot;,&quot;title&quot;:&quot;&quot;,&quot;orientation&quot;:&quot;0&quot;}\" data-image-title=\"22 muni salame 3\" data-image-description=\"\" data-image-caption=\"\" data-large-file=\"https:\/\/www.hoymercedes.com.ar\/principal\/wp-content\/uploads\/2018\/09\/22-muni-salame-3.jpg\" class=\"aligncenter size-medium wp-image-81456\" src=\"https:\/\/www.hoymercedes.com.ar\/principal\/wp-content\/uploads\/2018\/09\/22-muni-salame-3-630x419.jpg\" alt=\"\" width=\"630\" height=\"419\" srcset=\"https:\/\/www.hoymercedes.com.ar\/principal\/wp-content\/uploads\/2018\/09\/22-muni-salame-3-630x419.jpg 630w, https:\/\/www.hoymercedes.com.ar\/principal\/wp-content\/uploads\/2018\/09\/22-muni-salame-3-150x100.jpg 150w, https:\/\/www.hoymercedes.com.ar\/principal\/wp-content\/uploads\/2018\/09\/22-muni-salame-3.jpg 750w\" sizes=\"auto, (max-width: 630px) 100vw, 630px\" \/><\/p>\n","protected":false},"excerpt":{"rendered":"<p>En la noche del viernes se inici\u00f3 formalmente la 44\u00b0 Fiesta Nacional del Salame Quintero. El el acto inaugural reconocieron &#8230; <a title=\"Arranc\u00f3 la 44\u00b0 Fiesta Nacional del Salame Quintero que seguir\u00e1 s\u00e1bado 22 y domingo 23\" class=\"read-more\" href=\"https:\/\/www.hoymercedes.com.ar\/principal\/2018\/09\/22\/arranco-la-44-fiesta-nacional-del-salame-quintero-que-seguira-sabado-22-y-domingo-23\/\" aria-label=\"Leer m\u00e1s sobre Arranc\u00f3 la 44\u00b0 Fiesta Nacional del Salame Quintero que seguir\u00e1 s\u00e1bado 22 y domingo 23\">Leer m\u00e1s<\/a><\/p>\n","protected":false},"author":1,"featured_media":81454,"comment_status":"closed","ping_status":"open","sticky":false,"template":"","format":"standard","meta":{"_monsterinsights_skip_tracking":false,"_monsterinsights_sitenote_active":false,"_monsterinsights_sitenote_note":"","_monsterinsights_sitenote_category":0,"jetpack_post_was_ever_published":false,"_jetpack_newsletter_access":"","_jetpack_dont_email_post_to_subs":false,"_jetpack_newsletter_tier_id":0,"_jetpack_memberships_contains_paywalled_content":false,"_jetpack_memberships_contains_paid_content":false,"footnotes":"","jetpack_publicize_message":"","jetpack_publicize_feature_enabled":true,"jetpack_social_post_already_shared":true,"jetpack_social_options":{"image_generator_settings":{"template":"highway","default_image_id":0,"font":"","enabled":false},"version":2},"_wpas_customize_per_network":false},"categories":[30],"tags":[2692,9248,244],"class_list":["post-81453","post","type-post","status-publish","format-standard","has-post-thumbnail","hentry","category-municipio","tag-fiesta-del-salame-quintero","tag-inauguracion","tag-municipio-2","generate-columns","tablet-grid-50","mobile-grid-100","grid-parent","grid-50"],"jetpack_publicize_connections":[],"jetpack_featured_media_url":"https:\/\/www.hoymercedes.com.ar\/principal\/wp-content\/uploads\/2018\/09\/22-muni-salame-1.jpg","wps_subtitle":"En el Mart\u00edn Rodr\u00edguez","jetpack_sharing_enabled":true,"_links":{"self":[{"href":"https:\/\/www.hoymercedes.com.ar\/principal\/wp-json\/wp\/v2\/posts\/81453","targetHints":{"allow":["GET"]}}],"collection":[{"href":"https:\/\/www.hoymercedes.com.ar\/principal\/wp-json\/wp\/v2\/posts"}],"about":[{"href":"https:\/\/www.hoymercedes.com.ar\/principal\/wp-json\/wp\/v2\/types\/post"}],"author":[{"embeddable":true,"href":"https:\/\/www.hoymercedes.com.ar\/principal\/wp-json\/wp\/v2\/users\/1"}],"replies":[{"embeddable":true,"href":"https:\/\/www.hoymercedes.com.ar\/principal\/wp-json\/wp\/v2\/comments?post=81453"}],"version-history":[{"count":0,"href":"https:\/\/www.hoymercedes.com.ar\/principal\/wp-json\/wp\/v2\/posts\/81453\/revisions"}],"wp:featuredmedia":[{"embeddable":true,"href":"https:\/\/www.hoymercedes.com.ar\/principal\/wp-json\/wp\/v2\/media\/81454"}],"wp:attachment":[{"href":"https:\/\/www.hoymercedes.com.ar\/principal\/wp-json\/wp\/v2\/media?parent=81453"}],"wp:term":[{"taxonomy":"category","embeddable":true,"href":"https:\/\/www.hoymercedes.com.ar\/principal\/wp-json\/wp\/v2\/categories?post=81453"},{"taxonomy":"post_tag","embeddable":true,"href":"https:\/\/www.hoymercedes.com.ar\/principal\/wp-json\/wp\/v2\/tags?post=81453"}],"curies":[{"name":"wp","href":"https:\/\/api.w.org\/{rel}","templated":true}]}}