{"id":81508,"date":"2018-09-24T08:53:13","date_gmt":"2018-09-24T11:53:13","guid":{"rendered":"http:\/\/www.hoymercedes.com.ar\/principal\/?p=81508"},"modified":"2018-09-23T21:25:55","modified_gmt":"2018-09-24T00:25:55","slug":"lalcec-y-el-hospital-en-campana-de-prevencion-contra-el-cancer-de-colon","status":"publish","type":"post","link":"https:\/\/www.hoymercedes.com.ar\/principal\/2018\/09\/24\/lalcec-y-el-hospital-en-campana-de-prevencion-contra-el-cancer-de-colon\/","title":{"rendered":"LALCEC y el Hospital en campa\u00f1a de prevenci\u00f3n contra el c\u00e1ncer de colon"},"content":{"rendered":"<p>Esta semana se inicia la inscripci\u00f3n para la campa\u00f1a de prevenci\u00f3n contra el c\u00e1ncer de colon. Los interesados deber\u00e1n contactarse con LALCEC para realizarse los estudios en el Hospital Blas L. Dubarry con la especialista en gastroenterolog\u00eda Guadalupe Dova. Ser\u00e1 la m\u00e9dica la responsable de hacer la Videocolonocop\u00edas en consulta con el Dr. Guido Antonelli, mientras que los an\u00e1lisis de bioqu\u00edmicos ser\u00e1n realizados por el Dr. Juan Carlos Cabachieff.<\/p>\n<p>La campa\u00f1a contra el c\u00e1ncer de colon est\u00e1 destinada a personas de ambos sexos de entre 45\u00a0y 70 a\u00f1os. Si la persona tiene antecedentes familiares es recomendable realiz\u00e1rselo a partir de los 40 a\u00f1os.<\/p>\n<p>A todos los pacientes se les realizar\u00e1, tengan o no obra social, el test de sangre oculta en materia fecal. El resultado de dicho test determinar\u00e1 los pasos a seguir. Es por eso que LALCEC aclara que las personas que posean obra social continuar\u00e1n su atenci\u00f3n por la prestadora que tengan, mientras que las personas que no tengan obra social, su atenci\u00f3n ser\u00e1 en conjunto con el Hospital Blas L. Dubarry y\u00a0\u00a0LALCEC Mercedes.<\/p>\n<p>Para mayor informaci\u00f3n y\/o inscripci\u00f3n ser\u00e1 necesario comunicarse de lunes a viernes de 15.30 a 17.30 horas en la sede de LALCEC Mercedes, sita\u00a0en calle 39 N\u00b0 419, o comunicarse al tel\u00e9fono: 431360.<\/p>\n","protected":false},"excerpt":{"rendered":"<p>Esta semana se inicia la inscripci\u00f3n para la campa\u00f1a de prevenci\u00f3n contra el c\u00e1ncer de colon. Los interesados deber\u00e1n contactarse &#8230; <a title=\"LALCEC y el Hospital en campa\u00f1a de prevenci\u00f3n contra el c\u00e1ncer de colon\" class=\"read-more\" href=\"https:\/\/www.hoymercedes.com.ar\/principal\/2018\/09\/24\/lalcec-y-el-hospital-en-campana-de-prevencion-contra-el-cancer-de-colon\/\" aria-label=\"Leer m\u00e1s sobre LALCEC y el Hospital en campa\u00f1a de prevenci\u00f3n contra el c\u00e1ncer de colon\">Leer m\u00e1s<\/a><\/p>\n","protected":false},"author":1,"featured_media":61521,"comment_status":"closed","ping_status":"open","sticky":false,"template":"","format":"standard","meta":{"_monsterinsights_skip_tracking":false,"_monsterinsights_sitenote_active":false,"_monsterinsights_sitenote_note":"","_monsterinsights_sitenote_category":0,"jetpack_post_was_ever_published":false,"_jetpack_newsletter_access":"","_jetpack_dont_email_post_to_subs":false,"_jetpack_newsletter_tier_id":0,"_jetpack_memberships_contains_paywalled_content":false,"_jetpack_memberships_contains_paid_content":false,"footnotes":"","jetpack_publicize_message":"","jetpack_publicize_feature_enabled":true,"jetpack_social_post_already_shared":true,"jetpack_social_options":{"image_generator_settings":{"template":"highway","default_image_id":0,"font":"","enabled":false},"version":2},"_wpas_customize_per_network":false},"categories":[9791],"tags":[624,66,13776,134],"class_list":["post-81508","post","type-post","status-publish","format-standard","has-post-thumbnail","hentry","category-salud","tag-hospital-blas-l-dubarry","tag-lalcec-mercedes","tag-prevencion-de-cancer","tag-salud","generate-columns","tablet-grid-50","mobile-grid-100","grid-parent","grid-50"],"jetpack_publicize_connections":[],"jetpack_featured_media_url":"https:\/\/www.hoymercedes.com.ar\/principal\/wp-content\/uploads\/2017\/04\/09-LOGO-LALCEC.jpg","wps_subtitle":"Prevenci\u00f3n en salud","jetpack_sharing_enabled":true,"_links":{"self":[{"href":"https:\/\/www.hoymercedes.com.ar\/principal\/wp-json\/wp\/v2\/posts\/81508","targetHints":{"allow":["GET"]}}],"collection":[{"href":"https:\/\/www.hoymercedes.com.ar\/principal\/wp-json\/wp\/v2\/posts"}],"about":[{"href":"https:\/\/www.hoymercedes.com.ar\/principal\/wp-json\/wp\/v2\/types\/post"}],"author":[{"embeddable":true,"href":"https:\/\/www.hoymercedes.com.ar\/principal\/wp-json\/wp\/v2\/users\/1"}],"replies":[{"embeddable":true,"href":"https:\/\/www.hoymercedes.com.ar\/principal\/wp-json\/wp\/v2\/comments?post=81508"}],"version-history":[{"count":0,"href":"https:\/\/www.hoymercedes.com.ar\/principal\/wp-json\/wp\/v2\/posts\/81508\/revisions"}],"wp:featuredmedia":[{"embeddable":true,"href":"https:\/\/www.hoymercedes.com.ar\/principal\/wp-json\/wp\/v2\/media\/61521"}],"wp:attachment":[{"href":"https:\/\/www.hoymercedes.com.ar\/principal\/wp-json\/wp\/v2\/media?parent=81508"}],"wp:term":[{"taxonomy":"category","embeddable":true,"href":"https:\/\/www.hoymercedes.com.ar\/principal\/wp-json\/wp\/v2\/categories?post=81508"},{"taxonomy":"post_tag","embeddable":true,"href":"https:\/\/www.hoymercedes.com.ar\/principal\/wp-json\/wp\/v2\/tags?post=81508"}],"curies":[{"name":"wp","href":"https:\/\/api.w.org\/{rel}","templated":true}]}}