{"id":8157,"date":"2011-10-11T02:29:51","date_gmt":"2011-10-11T02:29:51","guid":{"rendered":"http:\/\/www.hoymercedes.com.ar\/principal\/?p=8157"},"modified":"2011-10-11T02:45:19","modified_gmt":"2011-10-11T02:45:19","slug":"juan-de-dios-frencesetti-en-el-congreso-nacional-de-periodistas-deportivos-en-trelwe-trelew-2011","status":"publish","type":"post","link":"https:\/\/www.hoymercedes.com.ar\/principal\/2011\/10\/11\/juan-de-dios-frencesetti-en-el-congreso-nacional-de-periodistas-deportivos-en-trelwe-trelew-2011\/","title":{"rendered":"Juan de Dios Frencesetti en el Congreso Nacional de periodistas deportivos en Trelew"},"content":{"rendered":"<p><a href=\"https:\/\/www.hoymercedes.com.ar\/principal\/wp-content\/uploads\/2011\/10\/Francesetti.jpg\"><img loading=\"lazy\" decoding=\"async\" data-attachment-id=\"8159\" data-permalink=\"https:\/\/www.hoymercedes.com.ar\/principal\/2011\/10\/11\/juan-de-dios-frencesetti-en-el-congreso-nacional-de-periodistas-deportivos-en-trelwe-trelew-2011\/francesetti\/#main\" data-orig-file=\"https:\/\/www.hoymercedes.com.ar\/principal\/wp-content\/uploads\/2011\/10\/Francesetti.jpg\" data-orig-size=\"612,459\" data-comments-opened=\"1\" data-image-meta=\"{&quot;aperture&quot;:&quot;2.9&quot;,&quot;credit&quot;:&quot;&quot;,&quot;camera&quot;:&quot;KODAK EASYSHARE C160 DIGITAL CAMERA&quot;,&quot;caption&quot;:&quot;&quot;,&quot;created_timestamp&quot;:&quot;1317862628&quot;,&quot;copyright&quot;:&quot;&quot;,&quot;focal_length&quot;:&quot;5.7&quot;,&quot;iso&quot;:&quot;400&quot;,&quot;shutter_speed&quot;:&quot;0.016667&quot;,&quot;title&quot;:&quot;&quot;}\" data-image-title=\"Francesetti\" data-image-description=\"\" data-image-caption=\"\" data-large-file=\"https:\/\/www.hoymercedes.com.ar\/principal\/wp-content\/uploads\/2011\/10\/Francesetti.jpg\" class=\"aligncenter size-full wp-image-8159\" title=\"Francesetti\" src=\"https:\/\/www.hoymercedes.com.ar\/principal\/wp-content\/uploads\/2011\/10\/Francesetti.jpg\" alt=\"\" width=\"612\" height=\"459\" \/><\/a><\/p>\n<p>Se realiz\u00f3 entre los d\u00edas 4 , 5 y 6 de octubre el 43\u00b0 Congreso Nacio- nal de Periodistas Deportivos de la FAPED , en la ciudad de Trelew Provincia de Chubut , el mismo cont\u00f3 con la presencia de los c\u00edrculos de : Catamarca , Comodoro Rivadavia , Jujuy , Chubut , Mercedes , Necochea , Pergamino , San Juan , San Nicol\u00e1s , Santiago del Estero ,<\/p>\n<p>Venado Tuerto , Zarate , Tucum\u00e1n , La Rioja y San Pedro .<\/p>\n<p>El acto de apertura se desarroll\u00f3 en el sal\u00f3n del Concejo Deliberante de Trelew , con la presencia del Intendente Municipal Dr. Gustavo Cesar Mc. Carty , Ren\u00e9 Paz Presidente de FAPED y el Presidente de Chubut Deportes Sr. Walter \u00d1onquepan .<\/p>\n<p>Tras tres jornadas intensa de trabajo llevada a cabo por los delegados de los c\u00edrculos asistentes en la comisi\u00f3n de varios , entre los puntos aprobados , se designa como sede del pr\u00f3ximo Congreso Nacional de Periodismo Deportivo a la ciudad de Mercedes a llevarse a cabo en el 2012 , postul\u00e1ndose como suplente Comodoro Rivadavia con intensi\u00f3n de organizar el Congreso Nacional 2013 .<\/p>\n<p>En el acto de cierre se procedi\u00f3 al traspaso de la bandera de ceremonia desde el C\u00edrculo de Periodistas Deportivos de Chubut por intermedio de su presidente se\u00f1or Hugo Edgar G\u00f3mez al C\u00edrculo de Mercedes , recibi\u00e9ndola el presidente y delegado Juan de Dios Francesetti .<\/p>\n<p><strong>DECLARACION DE TRELEW 2011<\/strong><\/p>\n<p>Los representantes de la FAPED reunidos en Congreso Nacional n\u00famero 43\u00b0 establecemos y dictaminamos : que el periodismo deportivo como profesi\u00f3n y revalorizamos el rol de difusi\u00f3n socio cultural que este conlleva , de manera intr\u00ednseca la reivindicaci\u00f3n del ejercicio cotidiano del magisterio period\u00edstico , la capacitaci\u00f3n constante , la lucha por la verdad y el compromiso con la sociedad , verdadero leit motiv de nuestra tarea , son en definitiva los par\u00e1metros con los que debemos contar<\/p>\n<p>Nuestra tarea de narradores de un espacio inescindible del proceso cultural que cada pueblo , cada naci\u00f3n y cada ser humano llevan adelante , nos compromete a\u00fan m\u00e1s en tanto interpretes especializados de la misma Los males de nuestra profesi\u00f3n ser\u00e1n remediados en tanto el compromiso cotidiano y el crecimiento profesional que podamos construir, tanto individual como colectivamente . Estos males fueron descriptos en documentos anteriores .<\/p>\n<p>Este congreso continua alertando sobre las asignaturas pendientes : una de ellas la VIOLENCIA verdadero flagelo de nuestros tiempos . La misma ser\u00e1 erradicada de nuestras canchas y escenarios deportivos cuando las autoridades desde los distintos \u00e1mbitos , tomen cartas en este delicado asunto . Violencia que se expresa desde diversos sectores involucrados con el deporte , y de la que algunos , son colaboradores o directamente participes y protagonistas . Desde los medios no debemos permitir este atropello , bregando siempre por el fair play y la correcci\u00f3n de los deportistas , en cuanto protagonistas del espect\u00e1culo .<\/p>\n<p>Paralelamente destacamos los esfuerzos en materia de pol\u00edticas de estado respecto de deportes , la construcci\u00f3n masiva de playones polideportivos , la inclusi\u00f3n de deportes en el plan ol\u00edmpico , la mejora y crecimiento de la mujer en las distintas disciplinas , son se\u00f1ales claras de un crecimiento . Es hora de sentar las bases del desarrollo deportivo integral de la Argentina , con el estado nacional como articulador de las pol\u00edticas p\u00fablicas y como aportante de recursos . Por \u00faltimo instar al sector privado a comprometerse con la actividad promoviendo activamente campeonatos , becas , recursos materiales y humanos para contribuir activamente en el desarrollo de la sociedad . La RSE debe llegar al deporte<\/p>\n<p>Los planes en ese sentido pueden contribuir a la realizaci\u00f3n de esa meta de contenido humanista .<\/p>\n<p>La Faped se manifiesta en estado de alerta en virtud de algunos proyectos y propuestas legislativos y de diversa naturaleza que pretenden poner limite A LA LIBERTAD DE EXPRESION . Nuestra entidad valora en todas sus formas y maneras . La colegiaci\u00f3n profesional promovida desde secto-<\/p>\n<p>res pol\u00edticos y de poder no est\u00e1n contempladas al amparo de las garant\u00edas vigentes en el estado de derecho .<\/p>\n<p>&nbsp;<\/p>\n","protected":false},"excerpt":{"rendered":"<p>Se realiz\u00f3 entre los d\u00edas 4 , 5 y 6 de octubre el 43\u00b0 Congreso Nacio- nal de Periodistas Deportivos &#8230; <a title=\"Juan de Dios Frencesetti en el Congreso Nacional de periodistas deportivos en Trelew\" class=\"read-more\" href=\"https:\/\/www.hoymercedes.com.ar\/principal\/2011\/10\/11\/juan-de-dios-frencesetti-en-el-congreso-nacional-de-periodistas-deportivos-en-trelwe-trelew-2011\/\" aria-label=\"Leer m\u00e1s sobre Juan de Dios Frencesetti en el Congreso Nacional de periodistas deportivos en Trelew\">Leer m\u00e1s<\/a><\/p>\n","protected":false},"author":1,"featured_media":0,"comment_status":"open","ping_status":"open","sticky":false,"template":"","format":"standard","meta":{"_monsterinsights_skip_tracking":false,"_monsterinsights_sitenote_active":false,"_monsterinsights_sitenote_note":"","_monsterinsights_sitenote_category":0,"jetpack_post_was_ever_published":false,"_jetpack_newsletter_access":"","_jetpack_dont_email_post_to_subs":false,"_jetpack_newsletter_tier_id":0,"_jetpack_memberships_contains_paywalled_content":false,"_jetpack_memberships_contains_paid_content":false,"footnotes":"","jetpack_publicize_message":"","jetpack_publicize_feature_enabled":true,"jetpack_social_post_already_shared":false,"jetpack_social_options":{"image_generator_settings":{"template":"highway","default_image_id":0,"font":"","enabled":false},"version":2},"_wpas_customize_per_network":false},"categories":[8],"tags":[1447,1446],"class_list":["post-8157","post","type-post","status-publish","format-standard","hentry","category-sociedad","tag-juan-de-dios-franceseti","tag-periodistas-deportivos-mercedes","generate-columns","tablet-grid-50","mobile-grid-100","grid-parent","grid-50"],"jetpack_publicize_connections":[],"jetpack_featured_media_url":"","wps_subtitle":"","jetpack_sharing_enabled":true,"_links":{"self":[{"href":"https:\/\/www.hoymercedes.com.ar\/principal\/wp-json\/wp\/v2\/posts\/8157","targetHints":{"allow":["GET"]}}],"collection":[{"href":"https:\/\/www.hoymercedes.com.ar\/principal\/wp-json\/wp\/v2\/posts"}],"about":[{"href":"https:\/\/www.hoymercedes.com.ar\/principal\/wp-json\/wp\/v2\/types\/post"}],"author":[{"embeddable":true,"href":"https:\/\/www.hoymercedes.com.ar\/principal\/wp-json\/wp\/v2\/users\/1"}],"replies":[{"embeddable":true,"href":"https:\/\/www.hoymercedes.com.ar\/principal\/wp-json\/wp\/v2\/comments?post=8157"}],"version-history":[{"count":0,"href":"https:\/\/www.hoymercedes.com.ar\/principal\/wp-json\/wp\/v2\/posts\/8157\/revisions"}],"wp:attachment":[{"href":"https:\/\/www.hoymercedes.com.ar\/principal\/wp-json\/wp\/v2\/media?parent=8157"}],"wp:term":[{"taxonomy":"category","embeddable":true,"href":"https:\/\/www.hoymercedes.com.ar\/principal\/wp-json\/wp\/v2\/categories?post=8157"},{"taxonomy":"post_tag","embeddable":true,"href":"https:\/\/www.hoymercedes.com.ar\/principal\/wp-json\/wp\/v2\/tags?post=8157"}],"curies":[{"name":"wp","href":"https:\/\/api.w.org\/{rel}","templated":true}]}}