{"id":81604,"date":"2018-09-24T16:55:02","date_gmt":"2018-09-24T19:55:02","guid":{"rendered":"http:\/\/www.hoymercedes.com.ar\/principal\/?p=81604"},"modified":"2018-09-24T16:50:15","modified_gmt":"2018-09-24T19:50:15","slug":"el-misterio-se-devela-en-el-teatro-talia","status":"publish","type":"post","link":"https:\/\/www.hoymercedes.com.ar\/principal\/2018\/09\/24\/el-misterio-se-devela-en-el-teatro-talia\/","title":{"rendered":"El Misterio se devela en el Teatro Tal\u00eda"},"content":{"rendered":"<p><em><strong>Por Susana Spano &#8211; En una gran actuaci\u00f3n, Stella Siri realiz\u00f3 una interpretaci\u00f3n conmovedora de un texto de Griselda Gambaro, bajo la excelente direcci\u00f3n de Roberto Altieri.\u00a0<\/strong><\/em><\/p>\n<figure id=\"attachment_81606\" aria-describedby=\"caption-attachment-81606\" style=\"width: 620px\" class=\"wp-caption aligncenter\"><img loading=\"lazy\" decoding=\"async\" data-attachment-id=\"81606\" data-permalink=\"https:\/\/www.hoymercedes.com.ar\/principal\/2018\/09\/24\/el-misterio-se-devela-en-el-teatro-talia\/24-estreno-talia-4\/#main\" data-orig-file=\"https:\/\/www.hoymercedes.com.ar\/principal\/wp-content\/uploads\/2018\/09\/24-estreno-talia-4.jpg\" data-orig-size=\"750,500\" data-comments-opened=\"0\" data-image-meta=\"{&quot;aperture&quot;:&quot;0&quot;,&quot;credit&quot;:&quot;Picasa&quot;,&quot;camera&quot;:&quot;&quot;,&quot;caption&quot;:&quot;&quot;,&quot;created_timestamp&quot;:&quot;0&quot;,&quot;copyright&quot;:&quot;&quot;,&quot;focal_length&quot;:&quot;0&quot;,&quot;iso&quot;:&quot;0&quot;,&quot;shutter_speed&quot;:&quot;0&quot;,&quot;title&quot;:&quot;&quot;,&quot;orientation&quot;:&quot;0&quot;}\" data-image-title=\"24 estreno talia 4\" data-image-description=\"\" data-image-caption=\"&lt;p&gt;Fotograf\u00eda: Mario Landi&lt;\/p&gt;\n\" data-large-file=\"https:\/\/www.hoymercedes.com.ar\/principal\/wp-content\/uploads\/2018\/09\/24-estreno-talia-4.jpg\" class=\"size-medium wp-image-81606\" src=\"https:\/\/www.hoymercedes.com.ar\/principal\/wp-content\/uploads\/2018\/09\/24-estreno-talia-4-630x420.jpg\" alt=\"\" width=\"630\" height=\"420\" srcset=\"https:\/\/www.hoymercedes.com.ar\/principal\/wp-content\/uploads\/2018\/09\/24-estreno-talia-4-630x420.jpg 630w, https:\/\/www.hoymercedes.com.ar\/principal\/wp-content\/uploads\/2018\/09\/24-estreno-talia-4-150x100.jpg 150w, https:\/\/www.hoymercedes.com.ar\/principal\/wp-content\/uploads\/2018\/09\/24-estreno-talia-4.jpg 750w\" sizes=\"auto, (max-width: 630px) 100vw, 630px\" \/><figcaption id=\"caption-attachment-81606\" class=\"wp-caption-text\">Fotograf\u00eda: Mario Landi<\/figcaption><\/figure>\n<p>Cada vez que las luces de una sala se apagan, el tel\u00f3n sube y los actores entran en escena, estamos frente a un hecho teatral; pero qu\u00e9 misterio encierra este acto.<\/p>\n<p>Seg\u00fan dicen los especialistas que abundaron en el tema, toda vez que un actor se enfrenta con el p\u00fablico y desgrana un texto \u2013 en apariencia id\u00e9ntico, cada noche \u2013 \u00e9ste fluye y cobra intenci\u00f3n solo cuando entra en comuni\u00f3n con el p\u00fablico, que es capaz de recibir cada pulso, cada part\u00edcula de esa criatura que est\u00e1 en la escena. \u00c9sa y no otra es la verdadera esencia del teatro.<\/p>\n<p>El 22 de septiembre, quienes asistimos al estreno de la obra de Griselda Gambaro \u201cEl Misterio de Dar\u201d, tuvimos la oportunidad de experimentar esta sensaci\u00f3n.<\/p>\n<p>En una actuaci\u00f3n memorable, Stella Siri se meti\u00f3 en la piel del la Sra. Schneider y, a trav\u00e9s de cada uno de sus intersticios, entreteji\u00f3 un personaje rico en matices, contradicciones, luces y sombras, en un crescendo conmovedor, que solo una gran actriz puede transmitir.<\/p>\n<p>Griselda Gambaro es, a no dudar, una de las m\u00e1s grandes escritoras argentinas contempor\u00e1neas. Cada una de sus obras lo revela pero en \u00e9sta pone en evidencia su alto sentido dram\u00e1tico y la pericia en la graduaci\u00f3n del \u201ctempo teatral\u201d, que exige de una actriz un rigor extremo. No solo por la extensi\u00f3n del texto, sino por el continuo vaiv\u00e9n de emociones que impone, exigiendo de quien interpreta, una concentraci\u00f3n y entrega extremos, que haga cre\u00edble el personaje, sin caer en la tentaci\u00f3n de la sobreactuaci\u00f3n o la desmesura<\/p>\n<p>Roberto Altieri, el director de la obra, comprendi\u00f3 perfectamente el clima que la autora impone para recrear a su criatura y fue llevando a Stella Siri por un sendero que, aunque por momentos se torna sinuoso, fue transitado con la dignidad que la Sra. Scheneider necesita para brillar en el escenario.<\/p>\n<p>Stela Siri fue maleable a la indicaci\u00f3n del director; no solo comprendi\u00f3 al personaje sino que lo vivi\u00f3 desde adentro, en cada parlamento, \u00a0gesto o movimiento que describi\u00f3 en escena, haciendo fluir otros personajes que, aunque no est\u00e1n presentes, cobraron vida a trav\u00e9s de sus indagaciones o demandas.<\/p>\n<p>Fue tierna y despectiva, ingenua y atrevida, iracunda y melanc\u00f3lica, sin concesiones, en carne viva, tal como el personaje lo requiere y, a tal punto fue cre\u00edble, que los espectadores, luego del aplauso final, fueron incapaces de abandonar de improviso la sala, conmovidos por un texto magn\u00edfico, una actuaci\u00f3n memorable y una gran direcci\u00f3n.<\/p>\n<figure id=\"attachment_81605\" aria-describedby=\"caption-attachment-81605\" style=\"width: 620px\" class=\"wp-caption aligncenter\"><img loading=\"lazy\" decoding=\"async\" data-attachment-id=\"81605\" data-permalink=\"https:\/\/www.hoymercedes.com.ar\/principal\/2018\/09\/24\/el-misterio-se-devela-en-el-teatro-talia\/24-estreno-talia-1\/#main\" data-orig-file=\"https:\/\/www.hoymercedes.com.ar\/principal\/wp-content\/uploads\/2018\/09\/24-estreno-talia-1.jpg\" data-orig-size=\"750,500\" data-comments-opened=\"0\" data-image-meta=\"{&quot;aperture&quot;:&quot;5.6&quot;,&quot;credit&quot;:&quot;&quot;,&quot;camera&quot;:&quot;NIKON D3100&quot;,&quot;caption&quot;:&quot;&quot;,&quot;created_timestamp&quot;:&quot;1537649085&quot;,&quot;copyright&quot;:&quot;&quot;,&quot;focal_length&quot;:&quot;55&quot;,&quot;iso&quot;:&quot;3200&quot;,&quot;shutter_speed&quot;:&quot;0.04&quot;,&quot;title&quot;:&quot;&quot;,&quot;orientation&quot;:&quot;1&quot;}\" data-image-title=\"24 estreno talia 1\" data-image-description=\"\" data-image-caption=\"&lt;p&gt;Fotograf\u00eda: Clarisa Altieri&lt;\/p&gt;\n\" data-large-file=\"https:\/\/www.hoymercedes.com.ar\/principal\/wp-content\/uploads\/2018\/09\/24-estreno-talia-1.jpg\" class=\"size-medium wp-image-81605\" src=\"https:\/\/www.hoymercedes.com.ar\/principal\/wp-content\/uploads\/2018\/09\/24-estreno-talia-1-630x420.jpg\" alt=\"\" width=\"630\" height=\"420\" srcset=\"https:\/\/www.hoymercedes.com.ar\/principal\/wp-content\/uploads\/2018\/09\/24-estreno-talia-1-630x420.jpg 630w, https:\/\/www.hoymercedes.com.ar\/principal\/wp-content\/uploads\/2018\/09\/24-estreno-talia-1-150x100.jpg 150w, https:\/\/www.hoymercedes.com.ar\/principal\/wp-content\/uploads\/2018\/09\/24-estreno-talia-1.jpg 750w\" sizes=\"auto, (max-width: 630px) 100vw, 630px\" \/><figcaption id=\"caption-attachment-81605\" class=\"wp-caption-text\">Fotograf\u00eda: Clarisa Altieri<\/figcaption><\/figure>\n","protected":false},"excerpt":{"rendered":"<p>Por Susana Spano &#8211; En una gran actuaci\u00f3n, Stella Siri realiz\u00f3 una interpretaci\u00f3n conmovedora de un texto de Griselda Gambaro, &#8230; <a title=\"El Misterio se devela en el Teatro Tal\u00eda\" class=\"read-more\" href=\"https:\/\/www.hoymercedes.com.ar\/principal\/2018\/09\/24\/el-misterio-se-devela-en-el-teatro-talia\/\" aria-label=\"Leer m\u00e1s sobre El Misterio se devela en el Teatro Tal\u00eda\">Leer m\u00e1s<\/a><\/p>\n","protected":false},"author":1,"featured_media":81605,"comment_status":"closed","ping_status":"open","sticky":false,"template":"","format":"standard","meta":{"_monsterinsights_skip_tracking":false,"_monsterinsights_sitenote_active":false,"_monsterinsights_sitenote_note":"","_monsterinsights_sitenote_category":0,"jetpack_post_was_ever_published":false,"_jetpack_newsletter_access":"","_jetpack_dont_email_post_to_subs":false,"_jetpack_newsletter_tier_id":0,"_jetpack_memberships_contains_paywalled_content":false,"_jetpack_memberships_contains_paid_content":false,"footnotes":"","jetpack_publicize_message":"","jetpack_publicize_feature_enabled":true,"jetpack_social_post_already_shared":true,"jetpack_social_options":{"image_generator_settings":{"template":"highway","default_image_id":0,"font":"","enabled":false},"version":2},"_wpas_customize_per_network":false},"categories":[104],"tags":[7805,8643,1180,653],"class_list":["post-81604","post","type-post","status-publish","format-standard","has-post-thumbnail","hentry","category-cultura","tag-cultura","tag-estreno","tag-teatro","tag-teatro-talia","generate-columns","tablet-grid-50","mobile-grid-100","grid-parent","grid-50"],"jetpack_publicize_connections":[],"jetpack_featured_media_url":"https:\/\/www.hoymercedes.com.ar\/principal\/wp-content\/uploads\/2018\/09\/24-estreno-talia-1.jpg","wps_subtitle":"Cr\u00edtica teatral","jetpack_sharing_enabled":true,"_links":{"self":[{"href":"https:\/\/www.hoymercedes.com.ar\/principal\/wp-json\/wp\/v2\/posts\/81604","targetHints":{"allow":["GET"]}}],"collection":[{"href":"https:\/\/www.hoymercedes.com.ar\/principal\/wp-json\/wp\/v2\/posts"}],"about":[{"href":"https:\/\/www.hoymercedes.com.ar\/principal\/wp-json\/wp\/v2\/types\/post"}],"author":[{"embeddable":true,"href":"https:\/\/www.hoymercedes.com.ar\/principal\/wp-json\/wp\/v2\/users\/1"}],"replies":[{"embeddable":true,"href":"https:\/\/www.hoymercedes.com.ar\/principal\/wp-json\/wp\/v2\/comments?post=81604"}],"version-history":[{"count":0,"href":"https:\/\/www.hoymercedes.com.ar\/principal\/wp-json\/wp\/v2\/posts\/81604\/revisions"}],"wp:featuredmedia":[{"embeddable":true,"href":"https:\/\/www.hoymercedes.com.ar\/principal\/wp-json\/wp\/v2\/media\/81605"}],"wp:attachment":[{"href":"https:\/\/www.hoymercedes.com.ar\/principal\/wp-json\/wp\/v2\/media?parent=81604"}],"wp:term":[{"taxonomy":"category","embeddable":true,"href":"https:\/\/www.hoymercedes.com.ar\/principal\/wp-json\/wp\/v2\/categories?post=81604"},{"taxonomy":"post_tag","embeddable":true,"href":"https:\/\/www.hoymercedes.com.ar\/principal\/wp-json\/wp\/v2\/tags?post=81604"}],"curies":[{"name":"wp","href":"https:\/\/api.w.org\/{rel}","templated":true}]}}