{"id":8161,"date":"2011-10-11T02:43:36","date_gmt":"2011-10-11T02:43:36","guid":{"rendered":"http:\/\/www.hoymercedes.com.ar\/principal\/?p=8161"},"modified":"2011-10-11T02:43:36","modified_gmt":"2011-10-11T02:43:36","slug":"la-cooperativa-15-de-abril-concreto-con-exito-el-primer-encuentro-de-productores-horticolas-de-mercedes","status":"publish","type":"post","link":"https:\/\/www.hoymercedes.com.ar\/principal\/2011\/10\/11\/la-cooperativa-15-de-abril-concreto-con-exito-el-primer-encuentro-de-productores-horticolas-de-mercedes\/","title":{"rendered":"La Cooperativa 15 de Abril  Concret\u00f3 con \u00e9xito el primer encuentro de Productores Hort\u00edcolas de Mercedes"},"content":{"rendered":"<p><a href=\"https:\/\/www.hoymercedes.com.ar\/principal\/wp-content\/uploads\/2011\/10\/Coop15-II.jpg\"><img loading=\"lazy\" decoding=\"async\" data-attachment-id=\"8163\" data-permalink=\"https:\/\/www.hoymercedes.com.ar\/principal\/2011\/10\/11\/la-cooperativa-15-de-abril-concreto-con-exito-el-primer-encuentro-de-productores-horticolas-de-mercedes\/coop15-ii\/#main\" data-orig-file=\"https:\/\/www.hoymercedes.com.ar\/principal\/wp-content\/uploads\/2011\/10\/Coop15-II.jpg\" data-orig-size=\"612,459\" data-comments-opened=\"1\" data-image-meta=\"{&quot;aperture&quot;:&quot;3.4&quot;,&quot;credit&quot;:&quot;&quot;,&quot;camera&quot;:&quot;COOLPIX L10&quot;,&quot;caption&quot;:&quot;&quot;,&quot;created_timestamp&quot;:&quot;1317884800&quot;,&quot;copyright&quot;:&quot;Copyright 2006&quot;,&quot;focal_length&quot;:&quot;9&quot;,&quot;iso&quot;:&quot;400&quot;,&quot;shutter_speed&quot;:&quot;0.016666666666667&quot;,&quot;title&quot;:&quot;&quot;}\" data-image-title=\"Coop15-II\" data-image-description=\"\" data-image-caption=\"\" data-large-file=\"https:\/\/www.hoymercedes.com.ar\/principal\/wp-content\/uploads\/2011\/10\/Coop15-II.jpg\" class=\"aligncenter size-full wp-image-8163\" title=\"Coop15-II\" src=\"https:\/\/www.hoymercedes.com.ar\/principal\/wp-content\/uploads\/2011\/10\/Coop15-II.jpg\" alt=\"\" width=\"612\" height=\"459\" \/><\/a><\/p>\n<p>Desde las 10.00 se concentraron en la sede del mercado que tiene a su cargo la Cooperativa en la colectora de Ruta 5 Km 93.500 una significativa cantidad de integrantes de la cooperativa quienes ofrecieron sus productos de manera directa a los vecinos de la ciudad donde una muy buena cantidad concurrieron a lo largo de toda la jornada.<\/p>\n<p>El intendente Carlos Selva acompa\u00f1ado por varios e sus funcionarios y hasta concejales concurrieron el s\u00e1bado a las instalaciones de la Cooperativa de Productores Bolivianos de nuestra ciudad \u201c15 de abril\u201d que organizaron el primer Encuentro de Productores Hort\u00edcolas con venta directa al p\u00fablico como una primera experiencia de llegar de manera directa al consumidor sorteando la sobrecarga econ\u00f3mica que tienen los productos que habiendo sido cosechados en nuestro Partido donde vendidos en el Mercado Central con el consabido doble flete que se paga m\u00e1s la ganancia de la intermediaci\u00f3n que necesariamente se produce.<\/p>\n<p><a href=\"https:\/\/www.hoymercedes.com.ar\/principal\/wp-content\/uploads\/2011\/10\/Coop15-I.jpg\"><img loading=\"lazy\" decoding=\"async\" data-attachment-id=\"8164\" data-permalink=\"https:\/\/www.hoymercedes.com.ar\/principal\/2011\/10\/11\/la-cooperativa-15-de-abril-concreto-con-exito-el-primer-encuentro-de-productores-horticolas-de-mercedes\/coop15-i\/#main\" data-orig-file=\"https:\/\/www.hoymercedes.com.ar\/principal\/wp-content\/uploads\/2011\/10\/Coop15-I.jpg\" data-orig-size=\"612,459\" data-comments-opened=\"1\" data-image-meta=\"{&quot;aperture&quot;:&quot;3.4&quot;,&quot;credit&quot;:&quot;&quot;,&quot;camera&quot;:&quot;COOLPIX L10&quot;,&quot;caption&quot;:&quot;&quot;,&quot;created_timestamp&quot;:&quot;1317884965&quot;,&quot;copyright&quot;:&quot;Copyright 2006&quot;,&quot;focal_length&quot;:&quot;9&quot;,&quot;iso&quot;:&quot;400&quot;,&quot;shutter_speed&quot;:&quot;0.016666666666667&quot;,&quot;title&quot;:&quot;&quot;}\" data-image-title=\"Coop15-I\" data-image-description=\"\" data-image-caption=\"\" data-large-file=\"https:\/\/www.hoymercedes.com.ar\/principal\/wp-content\/uploads\/2011\/10\/Coop15-I.jpg\" class=\"aligncenter size-full wp-image-8164\" title=\"Coop15-I\" src=\"https:\/\/www.hoymercedes.com.ar\/principal\/wp-content\/uploads\/2011\/10\/Coop15-I.jpg\" alt=\"\" width=\"612\" height=\"459\" srcset=\"https:\/\/www.hoymercedes.com.ar\/principal\/wp-content\/uploads\/2011\/10\/Coop15-I.jpg 612w, https:\/\/www.hoymercedes.com.ar\/principal\/wp-content\/uploads\/2011\/10\/Coop15-I-300x225.jpg 300w\" sizes=\"auto, (max-width: 612px) 100vw, 612px\" \/><\/a><\/p>\n<p>La novedad fue que adem\u00e1s de frutas y verduras, los vecinos de nuestra ciudad pudieron encontrar productos alimenticios, como por ejemplo pizzas, empanadas, pasteles, alfajores, masitas, ravioles, flores, plantas y frutas.<\/p>\n<p>El presidente de la Cooperativa sostuvo <em>\u201cquiero dar la bienvenida no s\u00f3lo a los productores que forman esta propuesta sino tambi\u00e9n al intendente y dem\u00e1s autoridades que nos acompa\u00f1an y desde ya a todos los que han venido a visitar la muestra y comprar nuestras producciones. Esta propuesta es para todos los mercedinos y estaremos junto a ustedes una vez por mes porque como siempre lo hemos dicho no queremos chocar absolutamente con nadie como por ejemplo con los verduleros, nosotros s\u00f3lo una vez al mes vamos a estar ofreciendo al p\u00fablico nuestros productos y al mismo tiempo decimos a todos los verduleros que as\u00ed lo prefieran, venga los d\u00edas de semana a nuestra sede donde est\u00e1 el galp\u00f3n y va a poder comprar lo mismo que en el Mercado Central pero a precios mucho m\u00e1s bajos.<\/em><\/p>\n<p><a href=\"https:\/\/www.hoymercedes.com.ar\/principal\/wp-content\/uploads\/2011\/10\/Coop15-IV.jpg\"><img loading=\"lazy\" decoding=\"async\" data-attachment-id=\"8165\" data-permalink=\"https:\/\/www.hoymercedes.com.ar\/principal\/2011\/10\/11\/la-cooperativa-15-de-abril-concreto-con-exito-el-primer-encuentro-de-productores-horticolas-de-mercedes\/coop15-iv\/#main\" data-orig-file=\"https:\/\/www.hoymercedes.com.ar\/principal\/wp-content\/uploads\/2011\/10\/Coop15-IV.jpg\" data-orig-size=\"612,459\" data-comments-opened=\"1\" data-image-meta=\"{&quot;aperture&quot;:&quot;3.4&quot;,&quot;credit&quot;:&quot;&quot;,&quot;camera&quot;:&quot;COOLPIX L10&quot;,&quot;caption&quot;:&quot;&quot;,&quot;created_timestamp&quot;:&quot;1317883511&quot;,&quot;copyright&quot;:&quot;Copyright 2006&quot;,&quot;focal_length&quot;:&quot;9&quot;,&quot;iso&quot;:&quot;64&quot;,&quot;shutter_speed&quot;:&quot;0.0025940337224384&quot;,&quot;title&quot;:&quot;&quot;}\" data-image-title=\"Coop15-IV\" data-image-description=\"\" data-image-caption=\"\" data-large-file=\"https:\/\/www.hoymercedes.com.ar\/principal\/wp-content\/uploads\/2011\/10\/Coop15-IV.jpg\" class=\"aligncenter size-full wp-image-8165\" title=\"Coop15-IV\" src=\"https:\/\/www.hoymercedes.com.ar\/principal\/wp-content\/uploads\/2011\/10\/Coop15-IV.jpg\" alt=\"\" width=\"612\" height=\"459\" srcset=\"https:\/\/www.hoymercedes.com.ar\/principal\/wp-content\/uploads\/2011\/10\/Coop15-IV.jpg 612w, https:\/\/www.hoymercedes.com.ar\/principal\/wp-content\/uploads\/2011\/10\/Coop15-IV-300x225.jpg 300w\" sizes=\"auto, (max-width: 612px) 100vw, 612px\" \/><\/a><\/p>\n<p><em>Tambi\u00e9n productos que nosotros un no tenemos en Mercedes pero que son producidos por cooperativas de compatriotas similares a la nuestra en diferentes lugares del pa\u00eds\u201d.<\/em><\/p>\n<p><em>Luego reiter\u00f3 la invitaci\u00f3n para sumarse a esta propuesta a todos lo emprendedores, micro emprendedores, peque\u00f1os productores y artesanos \u201cy as\u00ed hacer juntos algo beneficioso para toda la ciudad, nosotros estamos muy dispuestos a recibirlos con los brazos abiertos\u201d.<\/em><\/p>\n<p>Por su parte el jefe comunal de nuestra ciudad precis\u00f3 <em>\u201clo que han decidido hacer los integrantes de la Cooperativa 15 de abril que por cierto tienen toda la libertad de hacerlo cuantas veces quieran porque est\u00e1n viven en un pa\u00eds en el pleno ejercicio del Estado de Derecho, han tenido la buena predisposici\u00f3n de acordar porque saben que hay una econom\u00eda que se mueve que es la del verdulero y se han adherido al planteo que nosotros hicimos de que sea una vez por mes.<\/em><\/p>\n<p><a href=\"https:\/\/www.hoymercedes.com.ar\/principal\/wp-content\/uploads\/2011\/10\/Coop15-VI.jpg\"><img loading=\"lazy\" decoding=\"async\" data-attachment-id=\"8166\" data-permalink=\"https:\/\/www.hoymercedes.com.ar\/principal\/2011\/10\/11\/la-cooperativa-15-de-abril-concreto-con-exito-el-primer-encuentro-de-productores-horticolas-de-mercedes\/coop15-vi\/#main\" data-orig-file=\"https:\/\/www.hoymercedes.com.ar\/principal\/wp-content\/uploads\/2011\/10\/Coop15-VI.jpg\" data-orig-size=\"612,459\" data-comments-opened=\"1\" data-image-meta=\"{&quot;aperture&quot;:&quot;2.8&quot;,&quot;credit&quot;:&quot;&quot;,&quot;camera&quot;:&quot;COOLPIX L10&quot;,&quot;caption&quot;:&quot;&quot;,&quot;created_timestamp&quot;:&quot;1317888618&quot;,&quot;copyright&quot;:&quot;Copyright 2006&quot;,&quot;focal_length&quot;:&quot;6.2&quot;,&quot;iso&quot;:&quot;64&quot;,&quot;shutter_speed&quot;:&quot;0.020703933747412&quot;,&quot;title&quot;:&quot;&quot;}\" data-image-title=\"Coop15-VI\" data-image-description=\"\" data-image-caption=\"\" data-large-file=\"https:\/\/www.hoymercedes.com.ar\/principal\/wp-content\/uploads\/2011\/10\/Coop15-VI.jpg\" class=\"aligncenter size-full wp-image-8166\" title=\"Coop15-VI\" src=\"https:\/\/www.hoymercedes.com.ar\/principal\/wp-content\/uploads\/2011\/10\/Coop15-VI.jpg\" alt=\"\" width=\"612\" height=\"459\" srcset=\"https:\/\/www.hoymercedes.com.ar\/principal\/wp-content\/uploads\/2011\/10\/Coop15-VI.jpg 612w, https:\/\/www.hoymercedes.com.ar\/principal\/wp-content\/uploads\/2011\/10\/Coop15-VI-300x225.jpg 300w\" sizes=\"auto, (max-width: 612px) 100vw, 612px\" \/><\/a><\/p>\n<p><em>No es en contra de nadie sino pretendiendo promover la b\u00fasqueda de un espacio para todos, la de un mercado concentrador mercedino para evitar de los verduleros tengan que ir al Mercado Central y que los productores tambi\u00e9n dejen de hacerlo porque no ten\u00eda ning\u00fan sentido llevar al central la mercader\u00eda y luego volver a traerla a nuestra ciudad.<\/em><\/p>\n<p><em>Esta en claro que aquellos que hacen las compras diarias no van a venir hasta este mercado, van a seguir con su verdulero y eso es porque ya tenemos antecedentes, as\u00ed dec\u00edan que iba a pasar con los supermercados, pero estos vinieron, se instalaron, trabajan y sin embargo los almacenes y las despensas siguen con sus puertas abiertas y con esto pretendemos lo mismo no solo hacerlo para crecer en volumen sino tambi\u00e9n en lo referido a la prestaci\u00f3n de servicios de la gente que trabaja en Mercedes\u201d<\/em>.<\/p>\n<p><a href=\"https:\/\/www.hoymercedes.com.ar\/principal\/wp-content\/uploads\/2011\/10\/Coop15-III.jpg\"><img loading=\"lazy\" decoding=\"async\" data-attachment-id=\"8167\" data-permalink=\"https:\/\/www.hoymercedes.com.ar\/principal\/2011\/10\/11\/la-cooperativa-15-de-abril-concreto-con-exito-el-primer-encuentro-de-productores-horticolas-de-mercedes\/coop15-iii\/#main\" data-orig-file=\"https:\/\/www.hoymercedes.com.ar\/principal\/wp-content\/uploads\/2011\/10\/Coop15-III.jpg\" data-orig-size=\"612,459\" data-comments-opened=\"1\" data-image-meta=\"{&quot;aperture&quot;:&quot;2.8&quot;,&quot;credit&quot;:&quot;&quot;,&quot;camera&quot;:&quot;COOLPIX L10&quot;,&quot;caption&quot;:&quot;&quot;,&quot;created_timestamp&quot;:&quot;1317883538&quot;,&quot;copyright&quot;:&quot;Copyright 2006&quot;,&quot;focal_length&quot;:&quot;6.2&quot;,&quot;iso&quot;:&quot;259&quot;,&quot;shutter_speed&quot;:&quot;0.033333333333333&quot;,&quot;title&quot;:&quot;&quot;}\" data-image-title=\"Coop15-III\" data-image-description=\"\" data-image-caption=\"\" data-large-file=\"https:\/\/www.hoymercedes.com.ar\/principal\/wp-content\/uploads\/2011\/10\/Coop15-III.jpg\" class=\"aligncenter size-full wp-image-8167\" title=\"Coop15-III\" src=\"https:\/\/www.hoymercedes.com.ar\/principal\/wp-content\/uploads\/2011\/10\/Coop15-III.jpg\" alt=\"\" width=\"612\" height=\"459\" srcset=\"https:\/\/www.hoymercedes.com.ar\/principal\/wp-content\/uploads\/2011\/10\/Coop15-III.jpg 612w, https:\/\/www.hoymercedes.com.ar\/principal\/wp-content\/uploads\/2011\/10\/Coop15-III-300x225.jpg 300w\" sizes=\"auto, (max-width: 612px) 100vw, 612px\" \/><\/a><\/p>\n<p>En el ex galp\u00f3n Rossello, trabajaron el s\u00e1do integrantes de la Direcci\u00f3n de Planeamiento y Producci\u00f3n de la comuna con su titular el agrimensor Oscar L\u00f3pez al frente, este\u00a0sostuvo\u00a0\u201ccreo que ha sido un muy buen comienzo, a pesar que se le dio poca difusi\u00f3n, han sido muchos los vecinos que se acercaron hasta este lugar, creo que a medida en que las tareas que se realizan en este lugar de vayan difundiendo boca a boca vamos a tener cada s\u00e1bado muchos m\u00e1s vecinos haciendo sus compras\u201d<\/p>\n<p>Para citar algunos ejemplos en el mercado se vend\u00eda el kilo de tomates a cuatro pesos, la lechuga a tres, las bandejas de frutillas de m\u00e1s de un kilo a seis y el paquete de remolacha a dos pesos.<\/p>\n<p>La productora Estela U\u00f1os explic\u00f3 que las plantas y flores<em> \u201cque tenemos en el mercado son de compatriotas bolivianos que ahora han comenzado en la ciudad de Escobar a trabajar en dicho rubro, lo quise explicar porque de pronto muchos no iban a entender que hacen plantas de flores en una mercado hort\u00edcola\u201d<\/em><\/p>\n","protected":false},"excerpt":{"rendered":"<p>Desde las 10.00 se concentraron en la sede del mercado que tiene a su cargo la Cooperativa en la colectora &#8230; <a title=\"La Cooperativa 15 de Abril  Concret\u00f3 con \u00e9xito el primer encuentro de Productores Hort\u00edcolas de Mercedes\" class=\"read-more\" href=\"https:\/\/www.hoymercedes.com.ar\/principal\/2011\/10\/11\/la-cooperativa-15-de-abril-concreto-con-exito-el-primer-encuentro-de-productores-horticolas-de-mercedes\/\" aria-label=\"Leer m\u00e1s sobre La Cooperativa 15 de Abril  Concret\u00f3 con \u00e9xito el primer encuentro de Productores Hort\u00edcolas de Mercedes\">Leer m\u00e1s<\/a><\/p>\n","protected":false},"author":1,"featured_media":0,"comment_status":"open","ping_status":"open","sticky":false,"template":"","format":"standard","meta":{"_monsterinsights_skip_tracking":false,"_monsterinsights_sitenote_active":false,"_monsterinsights_sitenote_note":"","_monsterinsights_sitenote_category":0,"jetpack_post_was_ever_published":false,"_jetpack_newsletter_access":"","_jetpack_dont_email_post_to_subs":false,"_jetpack_newsletter_tier_id":0,"_jetpack_memberships_contains_paywalled_content":false,"_jetpack_memberships_contains_paid_content":false,"footnotes":"","jetpack_publicize_message":"","jetpack_publicize_feature_enabled":true,"jetpack_social_post_already_shared":false,"jetpack_social_options":{"image_generator_settings":{"template":"highway","default_image_id":0,"font":"","enabled":false},"version":2},"_wpas_customize_per_network":false},"categories":[8],"tags":[1449,1448],"class_list":["post-8161","post","type-post","status-publish","format-standard","hentry","category-sociedad","tag-cooperativa-15-de-abril","tag-horticultores-mercedes","generate-columns","tablet-grid-50","mobile-grid-100","grid-parent","grid-50"],"jetpack_publicize_connections":[],"jetpack_featured_media_url":"","wps_subtitle":"","jetpack_sharing_enabled":true,"_links":{"self":[{"href":"https:\/\/www.hoymercedes.com.ar\/principal\/wp-json\/wp\/v2\/posts\/8161","targetHints":{"allow":["GET"]}}],"collection":[{"href":"https:\/\/www.hoymercedes.com.ar\/principal\/wp-json\/wp\/v2\/posts"}],"about":[{"href":"https:\/\/www.hoymercedes.com.ar\/principal\/wp-json\/wp\/v2\/types\/post"}],"author":[{"embeddable":true,"href":"https:\/\/www.hoymercedes.com.ar\/principal\/wp-json\/wp\/v2\/users\/1"}],"replies":[{"embeddable":true,"href":"https:\/\/www.hoymercedes.com.ar\/principal\/wp-json\/wp\/v2\/comments?post=8161"}],"version-history":[{"count":0,"href":"https:\/\/www.hoymercedes.com.ar\/principal\/wp-json\/wp\/v2\/posts\/8161\/revisions"}],"wp:attachment":[{"href":"https:\/\/www.hoymercedes.com.ar\/principal\/wp-json\/wp\/v2\/media?parent=8161"}],"wp:term":[{"taxonomy":"category","embeddable":true,"href":"https:\/\/www.hoymercedes.com.ar\/principal\/wp-json\/wp\/v2\/categories?post=8161"},{"taxonomy":"post_tag","embeddable":true,"href":"https:\/\/www.hoymercedes.com.ar\/principal\/wp-json\/wp\/v2\/tags?post=8161"}],"curies":[{"name":"wp","href":"https:\/\/api.w.org\/{rel}","templated":true}]}}