{"id":81623,"date":"2018-09-25T15:40:52","date_gmt":"2018-09-25T18:40:52","guid":{"rendered":"http:\/\/www.hoymercedes.com.ar\/principal\/?p=81623"},"modified":"2018-09-25T15:37:47","modified_gmt":"2018-09-25T18:37:47","slug":"nueva-proyeccion-en-el-ciclo-de-cine-de-la-asamblea-mercedina-por-la-agroecologia","status":"publish","type":"post","link":"https:\/\/www.hoymercedes.com.ar\/principal\/2018\/09\/25\/nueva-proyeccion-en-el-ciclo-de-cine-de-la-asamblea-mercedina-por-la-agroecologia\/","title":{"rendered":"Nueva proyecci\u00f3n en el Ciclo de Cine de la  Asamblea Mercedina por la Agroecolog\u00eda"},"content":{"rendered":"<p>El s\u00e1bado 29 de septiembre, a la hora 20, se realizar\u00e1 la segunda proyecci\u00f3n del ciclo de cine: \u00abLo que el agronegocio se llevo\u00bb, actividad impulsada por \u00a0la Asamblea Mercedina por la Agroecolog\u00eda (AMA).<\/p>\n<p>En esta oportunidad se exhibir\u00e1 el documental: \u00abEl Mundo seg\u00fan Monsanto\u00bb que \u00a0traza la historia del principal fabricante de organismos gen\u00e9ticamente modificados, cuyos granos de soja, ma\u00edz y algod\u00f3n se propagan por el mundo pese a las alertas ecologistas. El documental se\u00f1ala los peligros resultantes del crecimiento exponencial de los cultivos de transg\u00e9nicos, con propiedades gen\u00e9ticas patentadas en un 90% por Monsanto.<\/p>\n<p>El acceso a este evento es libre y gratuito y se realizara\u00e1 nuevamente \u00a0en \u00abEl Limonero\u00bb Movimiento Cultural ubicado en la \u00a0calle 21 entre calles 16 y 14 N\u00b0 327, espacio cultural cuyo objetivo principal es difundir el arte y la cultura mercedinas.<\/p>\n<p><img loading=\"lazy\" decoding=\"async\" data-attachment-id=\"81624\" data-permalink=\"https:\/\/www.hoymercedes.com.ar\/principal\/2018\/09\/25\/nueva-proyeccion-en-el-ciclo-de-cine-de-la-asamblea-mercedina-por-la-agroecologia\/25-ama-monsanto\/#main\" data-orig-file=\"https:\/\/www.hoymercedes.com.ar\/principal\/wp-content\/uploads\/2018\/09\/25-ama-monsanto.jpg\" data-orig-size=\"750,422\" data-comments-opened=\"0\" data-image-meta=\"{&quot;aperture&quot;:&quot;0&quot;,&quot;credit&quot;:&quot;&quot;,&quot;camera&quot;:&quot;&quot;,&quot;caption&quot;:&quot;&quot;,&quot;created_timestamp&quot;:&quot;0&quot;,&quot;copyright&quot;:&quot;&quot;,&quot;focal_length&quot;:&quot;0&quot;,&quot;iso&quot;:&quot;0&quot;,&quot;shutter_speed&quot;:&quot;0&quot;,&quot;title&quot;:&quot;&quot;,&quot;orientation&quot;:&quot;0&quot;}\" data-image-title=\"25 ama monsanto\" data-image-description=\"\" data-image-caption=\"\" data-large-file=\"https:\/\/www.hoymercedes.com.ar\/principal\/wp-content\/uploads\/2018\/09\/25-ama-monsanto.jpg\" class=\"aligncenter size-medium wp-image-81624\" src=\"https:\/\/www.hoymercedes.com.ar\/principal\/wp-content\/uploads\/2018\/09\/25-ama-monsanto-630x354.jpg\" alt=\"\" width=\"630\" height=\"354\" srcset=\"https:\/\/www.hoymercedes.com.ar\/principal\/wp-content\/uploads\/2018\/09\/25-ama-monsanto-630x354.jpg 630w, https:\/\/www.hoymercedes.com.ar\/principal\/wp-content\/uploads\/2018\/09\/25-ama-monsanto-150x84.jpg 150w, https:\/\/www.hoymercedes.com.ar\/principal\/wp-content\/uploads\/2018\/09\/25-ama-monsanto.jpg 750w\" sizes=\"auto, (max-width: 630px) 100vw, 630px\" \/><\/p>\n","protected":false},"excerpt":{"rendered":"<p>El s\u00e1bado 29 de septiembre, a la hora 20, se realizar\u00e1 la segunda proyecci\u00f3n del ciclo de cine: \u00abLo que &#8230; <a title=\"Nueva proyecci\u00f3n en el Ciclo de Cine de la  Asamblea Mercedina por la Agroecolog\u00eda\" class=\"read-more\" href=\"https:\/\/www.hoymercedes.com.ar\/principal\/2018\/09\/25\/nueva-proyeccion-en-el-ciclo-de-cine-de-la-asamblea-mercedina-por-la-agroecologia\/\" aria-label=\"Leer m\u00e1s sobre Nueva proyecci\u00f3n en el Ciclo de Cine de la  Asamblea Mercedina por la Agroecolog\u00eda\">Leer m\u00e1s<\/a><\/p>\n","protected":false},"author":1,"featured_media":81624,"comment_status":"closed","ping_status":"open","sticky":false,"template":"","format":"standard","meta":{"_monsterinsights_skip_tracking":false,"_monsterinsights_sitenote_active":false,"_monsterinsights_sitenote_note":"","_monsterinsights_sitenote_category":0,"jetpack_post_was_ever_published":false,"_jetpack_newsletter_access":"","_jetpack_dont_email_post_to_subs":false,"_jetpack_newsletter_tier_id":0,"_jetpack_memberships_contains_paywalled_content":false,"_jetpack_memberships_contains_paid_content":false,"footnotes":"","jetpack_publicize_message":"","jetpack_publicize_feature_enabled":true,"jetpack_social_post_already_shared":true,"jetpack_social_options":{"image_generator_settings":{"template":"highway","default_image_id":0,"font":"","enabled":false},"version":2},"_wpas_customize_per_network":false},"categories":[8],"tags":[13642,5273,8948,10],"class_list":["post-81623","post","type-post","status-publish","format-standard","has-post-thumbnail","hentry","category-sociedad","tag-asamblea-mercedina-por-la-agroecologia","tag-cine","tag-documental","tag-mercedes","generate-columns","tablet-grid-50","mobile-grid-100","grid-parent","grid-50"],"jetpack_publicize_connections":[],"jetpack_featured_media_url":"https:\/\/www.hoymercedes.com.ar\/principal\/wp-content\/uploads\/2018\/09\/25-ama-monsanto.jpg","wps_subtitle":"","jetpack_sharing_enabled":true,"_links":{"self":[{"href":"https:\/\/www.hoymercedes.com.ar\/principal\/wp-json\/wp\/v2\/posts\/81623","targetHints":{"allow":["GET"]}}],"collection":[{"href":"https:\/\/www.hoymercedes.com.ar\/principal\/wp-json\/wp\/v2\/posts"}],"about":[{"href":"https:\/\/www.hoymercedes.com.ar\/principal\/wp-json\/wp\/v2\/types\/post"}],"author":[{"embeddable":true,"href":"https:\/\/www.hoymercedes.com.ar\/principal\/wp-json\/wp\/v2\/users\/1"}],"replies":[{"embeddable":true,"href":"https:\/\/www.hoymercedes.com.ar\/principal\/wp-json\/wp\/v2\/comments?post=81623"}],"version-history":[{"count":0,"href":"https:\/\/www.hoymercedes.com.ar\/principal\/wp-json\/wp\/v2\/posts\/81623\/revisions"}],"wp:featuredmedia":[{"embeddable":true,"href":"https:\/\/www.hoymercedes.com.ar\/principal\/wp-json\/wp\/v2\/media\/81624"}],"wp:attachment":[{"href":"https:\/\/www.hoymercedes.com.ar\/principal\/wp-json\/wp\/v2\/media?parent=81623"}],"wp:term":[{"taxonomy":"category","embeddable":true,"href":"https:\/\/www.hoymercedes.com.ar\/principal\/wp-json\/wp\/v2\/categories?post=81623"},{"taxonomy":"post_tag","embeddable":true,"href":"https:\/\/www.hoymercedes.com.ar\/principal\/wp-json\/wp\/v2\/tags?post=81623"}],"curies":[{"name":"wp","href":"https:\/\/api.w.org\/{rel}","templated":true}]}}