{"id":81634,"date":"2018-09-25T22:12:01","date_gmt":"2018-09-26T01:12:01","guid":{"rendered":"http:\/\/www.hoymercedes.com.ar\/principal\/?p=81634"},"modified":"2018-09-25T22:12:01","modified_gmt":"2018-09-26T01:12:01","slug":"detienen-a-masculino-bajo-caratula-judicial-de-usura","status":"publish","type":"post","link":"https:\/\/www.hoymercedes.com.ar\/principal\/2018\/09\/25\/detienen-a-masculino-bajo-caratula-judicial-de-usura\/","title":{"rendered":"Detienen a masculino bajo car\u00e1tula judicial de \u201cusura\u201d"},"content":{"rendered":"<p style=\"font-weight: 400;\"><img loading=\"lazy\" decoding=\"async\" data-attachment-id=\"81635\" data-permalink=\"https:\/\/www.hoymercedes.com.ar\/principal\/2018\/09\/25\/detienen-a-masculino-bajo-caratula-judicial-de-usura\/usura-1\/#main\" data-orig-file=\"https:\/\/www.hoymercedes.com.ar\/principal\/wp-content\/uploads\/2018\/09\/usura-1.jpeg\" data-orig-size=\"774,1032\" data-comments-opened=\"0\" data-image-meta=\"{&quot;aperture&quot;:&quot;0&quot;,&quot;credit&quot;:&quot;&quot;,&quot;camera&quot;:&quot;&quot;,&quot;caption&quot;:&quot;&quot;,&quot;created_timestamp&quot;:&quot;0&quot;,&quot;copyright&quot;:&quot;&quot;,&quot;focal_length&quot;:&quot;0&quot;,&quot;iso&quot;:&quot;0&quot;,&quot;shutter_speed&quot;:&quot;0&quot;,&quot;title&quot;:&quot;&quot;,&quot;orientation&quot;:&quot;0&quot;}\" data-image-title=\"usura-1\" data-image-description=\"\" data-image-caption=\"\" data-large-file=\"https:\/\/www.hoymercedes.com.ar\/principal\/wp-content\/uploads\/2018\/09\/usura-1-768x1024.jpeg\" class=\"aligncenter size-medium wp-image-81635\" src=\"https:\/\/www.hoymercedes.com.ar\/principal\/wp-content\/uploads\/2018\/09\/usura-1-465x620.jpeg\" alt=\"\" width=\"465\" height=\"620\" srcset=\"https:\/\/www.hoymercedes.com.ar\/principal\/wp-content\/uploads\/2018\/09\/usura-1-465x620.jpeg 465w, https:\/\/www.hoymercedes.com.ar\/principal\/wp-content\/uploads\/2018\/09\/usura-1-113x150.jpeg 113w, https:\/\/www.hoymercedes.com.ar\/principal\/wp-content\/uploads\/2018\/09\/usura-1-768x1024.jpeg 768w, https:\/\/www.hoymercedes.com.ar\/principal\/wp-content\/uploads\/2018\/09\/usura-1.jpeg 774w\" sizes=\"auto, (max-width: 465px) 100vw, 465px\" \/><\/p>\n<p style=\"font-weight: 400;\">La polic\u00eda comunal de Mercedes, a cargo del Comisario Sergio Macedo, lleg\u00f3 a cabo la detenci\u00f3n de un masculino bajo una acci\u00f3n judicial con car\u00e1tula de \u201cusura\u201d, instancia poco habitual, pero que esta vez arroj\u00f3 un resultado positivo.<\/p>\n<p style=\"font-weight: 400;\">Personal\u00a0del Gabinete de Prevenci\u00f3n Criminol\u00f3gica de la Estaci\u00f3n Comunal Mercedes procedi\u00f3 d\u00edas atr\u00e1s con el cumplimiento de la orden de detenci\u00f3n emitida por la UFI N\u00b01 bajo car\u00e1tula de \u201cusura\u201d con un procedimiento que dej\u00f3 a un masculino detenido.<\/p>\n<p style=\"font-weight: 400;\">El procedimiento se llev\u00f3 a cabo en calle 101 entre 24 y 26. La orden fue emanada por el Juez de Garant\u00edas de intervenci\u00f3n, Dr. Marcelo Romero, con actuaci\u00f3n del Dr. Juan Ignacio Bidone, agente fiscal de intervenci\u00f3n.<\/p>\n<p style=\"font-weight: 400;\">No es frecuente ver este tipo de detenciones, por eso quiz\u00e1s se haya dado trascendencia al tema, donde ya la justicia ten\u00eda una actuaci\u00f3n que tras la detenci\u00f3n contin\u00faa.<\/p>\n<p style=\"font-weight: 400;\">El detenido, de 48 a\u00f1os de edad, es oriundo de Capital Federal.<\/p>\n","protected":false},"excerpt":{"rendered":"<p>La polic\u00eda comunal de Mercedes, a cargo del Comisario Sergio Macedo, lleg\u00f3 a cabo la detenci\u00f3n de un masculino bajo &#8230; <a title=\"Detienen a masculino bajo car\u00e1tula judicial de \u201cusura\u201d\" class=\"read-more\" href=\"https:\/\/www.hoymercedes.com.ar\/principal\/2018\/09\/25\/detienen-a-masculino-bajo-caratula-judicial-de-usura\/\" aria-label=\"Leer m\u00e1s sobre Detienen a masculino bajo car\u00e1tula judicial de \u201cusura\u201d\">Leer m\u00e1s<\/a><\/p>\n","protected":false},"author":1,"featured_media":81635,"comment_status":"closed","ping_status":"open","sticky":false,"template":"","format":"standard","meta":{"_monsterinsights_skip_tracking":false,"_monsterinsights_sitenote_active":false,"_monsterinsights_sitenote_note":"","_monsterinsights_sitenote_category":0,"jetpack_post_was_ever_published":false,"_jetpack_newsletter_access":"","_jetpack_dont_email_post_to_subs":false,"_jetpack_newsletter_tier_id":0,"_jetpack_memberships_contains_paywalled_content":false,"_jetpack_memberships_contains_paid_content":false,"footnotes":"","jetpack_publicize_message":"","jetpack_publicize_feature_enabled":true,"jetpack_social_post_already_shared":true,"jetpack_social_options":{"image_generator_settings":{"template":"highway","default_image_id":0,"font":"","enabled":false},"version":2},"_wpas_customize_per_network":false},"categories":[8],"tags":[10277],"class_list":["post-81634","post","type-post","status-publish","format-standard","has-post-thumbnail","hentry","category-sociedad","tag-sergio-macedo","generate-columns","tablet-grid-50","mobile-grid-100","grid-parent","grid-50"],"jetpack_publicize_connections":[],"jetpack_featured_media_url":"https:\/\/www.hoymercedes.com.ar\/principal\/wp-content\/uploads\/2018\/09\/usura-1.jpeg","wps_subtitle":"Polic\u00eda Comunal","jetpack_sharing_enabled":true,"_links":{"self":[{"href":"https:\/\/www.hoymercedes.com.ar\/principal\/wp-json\/wp\/v2\/posts\/81634","targetHints":{"allow":["GET"]}}],"collection":[{"href":"https:\/\/www.hoymercedes.com.ar\/principal\/wp-json\/wp\/v2\/posts"}],"about":[{"href":"https:\/\/www.hoymercedes.com.ar\/principal\/wp-json\/wp\/v2\/types\/post"}],"author":[{"embeddable":true,"href":"https:\/\/www.hoymercedes.com.ar\/principal\/wp-json\/wp\/v2\/users\/1"}],"replies":[{"embeddable":true,"href":"https:\/\/www.hoymercedes.com.ar\/principal\/wp-json\/wp\/v2\/comments?post=81634"}],"version-history":[{"count":0,"href":"https:\/\/www.hoymercedes.com.ar\/principal\/wp-json\/wp\/v2\/posts\/81634\/revisions"}],"wp:featuredmedia":[{"embeddable":true,"href":"https:\/\/www.hoymercedes.com.ar\/principal\/wp-json\/wp\/v2\/media\/81635"}],"wp:attachment":[{"href":"https:\/\/www.hoymercedes.com.ar\/principal\/wp-json\/wp\/v2\/media?parent=81634"}],"wp:term":[{"taxonomy":"category","embeddable":true,"href":"https:\/\/www.hoymercedes.com.ar\/principal\/wp-json\/wp\/v2\/categories?post=81634"},{"taxonomy":"post_tag","embeddable":true,"href":"https:\/\/www.hoymercedes.com.ar\/principal\/wp-json\/wp\/v2\/tags?post=81634"}],"curies":[{"name":"wp","href":"https:\/\/api.w.org\/{rel}","templated":true}]}}