{"id":81654,"date":"2018-09-26T08:15:14","date_gmt":"2018-09-26T11:15:14","guid":{"rendered":"http:\/\/www.hoymercedes.com.ar\/principal\/?p=81654"},"modified":"2018-09-26T08:15:14","modified_gmt":"2018-09-26T11:15:14","slug":"trocha-y-defensores-ganaron-en-el-inicio-de-la-segunda-del-clausura","status":"publish","type":"post","link":"https:\/\/www.hoymercedes.com.ar\/principal\/2018\/09\/26\/trocha-y-defensores-ganaron-en-el-inicio-de-la-segunda-del-clausura\/","title":{"rendered":"Trocha y Defensores ganaron en el inicio de la segunda del Clausura"},"content":{"rendered":"<p>La particularidad que tendr\u00e1 este torneo Clausura para poder llegar a fin de a\u00f1o conclu\u00eddo es que al menos cuatro de las ocho fechas de la etapa de grupos se jugar\u00e1 entre semana, aprovechando las jornadas en las que Pabell\u00f3n Argentino de Marcos Paz sea local, ya que hace poco inaugur\u00f3 la iluminaci\u00f3n en su cancha y eso permite que se pueda jugar en esa localidad, al igual que en Suipacha y San Andr\u00e9s de Giles.<\/p>\n<p>Luego de que la primera fecha se jugara por la mitad, en una semana en la que no se prev\u00e9n lluvias, comenz\u00f3 a jugarse en la noche del martes la segunda fecha, que tuvo en el inicio el empate en cero entre Palometas y Comunicaciones, el entretenido partido entre Holanda y Defensores, con victoria del celeste por 3 a 2 y la goleada de Trocha 3 a 0 a Costa Brava.<\/p>\n<p>En cuanto al empate, con el punto, Comunicaciones sigue liderando la Zona B, mientras que Palometas sum\u00f3 por primera vez tras la derrota con Col\u00f3n. El otro partido jugado en Mercedes, adem\u00e1s de los cinco goles, tuvo cuatro expulsados, demostrando ser uno de los encuentros m\u00e1s atractivos del a\u00f1o. Lo comenz\u00f3 ganando Defensores, que jugaba con uno menos por la roja a Bernardo Cantero. Luego, Holanda quedar\u00eda con uno menos luego de que echaran a Braian Flores. En el inicio del complemento empat\u00f3 Juli\u00e1n Vita y luego de que Oscar Villalba vea la roja en el naranja, Defensores puso el 2 a 1 y sobre el final el 3 a 1, ya con los del Barrio Obrero con ocho en cancha por la roja a Maxmiliano Mora. Sin embargo, a pesar de la diferencia de jugadores en cancha, Horacio Sotelo, de penal, achic\u00f3 ventaja para Holanda.<\/p>\n<p>En Suipacha, Trocha present\u00f3 nuevos jugadores y algunas ausencias, como la de Galassi y Gianaschi, que ya no continuar\u00e1n en la carbonilla, y las llegadas de Daniel Caputo, Alejandro Auba\u00edn, Marcelo Pedrozzo y Gianluca Ferrario. Tras un primer tiempo en paridad, los goles llegaron en el complemento para la primera victoria de la Carbonilla que no pierde desde la octava fecha del Apertura.<\/p>\n<p><strong>Palometas 0:<\/strong>\u00a0Jos\u00e9 Ventura, Miguel Lobos, Eduardo Libares, David Bertera, Nicol\u00e1s Aranda, Gustavo Medone, Mart\u00edn Pastor, Jonathan Guzm\u00e1n, Leonardo Retori, Juan Rolandelli y Facundo Pinto.\u00a0<strong>DT:<\/strong>\u00a0Mariano Pueblas.\u00a0<strong>Suplentes:<\/strong>\u00a0Thom\u00e1s Pinto, Juan Virto, Federico Flores Arce y Diego Figueredo.<br \/>\n<strong>Comunicaciones 0:<\/strong>\u00a0David Br\u00edsoliz, Jerem\u00eda Retamoso, Juan Torres, Jonathan Bartolomeo, Franco Torres, Tom\u00e1s P\u00e9rez, Maximiliano Guzm\u00e1n, Diego Ferrara, Jonathan L\u00f3pez, Diego S\u00e1nchez y Alexis Salinas.\u00a0<strong>DT:<\/strong>\u00a0Julio Torres.\u00a0<strong>Suplentes:<\/strong>\u00a0Felipe Martinelli, Gonzalo Herrera y Mat\u00edas Giles.<br \/>\n<strong>Cambios:<\/strong>\u00a0Rodrigo Torres por Diego S\u00e1nchez, Mart\u00edn Zuleta por Alexis Salinas y Ezequiel Giachello por Maximiliano Guzm\u00e1n en Comunicaciones. Agust\u00edn P\u00f3rfido por Maximiliano Guzm\u00e1n, Tom\u00e1s Sosa por Facundo Pinto en Palometas.<br \/>\n<strong>Arbitro:<\/strong>\u00a0Javier Mihura (SADRA).<\/p>\n<p>&nbsp;<\/p>\n<p><strong>Defensores 3:<\/strong>\u00a0Diego Benedetti, Segundo Izarralde, Maximiliano Alcaraz, Braian Fleitas, Mat\u00edas Solorzano, Bernardo Cantero, Gast\u00f3n Garay, Ezequiel Roda, Gast\u00f3n Mainero, Braian Barros y Carlos Gonz\u00e1lez.\u00a0<strong>DT:<\/strong>\u00a0Mauricio Gil.\u00a0<strong>Suplentes:<\/strong>\u00a0Marcelo Banega, Juli\u00e1n Ivachich y R\u00faben Espinosa.<br \/>\n<strong>Holanda 2:<\/strong>\u00a0Pablo Monz\u00f3n, Maximiliano Mora, Nicol\u00e1s Mansilla, Brian Climi\u00f1o, Franco Irusta, Claudio Sotelo, Juan Demonti, Oscar Villalva, Brian Flores, Gabriel Maldonado y Lucas Ch\u00e1vez.\u00a0<strong>DT:<\/strong>\u00a0Jos\u00e9 Medina.\u00a0<strong>Suplentes:<\/strong>\u00a0Juan Ibarra, Daniel Paj\u00f3n, Brandon Fern\u00e1ndez y Eric Sosa.<br \/>\n<strong>Goles:<\/strong>\u00a0Carlos Gonz\u00e1lez y Gast\u00f3n Mainero (2) para Defensores. Juli\u00e1n Vita y Horacio Sotelo para Defensores.<strong><br \/>\nCambios:<\/strong>\u00a0Juli\u00e1n Vita por Nicol\u00e1s Mansilla, Agust\u00edn Aranda por Gabriel Maldonado, Horacio Sotelo por Juan Demonti en Holanda. Mat\u00edas Cardozo por Gast\u00f3n Garay y \u00a0Francisco Gorosito por Carlos Gonz\u00e1lez en Defensores.<br \/>\n<strong>Arbitro:<\/strong>\u00a0Germ\u00e1n Gauna (AAM).<br \/>\n<strong>Expulsados:<\/strong>\u00a0Bernardo Cantero en Defensores. Braian Flores, Oscar Villalva y Maximiliano Mora en Holanda.<\/p>\n<p>&nbsp;<\/p>\n<p><strong>Costa Brava 0:<\/strong>\u00a0Gustavo Leiva, Juli\u00e1n Olveira, Luis Durete, Brian Noguera, An\u00edbal Saucedo, Mauro Pintos, Alexis Oxener, Mat\u00edas B\u00e1ez, Leonardo Ferrero y Franco Mart\u00ednez.\u00a0<strong>DT:<\/strong>\u00a0Maximiliano Scorini.\u00a0<strong>Suplentes:<\/strong>\u00a0Esteban Sagatusme, V\u00edctor Pelozo, Diego Gallardo, Luis Romero, Oscar Orcajo, Iv\u00e1n G\u00f3mez y Eduardo Zalba.<br \/>\n<strong>Trocha 3:<\/strong>\u00a0Francisco Bavastro, Daniel Caputo, Ignacio Brazuna, Fabio Gonz\u00e1lez, Daniel Mu\u00f1oz, Agust\u00edn Uviz, Alejandro Auba\u00edn, Marcelo Pedrozzo, Gianluca Ferrario, Marcelo Gonz\u00e1lez y Gonzalo Jaime.\u00a0<strong>DT:<\/strong>\u00a0Juan Ignacio Men\u00e9ndez.\u00a0<strong>Suplentes:<\/strong>\u00a0Pablo Leguizam\u00f3n, Lucas Covello, Javier Rosales, Maximiliano Castro y Sebasti\u00e1n Mu\u00f1oz.<strong><br \/>\nGoles en el ST:<\/strong>\u00a0Gianluca Ferrario 2 y Daniel Mu\u00f1oz para Trocha.<br \/>\n<strong>Cambios:<\/strong>\u00a0Zambrano por Nicol\u00e1s B\u00e1ez en Costa Brava. Nicol\u00e1s Padula por Marcelo Pedrozzo, Solano Bonamino por Gonzalo Jaime y\u00a0 en Trocha.<br \/>\n<strong>Arbitro:<\/strong>\u00a0Eduardo Aguirre (AAM).<\/p>\n<p>&nbsp;<\/p>\n<p>Hoy sigue<\/p>\n<p>La segunda fecha se terminar\u00e1 de jugar entre hoy y este jueves. Luego ser\u00e1 el turno de la tercera fecha, en el fin de semana.<\/p>\n<p><em><strong>Mi\u00e9rcoles 26 de septiembre, cancha Liga Mercedina<\/strong><\/em><br \/>\n19:15 hs. Quilmes Vs. Mercedes<br \/>\n21:15 hs. Pe\u00f1a Xeneize Vs. Juventud<\/p>\n<p><em><strong>Jueves 27 de septiembre, cancha Liga Mercedina<\/strong><\/em><br \/>\n19:15 hs. Ateneo Vs. Uni\u00f3n<br \/>\n21:15 hs. Tim\u00f3n Vs. Atl\u00e9tico Marcos Paz<\/p>\n<p><em><strong>Jueves 27 de septiembre, cancha Pabell\u00f3n Argentino<\/strong><\/em><br \/>\n21:00 hs. Pabell\u00f3n Argentino Vs. El Front\u00f3n<\/p>\n<p>Fecha 3<\/p>\n<p><em><strong>S\u00e1bado 29 de septiembre, cancha El Front\u00f3n<\/strong><\/em><br \/>\n16:00 hs. El Front\u00f3n Vs. Palometas<\/p>\n<p><em><strong>Domingo 30 de septiembre, cancha Liga Mercedina<\/strong><\/em><br \/>\n11:00 hs. Uni\u00f3n vs. Pe\u00f1a Xeneize<br \/>\n13:00 hs. Trocha vs. Defensores<br \/>\n15:00 hs. Holanda Vs. V\u00e9lez<br \/>\n17:00 hs. Mercedes Vs. El Tim\u00f3n<\/p>\n<p><em><strong>Domingo 30 de septiembre, cancha Atl\u00e9tico Marcos Paz<\/strong><\/em><br \/>\n16:00 hs. Atl\u00e9tico Marcos Paz Vs. Estudiantes<\/p>\n<p><em><strong>Domingo 30 de septiembre, cancha Juventud<\/strong><\/em><br \/>\n16:00 hs. Juventud Vs. AMEFIP<\/p>\n<p><em><strong>Postergado<\/strong><\/em><br \/>\nComunicaciones Vs. Col\u00f3n<\/p>\n","protected":false},"excerpt":{"rendered":"<p>La particularidad que tendr\u00e1 este torneo Clausura para poder llegar a fin de a\u00f1o conclu\u00eddo es que al menos cuatro &#8230; <a title=\"Trocha y Defensores ganaron en el inicio de la segunda del Clausura\" class=\"read-more\" href=\"https:\/\/www.hoymercedes.com.ar\/principal\/2018\/09\/26\/trocha-y-defensores-ganaron-en-el-inicio-de-la-segunda-del-clausura\/\" aria-label=\"Leer m\u00e1s sobre Trocha y Defensores ganaron en el inicio de la segunda del Clausura\">Leer m\u00e1s<\/a><\/p>\n","protected":false},"author":1,"featured_media":81655,"comment_status":"closed","ping_status":"open","sticky":false,"template":"","format":"standard","meta":{"_monsterinsights_skip_tracking":false,"_monsterinsights_sitenote_active":false,"_monsterinsights_sitenote_note":"","_monsterinsights_sitenote_category":0,"jetpack_post_was_ever_published":false,"_jetpack_newsletter_access":"","_jetpack_dont_email_post_to_subs":false,"_jetpack_newsletter_tier_id":0,"_jetpack_memberships_contains_paywalled_content":false,"_jetpack_memberships_contains_paid_content":false,"footnotes":"","jetpack_publicize_message":"","jetpack_publicize_feature_enabled":true,"jetpack_social_post_already_shared":true,"jetpack_social_options":{"image_generator_settings":{"template":"highway","default_image_id":0,"font":"","enabled":false},"version":2},"_wpas_customize_per_network":false},"categories":[21],"tags":[],"class_list":["post-81654","post","type-post","status-publish","format-standard","has-post-thumbnail","hentry","category-deportes","generate-columns","tablet-grid-50","mobile-grid-100","grid-parent","grid-50"],"jetpack_publicize_connections":[],"jetpack_featured_media_url":"https:\/\/www.hoymercedes.com.ar\/principal\/wp-content\/uploads\/2018\/09\/Primera-3.png","wps_subtitle":"Liga Mercedina","jetpack_sharing_enabled":true,"_links":{"self":[{"href":"https:\/\/www.hoymercedes.com.ar\/principal\/wp-json\/wp\/v2\/posts\/81654","targetHints":{"allow":["GET"]}}],"collection":[{"href":"https:\/\/www.hoymercedes.com.ar\/principal\/wp-json\/wp\/v2\/posts"}],"about":[{"href":"https:\/\/www.hoymercedes.com.ar\/principal\/wp-json\/wp\/v2\/types\/post"}],"author":[{"embeddable":true,"href":"https:\/\/www.hoymercedes.com.ar\/principal\/wp-json\/wp\/v2\/users\/1"}],"replies":[{"embeddable":true,"href":"https:\/\/www.hoymercedes.com.ar\/principal\/wp-json\/wp\/v2\/comments?post=81654"}],"version-history":[{"count":0,"href":"https:\/\/www.hoymercedes.com.ar\/principal\/wp-json\/wp\/v2\/posts\/81654\/revisions"}],"wp:featuredmedia":[{"embeddable":true,"href":"https:\/\/www.hoymercedes.com.ar\/principal\/wp-json\/wp\/v2\/media\/81655"}],"wp:attachment":[{"href":"https:\/\/www.hoymercedes.com.ar\/principal\/wp-json\/wp\/v2\/media?parent=81654"}],"wp:term":[{"taxonomy":"category","embeddable":true,"href":"https:\/\/www.hoymercedes.com.ar\/principal\/wp-json\/wp\/v2\/categories?post=81654"},{"taxonomy":"post_tag","embeddable":true,"href":"https:\/\/www.hoymercedes.com.ar\/principal\/wp-json\/wp\/v2\/tags?post=81654"}],"curies":[{"name":"wp","href":"https:\/\/api.w.org\/{rel}","templated":true}]}}