{"id":81683,"date":"2018-09-27T08:29:54","date_gmt":"2018-09-27T11:29:54","guid":{"rendered":"http:\/\/www.hoymercedes.com.ar\/principal\/?p=81683"},"modified":"2018-09-27T00:17:57","modified_gmt":"2018-09-27T03:17:57","slug":"programa-municipio-va-a-tu-barrio-co-limpieza-intensiva-llega-a-barrio-obrero","status":"publish","type":"post","link":"https:\/\/www.hoymercedes.com.ar\/principal\/2018\/09\/27\/programa-municipio-va-a-tu-barrio-co-limpieza-intensiva-llega-a-barrio-obrero\/","title":{"rendered":"Programa \u00abMunicipio va a tu barrio\u00bb con limpieza intensiva llega a Barrio Obrero"},"content":{"rendered":"<p style=\"font-weight: 400;\">\n<p style=\"font-weight: 400;\">Con el prop\u00f3sito de mejorar los espacios comunes en los barrios de Mercedes y acercar los servicios municipales a los vecinos, desde la comuna se contin\u00faa con el programa de limpieza domiciliaria \u201cEl Municipio va a tu Barrio\u201d. Esta iniciativa que contribuye y est\u00e1 dirigida a tener una ciudad m\u00e1s limpia y sustentable, es llevada a cabo a trav\u00e9s de la Secretar\u00eda de Desarrollo Social y el Departamento de Medio Ambiente.<\/p>\n<p style=\"font-weight: 400;\">La jornada se desarrollar\u00e1n los d\u00edas jueves 27 y viernes 28 de septiembre en el barrio Obrero. El objetivo es la recolecci\u00f3n de residuos, limpieza, brindar informaci\u00f3n y concientizar sobre la importancia de la separaci\u00f3n en origen de los residuos. Adem\u00e1s, se informar\u00e1 sobre la problem\u00e1tica del Dengue.<\/p>\n<p style=\"font-weight: 400;\">El vecino podr\u00e1 sacar ramas y escombros a la puerta, ya que estar\u00e1 pasando personal de servicios p\u00fablicos a retirarlos. Asimismo, se desmalezar\u00e1 y cortar\u00e1 el pasto en aquellas \u00e1reas donde sea necesario y corresponda.<\/p>\n<p style=\"font-weight: 400;\">Por otro lado, los promotores ambientales estar\u00e1n pasando por los diferentes hogares informando que habr\u00e1 cuatro contenedores, para que puedan sacar los residuos grandes que tengan acumulados en sus casas. Los mismo estar\u00e1n dispuestos en:<\/p>\n<p style=\"font-weight: 400;\">&#8211;\u00a0\u00a0\u00a0\u00a0\u00a0\u00a0\u00a0\u00a0\u00a0\u00a012 y 105<\/p>\n<p style=\"font-weight: 400;\">&#8211;\u00a0\u00a0\u00a0\u00a0\u00a0\u00a0\u00a0\u00a0\u00a0\u00a018 y cortada (CAPS obrero)<\/p>\n<p style=\"font-weight: 400;\">&#8211;\u00a0\u00a0\u00a0\u00a0\u00a0\u00a0\u00a0\u00a0\u00a0\u00a0101 y 22 bis<\/p>\n<p style=\"font-weight: 400;\">&#8211;\u00a0\u00a0\u00a0\u00a0\u00a0\u00a0\u00a0\u00a0\u00a0\u00a0103 y 16<\/p>\n<p style=\"font-weight: 400;\">A su vez, en el marco de la jornada de limpieza e informaci\u00f3n, se realiza una actividad solidaria.<\/p>\n<p style=\"font-weight: 400;\">De esta manera, la Municipalidad de Mercedes pone al servicio de la comunidad todas las herramientas necesarias para poder dar respuestas concretas a todos los vecinos de la ciudad.<\/p>\n<p>&nbsp;<\/p>\n<p>Data: D<\/p>\n<figure id=\"attachment_81684\" aria-describedby=\"caption-attachment-81684\" style=\"width: 620px\" class=\"wp-caption aligncenter\"><img loading=\"lazy\" decoding=\"async\" data-attachment-id=\"81684\" data-permalink=\"https:\/\/www.hoymercedes.com.ar\/principal\/2018\/09\/27\/programa-municipio-va-a-tu-barrio-co-limpieza-intensiva-llega-a-barrio-obrero\/limpieza-barrio\/#main\" data-orig-file=\"https:\/\/www.hoymercedes.com.ar\/principal\/wp-content\/uploads\/2018\/09\/limpieza-barrio.jpg\" data-orig-size=\"865,577\" data-comments-opened=\"0\" data-image-meta=\"{&quot;aperture&quot;:&quot;0&quot;,&quot;credit&quot;:&quot;&quot;,&quot;camera&quot;:&quot;&quot;,&quot;caption&quot;:&quot;&quot;,&quot;created_timestamp&quot;:&quot;0&quot;,&quot;copyright&quot;:&quot;&quot;,&quot;focal_length&quot;:&quot;0&quot;,&quot;iso&quot;:&quot;0&quot;,&quot;shutter_speed&quot;:&quot;0&quot;,&quot;title&quot;:&quot;&quot;,&quot;orientation&quot;:&quot;0&quot;}\" data-image-title=\"limpieza-barrio\" data-image-description=\"\" data-image-caption=\"&lt;p&gt;Limpieza en los barrios&lt;\/p&gt;\n\" data-large-file=\"https:\/\/www.hoymercedes.com.ar\/principal\/wp-content\/uploads\/2018\/09\/limpieza-barrio.jpg\" class=\"size-medium wp-image-81684\" src=\"https:\/\/www.hoymercedes.com.ar\/principal\/wp-content\/uploads\/2018\/09\/limpieza-barrio-630x420.jpg\" alt=\"\" width=\"630\" height=\"420\" srcset=\"https:\/\/www.hoymercedes.com.ar\/principal\/wp-content\/uploads\/2018\/09\/limpieza-barrio-630x420.jpg 630w, https:\/\/www.hoymercedes.com.ar\/principal\/wp-content\/uploads\/2018\/09\/limpieza-barrio-150x100.jpg 150w, https:\/\/www.hoymercedes.com.ar\/principal\/wp-content\/uploads\/2018\/09\/limpieza-barrio.jpg 865w\" sizes=\"auto, (max-width: 630px) 100vw, 630px\" \/><figcaption id=\"caption-attachment-81684\" class=\"wp-caption-text\">Limpieza en los barrios<\/figcaption><\/figure>\n<p>&nbsp;<\/p>\n<p>Data: Desarrollo Social<\/p>\n","protected":false},"excerpt":{"rendered":"<p>Con el prop\u00f3sito de mejorar los espacios comunes en los barrios de Mercedes y acercar los servicios municipales a los &#8230; <a title=\"Programa \u00abMunicipio va a tu barrio\u00bb con limpieza intensiva llega a Barrio Obrero\" class=\"read-more\" href=\"https:\/\/www.hoymercedes.com.ar\/principal\/2018\/09\/27\/programa-municipio-va-a-tu-barrio-co-limpieza-intensiva-llega-a-barrio-obrero\/\" aria-label=\"Leer m\u00e1s sobre Programa \u00abMunicipio va a tu barrio\u00bb con limpieza intensiva llega a Barrio Obrero\">Leer m\u00e1s<\/a><\/p>\n","protected":false},"author":1,"featured_media":81684,"comment_status":"closed","ping_status":"open","sticky":false,"template":"","format":"standard","meta":{"_monsterinsights_skip_tracking":false,"_monsterinsights_sitenote_active":false,"_monsterinsights_sitenote_note":"","_monsterinsights_sitenote_category":0,"jetpack_post_was_ever_published":false,"_jetpack_newsletter_access":"","_jetpack_dont_email_post_to_subs":false,"_jetpack_newsletter_tier_id":0,"_jetpack_memberships_contains_paywalled_content":false,"_jetpack_memberships_contains_paid_content":false,"footnotes":"","jetpack_publicize_message":"","jetpack_publicize_feature_enabled":true,"jetpack_social_post_already_shared":true,"jetpack_social_options":{"image_generator_settings":{"template":"highway","default_image_id":0,"font":"","enabled":false},"version":2},"_wpas_customize_per_network":false},"categories":[30],"tags":[1104,13786,244,424],"class_list":["post-81683","post","type-post","status-publish","format-standard","has-post-thumbnail","hentry","category-municipio","tag-barrio-obrero","tag-limpieza-barrial","tag-municipio-2","tag-ustarroz","generate-columns","tablet-grid-50","mobile-grid-100","grid-parent","grid-50"],"jetpack_publicize_connections":[],"jetpack_featured_media_url":"https:\/\/www.hoymercedes.com.ar\/principal\/wp-content\/uploads\/2018\/09\/limpieza-barrio.jpg","wps_subtitle":"Programa \u201cMunicipio va a tu barrio\u201d","jetpack_sharing_enabled":true,"_links":{"self":[{"href":"https:\/\/www.hoymercedes.com.ar\/principal\/wp-json\/wp\/v2\/posts\/81683","targetHints":{"allow":["GET"]}}],"collection":[{"href":"https:\/\/www.hoymercedes.com.ar\/principal\/wp-json\/wp\/v2\/posts"}],"about":[{"href":"https:\/\/www.hoymercedes.com.ar\/principal\/wp-json\/wp\/v2\/types\/post"}],"author":[{"embeddable":true,"href":"https:\/\/www.hoymercedes.com.ar\/principal\/wp-json\/wp\/v2\/users\/1"}],"replies":[{"embeddable":true,"href":"https:\/\/www.hoymercedes.com.ar\/principal\/wp-json\/wp\/v2\/comments?post=81683"}],"version-history":[{"count":0,"href":"https:\/\/www.hoymercedes.com.ar\/principal\/wp-json\/wp\/v2\/posts\/81683\/revisions"}],"wp:featuredmedia":[{"embeddable":true,"href":"https:\/\/www.hoymercedes.com.ar\/principal\/wp-json\/wp\/v2\/media\/81684"}],"wp:attachment":[{"href":"https:\/\/www.hoymercedes.com.ar\/principal\/wp-json\/wp\/v2\/media?parent=81683"}],"wp:term":[{"taxonomy":"category","embeddable":true,"href":"https:\/\/www.hoymercedes.com.ar\/principal\/wp-json\/wp\/v2\/categories?post=81683"},{"taxonomy":"post_tag","embeddable":true,"href":"https:\/\/www.hoymercedes.com.ar\/principal\/wp-json\/wp\/v2\/tags?post=81683"}],"curies":[{"name":"wp","href":"https:\/\/api.w.org\/{rel}","templated":true}]}}