{"id":81686,"date":"2018-09-28T14:34:51","date_gmt":"2018-09-28T17:34:51","guid":{"rendered":"http:\/\/www.hoymercedes.com.ar\/principal\/?p=81686"},"modified":"2018-09-28T10:38:41","modified_gmt":"2018-09-28T13:38:41","slug":"municipio-y-club-trocha-realizan-vestuarios-banos-y-mejores-estructurales","status":"publish","type":"post","link":"https:\/\/www.hoymercedes.com.ar\/principal\/2018\/09\/28\/municipio-y-club-trocha-realizan-vestuarios-banos-y-mejores-estructurales\/","title":{"rendered":"Municipio y Club Trocha realizan vestuarios, ba\u00f1os y mejores estructurales"},"content":{"rendered":"<figure id=\"attachment_81687\" aria-describedby=\"caption-attachment-81687\" style=\"width: 620px\" class=\"wp-caption aligncenter\"><img loading=\"lazy\" decoding=\"async\" data-attachment-id=\"81687\" data-permalink=\"https:\/\/www.hoymercedes.com.ar\/principal\/2018\/09\/28\/municipio-y-club-trocha-realizan-vestuarios-banos-y-mejores-estructurales\/trocha-2-2\/#main\" data-orig-file=\"https:\/\/www.hoymercedes.com.ar\/principal\/wp-content\/uploads\/2018\/09\/trocha-2.jpg\" data-orig-size=\"865,577\" data-comments-opened=\"0\" data-image-meta=\"{&quot;aperture&quot;:&quot;0&quot;,&quot;credit&quot;:&quot;&quot;,&quot;camera&quot;:&quot;&quot;,&quot;caption&quot;:&quot;&quot;,&quot;created_timestamp&quot;:&quot;0&quot;,&quot;copyright&quot;:&quot;&quot;,&quot;focal_length&quot;:&quot;0&quot;,&quot;iso&quot;:&quot;0&quot;,&quot;shutter_speed&quot;:&quot;0&quot;,&quot;title&quot;:&quot;&quot;,&quot;orientation&quot;:&quot;0&quot;}\" data-image-title=\"trocha-2\" data-image-description=\"\" data-image-caption=\"&lt;p&gt;Obras en Trocha&lt;\/p&gt;\n\" data-large-file=\"https:\/\/www.hoymercedes.com.ar\/principal\/wp-content\/uploads\/2018\/09\/trocha-2.jpg\" class=\"size-medium wp-image-81687\" src=\"https:\/\/www.hoymercedes.com.ar\/principal\/wp-content\/uploads\/2018\/09\/trocha-2-630x420.jpg\" alt=\"\" width=\"630\" height=\"420\" srcset=\"https:\/\/www.hoymercedes.com.ar\/principal\/wp-content\/uploads\/2018\/09\/trocha-2-630x420.jpg 630w, https:\/\/www.hoymercedes.com.ar\/principal\/wp-content\/uploads\/2018\/09\/trocha-2-150x100.jpg 150w, https:\/\/www.hoymercedes.com.ar\/principal\/wp-content\/uploads\/2018\/09\/trocha-2.jpg 865w\" sizes=\"auto, (max-width: 630px) 100vw, 630px\" \/><figcaption id=\"caption-attachment-81687\" class=\"wp-caption-text\">Obras en Trocha<\/figcaption><\/figure>\n<p style=\"font-weight: 400;\">Avanzan las obras en conjunto entre el Municipio y el Club Trocha. Vestuarios, ba\u00f1os, iluminaci\u00f3n, mejoras estructurales para una de las instituciones hist\u00f3ricas de la ciudad. A trav\u00e9s del programa \u201cEsfuerzos Compartidos\u201d, donde instituciones junto a la comuna trabajan conjuntamente, se est\u00e1n llevando a cabo vestuarios y ba\u00f1os en el club Trocha. Esta obra es fundamental para cumplimentar el gran sue\u00f1o de la instituci\u00f3n, su propio campo de deportes.<\/p>\n<p style=\"font-weight: 400;\">\u201cLa funci\u00f3n de las instituciones deportivas en nuestra ciudad es imprescindible, much\u00edsima gente est\u00e1 trabajando en ellas, con mucha conciencia y compromiso\u201d, afirm\u00f3 el intendente Ustarroz.<\/p>\n<p style=\"font-weight: 400;\">Asimismo, el primer mandatario, Juan Ignacio Ustarroz resalt\u00f3 \u201ctal es el trabajo y la dedicaci\u00f3n de quienes conforman est\u00e1s entidades deportivas, tan queridas como el Club Trocha, que se permiten so\u00f1ar y hacer realidad un gran anhelo, tener su propio campo de deportes\u201d.<\/p>\n<p style=\"font-weight: 400;\"><strong>Apoyo<\/strong><\/p>\n<p style=\"font-weight: 400;\">Esta obra se suma a la entrega ya realizada de herramientas para el mantenimiento del predio, el alambre perimetral que rodea el campo de deportes y la iluminaci\u00f3n de la cancha de 11.\u00a0 \u201cEste campo de deportes en gran parte es gracias al actual intendente, Juan Ignacio Ustarroz, qui\u00e9n nos cedi\u00f3 estos terrenos y ayud\u00f3 de manera constante para poder lograr este sue\u00f1o\u201d, afirm\u00f3 el vicepresidente del Club, Dulio De Bernardis.<\/p>\n<p style=\"font-weight: 400;\">\u201cEl mismo contar\u00e1 con una cancha de 11, tres canchas de c\u00e9sped sint\u00e9tico y el Municipio nos est\u00e1 construyendo un vestuario local, visitante y para los refer\u00eds. Adem\u00e1s de dos ba\u00f1os para el p\u00fablico en general\u201d, inform\u00f3 su vicepresidente.<\/p>\n<p style=\"font-weight: 400;\"><strong>Integral<\/strong><\/p>\n<p style=\"font-weight: 400;\">Por otro lado, Duilio De Bernardis, ante los cambios profundos y positivos que est\u00e1 sufriendo el barrio opin\u00f3 \u201ctodo el barrio est\u00e1 quedando espectacular, Mercedes cambi\u00f3 una barbaridad, sobre todo con el asfaltado y embellecimiento de la calle 42\u201d y apunt\u00f3 \u201ceste campo de deportes ser\u00e1 la frutilla del postre\u201d.<\/p>\n<p style=\"font-weight: 400;\"><strong>Todos<\/strong><\/p>\n<p style=\"font-weight: 400;\">Esta puesta en valor y trabajo se viene realizando, no s\u00f3lo en el Club Trocha, sino en todas las instituciones deportivas de nuestra ciudad, tal es el caso del club Defensores, Quilmes, Estudiantes, Holanda, comunicaciones y Mercedes entre otras.<\/p>\n<figure id=\"attachment_81688\" aria-describedby=\"caption-attachment-81688\" style=\"width: 620px\" class=\"wp-caption aligncenter\"><img loading=\"lazy\" decoding=\"async\" data-attachment-id=\"81688\" data-permalink=\"https:\/\/www.hoymercedes.com.ar\/principal\/2018\/09\/28\/municipio-y-club-trocha-realizan-vestuarios-banos-y-mejores-estructurales\/trocha-1-2\/#main\" data-orig-file=\"https:\/\/www.hoymercedes.com.ar\/principal\/wp-content\/uploads\/2018\/09\/trocha-1.jpg\" data-orig-size=\"939,626\" data-comments-opened=\"0\" data-image-meta=\"{&quot;aperture&quot;:&quot;0&quot;,&quot;credit&quot;:&quot;&quot;,&quot;camera&quot;:&quot;&quot;,&quot;caption&quot;:&quot;&quot;,&quot;created_timestamp&quot;:&quot;0&quot;,&quot;copyright&quot;:&quot;&quot;,&quot;focal_length&quot;:&quot;0&quot;,&quot;iso&quot;:&quot;0&quot;,&quot;shutter_speed&quot;:&quot;0&quot;,&quot;title&quot;:&quot;&quot;,&quot;orientation&quot;:&quot;0&quot;}\" data-image-title=\"trocha-1\" data-image-description=\"\" data-image-caption=\"&lt;p&gt;Obras&lt;\/p&gt;\n\" data-large-file=\"https:\/\/www.hoymercedes.com.ar\/principal\/wp-content\/uploads\/2018\/09\/trocha-1.jpg\" class=\"size-medium wp-image-81688\" src=\"https:\/\/www.hoymercedes.com.ar\/principal\/wp-content\/uploads\/2018\/09\/trocha-1-630x420.jpg\" alt=\"\" width=\"630\" height=\"420\" srcset=\"https:\/\/www.hoymercedes.com.ar\/principal\/wp-content\/uploads\/2018\/09\/trocha-1-630x420.jpg 630w, https:\/\/www.hoymercedes.com.ar\/principal\/wp-content\/uploads\/2018\/09\/trocha-1-150x100.jpg 150w, https:\/\/www.hoymercedes.com.ar\/principal\/wp-content\/uploads\/2018\/09\/trocha-1.jpg 939w\" sizes=\"auto, (max-width: 630px) 100vw, 630px\" \/><figcaption id=\"caption-attachment-81688\" class=\"wp-caption-text\">Obras<\/figcaption><\/figure>\n<p>&nbsp;<\/p>\n<p><span style=\"color: #808080;\">Info: Dir. Deportes<\/span><\/p>\n","protected":false},"excerpt":{"rendered":"<p>Avanzan las obras en conjunto entre el Municipio y el Club Trocha. Vestuarios, ba\u00f1os, iluminaci\u00f3n, mejoras estructurales para una de &#8230; <a title=\"Municipio y Club Trocha realizan vestuarios, ba\u00f1os y mejores estructurales\" class=\"read-more\" href=\"https:\/\/www.hoymercedes.com.ar\/principal\/2018\/09\/28\/municipio-y-club-trocha-realizan-vestuarios-banos-y-mejores-estructurales\/\" aria-label=\"Leer m\u00e1s sobre Municipio y Club Trocha realizan vestuarios, ba\u00f1os y mejores estructurales\">Leer m\u00e1s<\/a><\/p>\n","protected":false},"author":1,"featured_media":81687,"comment_status":"closed","ping_status":"open","sticky":false,"template":"","format":"standard","meta":{"_monsterinsights_skip_tracking":false,"_monsterinsights_sitenote_active":false,"_monsterinsights_sitenote_note":"","_monsterinsights_sitenote_category":0,"jetpack_post_was_ever_published":false,"_jetpack_newsletter_access":"","_jetpack_dont_email_post_to_subs":false,"_jetpack_newsletter_tier_id":0,"_jetpack_memberships_contains_paywalled_content":false,"_jetpack_memberships_contains_paid_content":false,"footnotes":"","jetpack_publicize_message":"","jetpack_publicize_feature_enabled":true,"jetpack_social_post_already_shared":true,"jetpack_social_options":{"image_generator_settings":{"template":"highway","default_image_id":0,"font":"","enabled":false},"version":2},"_wpas_customize_per_network":false},"categories":[21],"tags":[12046,1379,424],"class_list":["post-81686","post","type-post","status-publish","format-standard","has-post-thumbnail","hentry","category-deportes","tag-esfuerzos-compartidos","tag-trocha","tag-ustarroz","generate-columns","tablet-grid-50","mobile-grid-100","grid-parent","grid-50"],"jetpack_publicize_connections":[],"jetpack_featured_media_url":"https:\/\/www.hoymercedes.com.ar\/principal\/wp-content\/uploads\/2018\/09\/trocha-2.jpg","wps_subtitle":"Inversi\u00f3n","jetpack_sharing_enabled":true,"_links":{"self":[{"href":"https:\/\/www.hoymercedes.com.ar\/principal\/wp-json\/wp\/v2\/posts\/81686","targetHints":{"allow":["GET"]}}],"collection":[{"href":"https:\/\/www.hoymercedes.com.ar\/principal\/wp-json\/wp\/v2\/posts"}],"about":[{"href":"https:\/\/www.hoymercedes.com.ar\/principal\/wp-json\/wp\/v2\/types\/post"}],"author":[{"embeddable":true,"href":"https:\/\/www.hoymercedes.com.ar\/principal\/wp-json\/wp\/v2\/users\/1"}],"replies":[{"embeddable":true,"href":"https:\/\/www.hoymercedes.com.ar\/principal\/wp-json\/wp\/v2\/comments?post=81686"}],"version-history":[{"count":0,"href":"https:\/\/www.hoymercedes.com.ar\/principal\/wp-json\/wp\/v2\/posts\/81686\/revisions"}],"wp:featuredmedia":[{"embeddable":true,"href":"https:\/\/www.hoymercedes.com.ar\/principal\/wp-json\/wp\/v2\/media\/81687"}],"wp:attachment":[{"href":"https:\/\/www.hoymercedes.com.ar\/principal\/wp-json\/wp\/v2\/media?parent=81686"}],"wp:term":[{"taxonomy":"category","embeddable":true,"href":"https:\/\/www.hoymercedes.com.ar\/principal\/wp-json\/wp\/v2\/categories?post=81686"},{"taxonomy":"post_tag","embeddable":true,"href":"https:\/\/www.hoymercedes.com.ar\/principal\/wp-json\/wp\/v2\/tags?post=81686"}],"curies":[{"name":"wp","href":"https:\/\/api.w.org\/{rel}","templated":true}]}}