{"id":81699,"date":"2018-09-27T23:07:05","date_gmt":"2018-09-28T02:07:05","guid":{"rendered":"http:\/\/www.hoymercedes.com.ar\/principal\/?p=81699"},"modified":"2018-09-27T16:11:13","modified_gmt":"2018-09-27T19:11:13","slug":"cine-mercedes-presenta-pie-pequeno-y-milla-22","status":"publish","type":"post","link":"https:\/\/www.hoymercedes.com.ar\/principal\/2018\/09\/27\/cine-mercedes-presenta-pie-pequeno-y-milla-22\/","title":{"rendered":"Cine Mercedes presenta \u00abPie Peque\u00f1o\u00bb y \u00abMilla 22\u00bb"},"content":{"rendered":"<p>Entre el viernes 28 de septiembre al martes 2 de octubre, el Cine Mercedes proyecta dos pel\u00edculas. Para los m\u00e1s peque\u00f1os la pel\u00edcula animada \u00abPi\u00e9 Peque\u00f1o\u00bb en la funci\u00f3n de la hora 19:30, mientras que para los amantes de la acci\u00f3n, \u00abMilla 22: El Escape\u00bb en la funci\u00f3n de las 21:30 y el s\u00e1bado trasnoche (23:30 hs)<\/p>\n<p><img loading=\"lazy\" decoding=\"async\" data-attachment-id=\"81700\" data-permalink=\"https:\/\/www.hoymercedes.com.ar\/principal\/2018\/09\/27\/cine-mercedes-presenta-pie-pequeno-y-milla-22\/27-cine-mercedes\/#main\" data-orig-file=\"https:\/\/www.hoymercedes.com.ar\/principal\/wp-content\/uploads\/2018\/09\/27-cine-mercedes.jpg\" data-orig-size=\"750,312\" data-comments-opened=\"0\" data-image-meta=\"{&quot;aperture&quot;:&quot;0&quot;,&quot;credit&quot;:&quot;&quot;,&quot;camera&quot;:&quot;&quot;,&quot;caption&quot;:&quot;&quot;,&quot;created_timestamp&quot;:&quot;0&quot;,&quot;copyright&quot;:&quot;&quot;,&quot;focal_length&quot;:&quot;0&quot;,&quot;iso&quot;:&quot;0&quot;,&quot;shutter_speed&quot;:&quot;0&quot;,&quot;title&quot;:&quot;&quot;,&quot;orientation&quot;:&quot;0&quot;}\" data-image-title=\"27 cine mercedes\" data-image-description=\"\" data-image-caption=\"\" data-large-file=\"https:\/\/www.hoymercedes.com.ar\/principal\/wp-content\/uploads\/2018\/09\/27-cine-mercedes.jpg\" class=\"aligncenter size-medium wp-image-81700\" src=\"https:\/\/www.hoymercedes.com.ar\/principal\/wp-content\/uploads\/2018\/09\/27-cine-mercedes-630x262.jpg\" alt=\"\" width=\"630\" height=\"262\" srcset=\"https:\/\/www.hoymercedes.com.ar\/principal\/wp-content\/uploads\/2018\/09\/27-cine-mercedes-630x262.jpg 630w, https:\/\/www.hoymercedes.com.ar\/principal\/wp-content\/uploads\/2018\/09\/27-cine-mercedes-150x62.jpg 150w, https:\/\/www.hoymercedes.com.ar\/principal\/wp-content\/uploads\/2018\/09\/27-cine-mercedes.jpg 750w\" sizes=\"auto, (max-width: 630px) 100vw, 630px\" \/><\/p>\n<p>\u00abPi\u00e9 Peque\u00f1o\u00bb (ATP) Del viernes 28 de septiembre al martes 2 de octubre. Funciones:\u00a019:30 hs. (3D &#8211; castellano). Sinopsis:\u00a0\u201cPiePeque\u00f1o\u201d pone patas arriba la leyenda de Pie Grande cuando un joven y brillante Yeti encuentra algo que cre\u00eda que no exist\u00eda: un ser humano. Las noticias de este pie peque\u00f1o le dan fama y una oportunidad con la chica de sus sue\u00f1os. Tambi\u00e9n arroja a la simple comunidad Yeti en un alboroto sobre qu\u00e9 m\u00e1s podr\u00eda existir en el mundo m\u00e1s all\u00e1 de su aldea nevada, en una historia alegre sobre la amistad, el coraje y la alegr\u00eda del descubrimiento.\u00a0G\u00e9nero: Familiar, Comedia, Animaci\u00f3n.\u00a0Director: Glenn Ficarra, John Requa.\u00a0Calificaci\u00f3n: Apta para todo p\u00fablico. Duraci\u00f3n: 96 Minutos.\u00a0Origen: Estados Unidos.<\/p>\n<p>\u00abMilla 22: El Escape\u00bb (+16). Del viernes 28 de septiembre al martes 2 de octubre. Funciones:\u00a021:30 hs. (2D &#8211; castellano) y s\u00e1bado trasnoche\u00a023:30 hs. (2D &#8211; subtitulada). Sinopsis:\u00a0James Silva un agente enviado a un pa\u00eds extranjero para vigilar las actividades nucleares. Cuando se produce el rob\u00f3 de de material radioactivo. La clave la tiene el funcionario Li, alguien con informaci\u00f3n sobre el robo pero que solo est\u00e1 dispuesto a darla a cambio de ser transportado a los Estados Unidos con seguridad. James junto con su equipo tiene que llevarlo a salvo durante 22 millas.\u00a0G\u00e9nero: Acci\u00f3n.\u00a0Actores: Mark Wahlberg, Lauren Cohan, John Malkovich.\u00a0Director: Peter Berg.\u00a0Calificaci\u00f3n: Apta para mayores de 16 a\u00f1os.\u00a0Duraci\u00f3n: 94 Minutos\u00a0Origen: Estados Unidos.<\/p>\n","protected":false},"excerpt":{"rendered":"<p>Entre el viernes 28 de septiembre al martes 2 de octubre, el Cine Mercedes proyecta dos pel\u00edculas. Para los m\u00e1s &#8230; <a title=\"Cine Mercedes presenta \u00abPie Peque\u00f1o\u00bb y \u00abMilla 22\u00bb\" class=\"read-more\" href=\"https:\/\/www.hoymercedes.com.ar\/principal\/2018\/09\/27\/cine-mercedes-presenta-pie-pequeno-y-milla-22\/\" aria-label=\"Leer m\u00e1s sobre Cine Mercedes presenta \u00abPie Peque\u00f1o\u00bb y \u00abMilla 22\u00bb\">Leer m\u00e1s<\/a><\/p>\n","protected":false},"author":1,"featured_media":81700,"comment_status":"closed","ping_status":"open","sticky":false,"template":"","format":"standard","meta":{"_monsterinsights_skip_tracking":false,"_monsterinsights_sitenote_active":false,"_monsterinsights_sitenote_note":"","_monsterinsights_sitenote_category":0,"jetpack_post_was_ever_published":false,"_jetpack_newsletter_access":"","_jetpack_dont_email_post_to_subs":false,"_jetpack_newsletter_tier_id":0,"_jetpack_memberships_contains_paywalled_content":false,"_jetpack_memberships_contains_paid_content":false,"footnotes":"","jetpack_publicize_message":"","jetpack_publicize_feature_enabled":true,"jetpack_social_post_already_shared":true,"jetpack_social_options":{"image_generator_settings":{"template":"highway","default_image_id":0,"font":"","enabled":false},"version":2},"_wpas_customize_per_network":false},"categories":[104],"tags":[984,7805,10,8642],"class_list":["post-81699","post","type-post","status-publish","format-standard","has-post-thumbnail","hentry","category-cultura","tag-cine-mercedes","tag-cultura","tag-mercedes","tag-programacion","generate-columns","tablet-grid-50","mobile-grid-100","grid-parent","grid-50"],"jetpack_publicize_connections":[],"jetpack_featured_media_url":"https:\/\/www.hoymercedes.com.ar\/principal\/wp-content\/uploads\/2018\/09\/27-cine-mercedes.jpg","wps_subtitle":"Cartelera local","jetpack_sharing_enabled":true,"_links":{"self":[{"href":"https:\/\/www.hoymercedes.com.ar\/principal\/wp-json\/wp\/v2\/posts\/81699","targetHints":{"allow":["GET"]}}],"collection":[{"href":"https:\/\/www.hoymercedes.com.ar\/principal\/wp-json\/wp\/v2\/posts"}],"about":[{"href":"https:\/\/www.hoymercedes.com.ar\/principal\/wp-json\/wp\/v2\/types\/post"}],"author":[{"embeddable":true,"href":"https:\/\/www.hoymercedes.com.ar\/principal\/wp-json\/wp\/v2\/users\/1"}],"replies":[{"embeddable":true,"href":"https:\/\/www.hoymercedes.com.ar\/principal\/wp-json\/wp\/v2\/comments?post=81699"}],"version-history":[{"count":0,"href":"https:\/\/www.hoymercedes.com.ar\/principal\/wp-json\/wp\/v2\/posts\/81699\/revisions"}],"wp:featuredmedia":[{"embeddable":true,"href":"https:\/\/www.hoymercedes.com.ar\/principal\/wp-json\/wp\/v2\/media\/81700"}],"wp:attachment":[{"href":"https:\/\/www.hoymercedes.com.ar\/principal\/wp-json\/wp\/v2\/media?parent=81699"}],"wp:term":[{"taxonomy":"category","embeddable":true,"href":"https:\/\/www.hoymercedes.com.ar\/principal\/wp-json\/wp\/v2\/categories?post=81699"},{"taxonomy":"post_tag","embeddable":true,"href":"https:\/\/www.hoymercedes.com.ar\/principal\/wp-json\/wp\/v2\/tags?post=81699"}],"curies":[{"name":"wp","href":"https:\/\/api.w.org\/{rel}","templated":true}]}}