{"id":8170,"date":"2011-10-11T12:34:18","date_gmt":"2011-10-11T12:34:18","guid":{"rendered":"http:\/\/www.hoymercedes.com.ar\/principal\/?p=8170"},"modified":"2011-10-11T12:34:18","modified_gmt":"2011-10-11T12:34:18","slug":"se-concreto-la-inauguracion-del-nuevo-ordenamiento-en-tomas-jofe","status":"publish","type":"post","link":"https:\/\/www.hoymercedes.com.ar\/principal\/2011\/10\/11\/se-concreto-la-inauguracion-del-nuevo-ordenamiento-en-tomas-jofe\/","title":{"rendered":"Se concret\u00f3 la inauguraci\u00f3n del nuevo ordenamiento en Tomas Jof\u00e9"},"content":{"rendered":"<p><a href=\"https:\/\/www.hoymercedes.com.ar\/principal\/wp-content\/uploads\/2011\/10\/Carteles-Tom\u00e1sJofr\u00e9.jpg\"><img loading=\"lazy\" decoding=\"async\" data-attachment-id=\"8172\" data-permalink=\"https:\/\/www.hoymercedes.com.ar\/principal\/2011\/10\/11\/se-concreto-la-inauguracion-del-nuevo-ordenamiento-en-tomas-jofe\/carteles-tomasjofre\/#main\" data-orig-file=\"https:\/\/www.hoymercedes.com.ar\/principal\/wp-content\/uploads\/2011\/10\/Carteles-Tom\u00e1sJofr\u00e9.jpg\" data-orig-size=\"612,344\" data-comments-opened=\"1\" data-image-meta=\"{&quot;aperture&quot;:&quot;5.6&quot;,&quot;credit&quot;:&quot;&quot;,&quot;camera&quot;:&quot;DSC-S730&quot;,&quot;caption&quot;:&quot;&quot;,&quot;created_timestamp&quot;:&quot;1315575688&quot;,&quot;copyright&quot;:&quot;&quot;,&quot;focal_length&quot;:&quot;5.8&quot;,&quot;iso&quot;:&quot;100&quot;,&quot;shutter_speed&quot;:&quot;0.004&quot;,&quot;title&quot;:&quot;&quot;}\" data-image-title=\"Carteles-Tom\u00e1sJofr\u00e9\" data-image-description=\"\" data-image-caption=\"\" data-large-file=\"https:\/\/www.hoymercedes.com.ar\/principal\/wp-content\/uploads\/2011\/10\/Carteles-Tom\u00e1sJofr\u00e9.jpg\" class=\"aligncenter size-full wp-image-8172\" title=\"Carteles-Tom\u00e1sJofr\u00e9\" src=\"https:\/\/www.hoymercedes.com.ar\/principal\/wp-content\/uploads\/2011\/10\/Carteles-Tom\u00e1sJofr\u00e9.jpg\" alt=\"\" width=\"612\" height=\"344\" \/><\/a><\/p>\n<p>Incluye la nueva carteler\u00eda, la cabina de informaciones recientemente construida y el complemento para los diferentes puestos donde desarrollan sus tareas emprendedores y artesanos.<\/p>\n<p>Finalmente se concret\u00f3 ayer en Tom\u00e1s Jofre, concretamente en la plaza que el nombre de Domingo Silvano el acto para dejar formalmente habilitada la instalaci\u00f3n de la nueva cabina de informaciones construida sobre el ingreso al Polo gastron\u00f3mico como as\u00ed tambi\u00e9n la nueva carteler\u00eda que como se recordar\u00e1 al igual que los materiales para los stands donde se ubicaran desde ahora en adelante emprendedores y artesanos se pudieron realizar gracias al aporte efectuado desde la provincia por la Secretar\u00eda de Turismo.<\/p>\n<p>Las tareas contaron con el trabajo de varias \u00e1reas del municipio y lamentablemente no pudieron completarse tal como los responsables de las misma esperaban debido a la lluvia que cay\u00f3 en nuestro Partido a lo largo de la \u00faltimas horas lo cual oblig\u00f3 a suspender el acto que originalmente hab\u00eda sido programado para el domingo y pasarlo a este lunes aprovechando que se trataba de un d\u00eda feriado.<\/p>\n<p>El acto efectuado ayer cont\u00f3 con la presencia del intendente Carlos Selva, funcionarios municipales, concejales, otros funcionarios, vecinos del lugar, invitados especiales. No pudieron concurrir los integrantes de la Secretar\u00eda de Turismo de la provincia debido a que originalmente hab\u00edan contra\u00eddo el compromiso de hacerlo para el domingo.<\/p>\n<p>La serie de oradoires comenz\u00f3 con quien hace pocos d\u00edas fue consagrada Reina Nacional del Salame Quintero quien pidi\u00f3 hablar ya que se desempe\u00f1a como moza en uno de los restaurantes del lugar en representaci\u00f3n de los mismos, luego habl\u00f3 Luis Acosta en representaci\u00f3n de los artesanos y emprendedores que desde ahora van a contar con su stand fijo y permanente agradeciendo la tarea realizada desde el municipio ya que se hab\u00eda logrado un ordenamiento muy especial para la tarea que ellos desarrollan reconociendo que m\u00e1s de una ve vez hab\u00eda pensado que ello nunca se iba a lograr recalcando la importancia que ahora tiene contar con un lugar propio cuando nunca antes lo hab\u00edan tenido.<\/p>\n<p>En tercer lugar hizo uso de la palabra Domingo Minino Silvano teniendo en cuenta que la plaza del pueblo lleva el nombre de su padre, uno de los primeros que impulso el desarrollo de las actividades gastron\u00f3micas en el lugar.<\/p>\n<p>Silvano record\u00f3 los comienzos de sus padres y la importancia que en la actualidad tiene el trabajo de todos los prestadores.<\/p>\n<p>Luego hizo uso de la palabra el Director de Turismo Marcelo Melo quien destac\u00f3 las tareas efectuadas en el lugar y finalmente el intendente Carlos Selva.<\/p>\n<p>La parte art\u00edstica propiamente dicha se llev\u00f3 a cabo ante una muy importante cantidad de publico actuando entre otros Sebasti\u00e1n Fredes y El Gringo y Orlando.<\/p>\n<p>Finalmente Marcelo Melo sostuvo \u201ccreo que hemos logrado algo muy importante para encuadrar de manera definitiva las actividades que se desarrollan los fines de semana en este lugar y por otra parte ya contamos con una cabina de informaciones realmente adaptada a las necesidades que los turistas puedan tener en la actualidad inclusive con una conexi\u00f3n a la red de Internet\u201d.<\/p>\n<p>&nbsp;<\/p>\n","protected":false},"excerpt":{"rendered":"<p>Incluye la nueva carteler\u00eda, la cabina de informaciones recientemente construida y el complemento para los diferentes puestos donde desarrollan sus &#8230; <a title=\"Se concret\u00f3 la inauguraci\u00f3n del nuevo ordenamiento en Tomas Jof\u00e9\" class=\"read-more\" href=\"https:\/\/www.hoymercedes.com.ar\/principal\/2011\/10\/11\/se-concreto-la-inauguracion-del-nuevo-ordenamiento-en-tomas-jofe\/\" aria-label=\"Leer m\u00e1s sobre Se concret\u00f3 la inauguraci\u00f3n del nuevo ordenamiento en Tomas Jof\u00e9\">Leer m\u00e1s<\/a><\/p>\n","protected":false},"author":1,"featured_media":0,"comment_status":"open","ping_status":"open","sticky":false,"template":"","format":"standard","meta":{"_monsterinsights_skip_tracking":false,"_monsterinsights_sitenote_active":false,"_monsterinsights_sitenote_note":"","_monsterinsights_sitenote_category":0,"jetpack_post_was_ever_published":false,"_jetpack_newsletter_access":"","_jetpack_dont_email_post_to_subs":false,"_jetpack_newsletter_tier_id":0,"_jetpack_memberships_contains_paywalled_content":false,"_jetpack_memberships_contains_paid_content":false,"footnotes":"","jetpack_publicize_message":"","jetpack_publicize_feature_enabled":true,"jetpack_social_post_already_shared":false,"jetpack_social_options":{"image_generator_settings":{"template":"highway","default_image_id":0,"font":"","enabled":false},"version":2},"_wpas_customize_per_network":false},"categories":[30],"tags":[986,10,1450,18,594],"class_list":["post-8170","post","type-post","status-publish","format-standard","hentry","category-municipio","tag-direccion-de-turismo","tag-mercedes","tag-obras-tomas-jofre","tag-selva","tag-tomas-jofre","generate-columns","tablet-grid-50","mobile-grid-100","grid-parent","grid-50"],"jetpack_publicize_connections":[],"jetpack_featured_media_url":"","wps_subtitle":"","jetpack_sharing_enabled":true,"_links":{"self":[{"href":"https:\/\/www.hoymercedes.com.ar\/principal\/wp-json\/wp\/v2\/posts\/8170","targetHints":{"allow":["GET"]}}],"collection":[{"href":"https:\/\/www.hoymercedes.com.ar\/principal\/wp-json\/wp\/v2\/posts"}],"about":[{"href":"https:\/\/www.hoymercedes.com.ar\/principal\/wp-json\/wp\/v2\/types\/post"}],"author":[{"embeddable":true,"href":"https:\/\/www.hoymercedes.com.ar\/principal\/wp-json\/wp\/v2\/users\/1"}],"replies":[{"embeddable":true,"href":"https:\/\/www.hoymercedes.com.ar\/principal\/wp-json\/wp\/v2\/comments?post=8170"}],"version-history":[{"count":0,"href":"https:\/\/www.hoymercedes.com.ar\/principal\/wp-json\/wp\/v2\/posts\/8170\/revisions"}],"wp:attachment":[{"href":"https:\/\/www.hoymercedes.com.ar\/principal\/wp-json\/wp\/v2\/media?parent=8170"}],"wp:term":[{"taxonomy":"category","embeddable":true,"href":"https:\/\/www.hoymercedes.com.ar\/principal\/wp-json\/wp\/v2\/categories?post=8170"},{"taxonomy":"post_tag","embeddable":true,"href":"https:\/\/www.hoymercedes.com.ar\/principal\/wp-json\/wp\/v2\/tags?post=8170"}],"curies":[{"name":"wp","href":"https:\/\/api.w.org\/{rel}","templated":true}]}}