{"id":81705,"date":"2018-09-27T16:15:37","date_gmt":"2018-09-27T19:15:37","guid":{"rendered":"http:\/\/www.hoymercedes.com.ar\/principal\/?p=81705"},"modified":"2018-09-27T16:44:28","modified_gmt":"2018-09-27T19:44:28","slug":"concejales-aprobaron-ordenanza-que-municipaliza-el-servicio-del-transporte-publico","status":"publish","type":"post","link":"https:\/\/www.hoymercedes.com.ar\/principal\/2018\/09\/27\/concejales-aprobaron-ordenanza-que-municipaliza-el-servicio-del-transporte-publico\/","title":{"rendered":"Concejales aprobaron ordenanza que municipaliza el servicio del transporte p\u00fablico"},"content":{"rendered":"<p>El proyecto del Departamento Ejecutivo se present\u00f3 en la tarde del mi\u00e9rcoles para que en las primeras horas de la ma\u00f1ana del jueves, el Concejo Deliberante en sesi\u00f3n ordinaria \u2013 trasladada de fecha por el asueto y el paro \u2013 aprobase la municipalizaci\u00f3n del servicio de transporte p\u00fablico de pasajeros en el marco de la emergencia declarada en 2015.<\/p>\n<figure id=\"attachment_81703\" aria-describedby=\"caption-attachment-81703\" style=\"width: 620px\" class=\"wp-caption aligncenter\"><img loading=\"lazy\" decoding=\"async\" data-attachment-id=\"81703\" data-permalink=\"https:\/\/www.hoymercedes.com.ar\/principal\/2018\/09\/27\/cine-mercedes-presenta-pie-pequeno-y-milla-22\/27-sesion-hcd-3-colectivos\/#main\" data-orig-file=\"https:\/\/www.hoymercedes.com.ar\/principal\/wp-content\/uploads\/2018\/09\/27-sesion-hcd-3-colectivos.jpg\" data-orig-size=\"750,500\" data-comments-opened=\"0\" data-image-meta=\"{&quot;aperture&quot;:&quot;2&quot;,&quot;credit&quot;:&quot;&quot;,&quot;camera&quot;:&quot;Moto G (5S) Plus&quot;,&quot;caption&quot;:&quot;&quot;,&quot;created_timestamp&quot;:&quot;1538039525&quot;,&quot;copyright&quot;:&quot;&quot;,&quot;focal_length&quot;:&quot;3.59&quot;,&quot;iso&quot;:&quot;687&quot;,&quot;shutter_speed&quot;:&quot;0.03030303030303&quot;,&quot;title&quot;:&quot;&quot;,&quot;orientation&quot;:&quot;1&quot;}\" data-image-title=\"27 sesion hcd 3 colectivos\" data-image-description=\"\" data-image-caption=\"&lt;p&gt;Coral R\u00e9 solicit\u00f3 hablar ante los concejales por la l\u00ednea 2 de colectivos&lt;\/p&gt;\n\" data-large-file=\"https:\/\/www.hoymercedes.com.ar\/principal\/wp-content\/uploads\/2018\/09\/27-sesion-hcd-3-colectivos.jpg\" class=\"size-medium wp-image-81703\" src=\"https:\/\/www.hoymercedes.com.ar\/principal\/wp-content\/uploads\/2018\/09\/27-sesion-hcd-3-colectivos-630x420.jpg\" alt=\"\" width=\"630\" height=\"420\" srcset=\"https:\/\/www.hoymercedes.com.ar\/principal\/wp-content\/uploads\/2018\/09\/27-sesion-hcd-3-colectivos-630x420.jpg 630w, https:\/\/www.hoymercedes.com.ar\/principal\/wp-content\/uploads\/2018\/09\/27-sesion-hcd-3-colectivos-150x100.jpg 150w, https:\/\/www.hoymercedes.com.ar\/principal\/wp-content\/uploads\/2018\/09\/27-sesion-hcd-3-colectivos.jpg 750w\" sizes=\"auto, (max-width: 630px) 100vw, 630px\" \/><figcaption id=\"caption-attachment-81703\" class=\"wp-caption-text\">Coral R\u00e9 solicit\u00f3 hablar ante los concejales por la l\u00ednea 2 de colectivos<\/figcaption><\/figure>\n<p>A la hora de tratar el expediente que no estaba en el orden del d\u00eda, \u00e9ste debi\u00f3 alterarse para que los legisladores ingresen el proyecto y lo traten en la sesi\u00f3n de manera urgente para que el Departamento Ejecutivo termine las gestiones iniciadas para que los colectivos urbanos pasen a la \u00f3rbita municipal.<\/p>\n<p>Los concejales referentes de distintos bloques expresaron el acompa\u00f1amiento al proyecto y en sus distintas intervenciones afirmaron que aprobar\u00edan el proyecto que finalmente se dar\u00eda por unanimidad. Los bloques opositores al gobierno local destacaron la aprobaci\u00f3n y expresaron su disposici\u00f3n para aprobar propuestas que beneficien a los vecinos en general y a los usuarios del transporte p\u00fablico de pasajeros en particular.<\/p>\n<p>Con la decisi\u00f3n tomada por los concejales presentes, el Concejo Deliberante autoriz\u00f3 a que dos vecinas expresasen sus opiniones ante los legisladores. Una de ellas, Coral R\u00e9, usuaria de la l\u00ednea 2 que dej\u00f3 de funcionar hace un par de semanas, expres\u00f3 que \u201cde hace meses ven\u00eda el problema\u201d y le pidi\u00f3 a los concejales y al municipio que resuelvan el problema para los vecinos que \u201cperdieron sus trabajos por no tener c\u00f3mo movilizarse\u201d desde sus domicilios hasta los lugares de trabajo. \u201cSomos muchos los que no tenemos movilidad. Los que trabajan todos los d\u00edas no tienen como hacerlo. Tienen que pensar en los horarios en donde m\u00e1s se necesita, no ser\u00eda necesario que funcionen todo el d\u00eda, pero s\u00ed en los horarios escolares y de ingreso a los trabajos. Ustedes tienen las herramientas para solucionarlo. Dar\u00e9 mi confianza para que se solucione pronto. No tarden mucho porque hay gente que est\u00e1 perdiendo sus trabajos por esto\u201d, resalt\u00f3 Coral.<\/p>\n<figure id=\"attachment_81702\" aria-describedby=\"caption-attachment-81702\" style=\"width: 620px\" class=\"wp-caption aligncenter\"><img loading=\"lazy\" decoding=\"async\" data-attachment-id=\"81702\" data-permalink=\"https:\/\/www.hoymercedes.com.ar\/principal\/2018\/09\/27\/cine-mercedes-presenta-pie-pequeno-y-milla-22\/27-sesion-hcd-2-colectivos\/#main\" data-orig-file=\"https:\/\/www.hoymercedes.com.ar\/principal\/wp-content\/uploads\/2018\/09\/27-sesion-hcd-2-colectivos.jpg\" data-orig-size=\"750,563\" data-comments-opened=\"0\" data-image-meta=\"{&quot;aperture&quot;:&quot;2&quot;,&quot;credit&quot;:&quot;&quot;,&quot;camera&quot;:&quot;Moto G (5S) Plus&quot;,&quot;caption&quot;:&quot;&quot;,&quot;created_timestamp&quot;:&quot;1538039613&quot;,&quot;copyright&quot;:&quot;&quot;,&quot;focal_length&quot;:&quot;3.59&quot;,&quot;iso&quot;:&quot;775&quot;,&quot;shutter_speed&quot;:&quot;0.03030303030303&quot;,&quot;title&quot;:&quot;&quot;,&quot;orientation&quot;:&quot;1&quot;}\" data-image-title=\"27 sesion hcd 2 colectivos\" data-image-description=\"\" data-image-caption=\"&lt;p&gt;La vecina Alicia Negri expres\u00f3 su preocupaci\u00f3n por los chicos que van en colectivo a las escuelas. &lt;\/p&gt;\n\" data-large-file=\"https:\/\/www.hoymercedes.com.ar\/principal\/wp-content\/uploads\/2018\/09\/27-sesion-hcd-2-colectivos.jpg\" class=\"size-medium wp-image-81702\" src=\"https:\/\/www.hoymercedes.com.ar\/principal\/wp-content\/uploads\/2018\/09\/27-sesion-hcd-2-colectivos-630x473.jpg\" alt=\"\" width=\"630\" height=\"473\" srcset=\"https:\/\/www.hoymercedes.com.ar\/principal\/wp-content\/uploads\/2018\/09\/27-sesion-hcd-2-colectivos-630x473.jpg 630w, https:\/\/www.hoymercedes.com.ar\/principal\/wp-content\/uploads\/2018\/09\/27-sesion-hcd-2-colectivos-150x113.jpg 150w, https:\/\/www.hoymercedes.com.ar\/principal\/wp-content\/uploads\/2018\/09\/27-sesion-hcd-2-colectivos.jpg 750w\" sizes=\"auto, (max-width: 630px) 100vw, 630px\" \/><figcaption id=\"caption-attachment-81702\" class=\"wp-caption-text\">La vecina Alicia Negri expres\u00f3 su preocupaci\u00f3n por los chicos que van en colectivo a las escuelas.<\/figcaption><\/figure>\n<p>Por su parte, Alicia Negri, usuaria de la l\u00ednea 1 que hasta fin de mes circular\u00e1 desde Matienzo al Cementerio. \u201cEl colectivo terminar\u00e1 en estos d\u00edas, los chicos se quedar\u00e1n sin colectivos para ir a las escuelas. Los remises est\u00e1n caros. Pido que por lo menos haya un colectivo para que los chicos vayan al colegio. Yo trabajo y no s\u00e9 c\u00f3mo har\u00e9 si no contin\u00faa el colectivo. Porque vivo lejos. Pero me importan m\u00e1s los chicos. Porque muchos podr\u00edan dejar de ir al colegio por esto\u201d, resalt\u00f3 la vecina cercana al matadero.<\/p>\n<p>Votada la nueva ordenanza, los Concejales le permitieron a la Subsecretaria de Seguridad, Clara Zunino, tomar la palabra para sintetizar cu\u00e1les ser\u00edan los pasos a seguir. La funcionaria agradeci\u00f3 la aprobaci\u00f3n del proyecto y dijo que \u201cla premura\u201d tiene que ver con el anuncio de la empresa de no continuar con el servicio a partir del cambio de modalidad de subsidio. \u201cNo hubo una respuesta por las gestiones realizadas, por eso presentamos el proyecto a \u00faltima hora para que los vecinos no se queden sin transporte p\u00fablico ni un d\u00eda. El proyecto es amplio porque debemos establecer modalidades para la cobertura de servicio. La importancia de tener la ordenanza aprobada hoy es que la junta directiva de Atl\u00e1ntida contin\u00fae prestando el servicio hasta que terminemos la transferencia de los veh\u00edculos con los seguros correspondientes. Llevamos tranquilidad a los vecinos porque el transporte seguir\u00e1 funcionando, quiz\u00e1s m\u00e1s limitado, tal vez con menos frecuencia, pero restableceremos la l\u00ednea 1 y 2. Les agradezco a los concejales y a presidencia por la premura y la aprobaci\u00f3n\u201d, expres\u00f3 Zunino. Unos minutos m\u00e1s tarde ser\u00eda el intendente Ustarroz el que brindar\u00eda una conferencia de prensa sobre el tema (<a href=\"https:\/\/www.hoymercedes.com.ar\/principal\/2018\/09\/27\/municipio-avanza-con-el-objetivo-de-sostener-el-transporte-publico-de-pasajeros\/\" target=\"_blank\" rel=\"noopener\">VER APARTE<\/a>).<\/p>\n<figure id=\"attachment_81701\" aria-describedby=\"caption-attachment-81701\" style=\"width: 620px\" class=\"wp-caption aligncenter\"><img loading=\"lazy\" decoding=\"async\" data-attachment-id=\"81701\" data-permalink=\"https:\/\/www.hoymercedes.com.ar\/principal\/2018\/09\/27\/cine-mercedes-presenta-pie-pequeno-y-milla-22\/27-sesion-hcd-1-colectivos\/#main\" data-orig-file=\"https:\/\/www.hoymercedes.com.ar\/principal\/wp-content\/uploads\/2018\/09\/27-sesion-hcd-1-colectivos.jpg\" data-orig-size=\"750,563\" data-comments-opened=\"0\" data-image-meta=\"{&quot;aperture&quot;:&quot;2&quot;,&quot;credit&quot;:&quot;&quot;,&quot;camera&quot;:&quot;Moto G (5S) Plus&quot;,&quot;caption&quot;:&quot;&quot;,&quot;created_timestamp&quot;:&quot;1538039781&quot;,&quot;copyright&quot;:&quot;&quot;,&quot;focal_length&quot;:&quot;3.59&quot;,&quot;iso&quot;:&quot;559&quot;,&quot;shutter_speed&quot;:&quot;0.03030303030303&quot;,&quot;title&quot;:&quot;&quot;,&quot;orientation&quot;:&quot;1&quot;}\" data-image-title=\"27 sesion hcd 1 colectivos\" data-image-description=\"\" data-image-caption=\"&lt;p&gt;La SubSecrertaria de Seguridad Clara Zunino agradeci\u00f3 la votaci\u00f3n que permitir\u00e1 acelerar la compra de los veh\u00edculos. &lt;\/p&gt;\n\" data-large-file=\"https:\/\/www.hoymercedes.com.ar\/principal\/wp-content\/uploads\/2018\/09\/27-sesion-hcd-1-colectivos.jpg\" class=\"size-medium wp-image-81701\" src=\"https:\/\/www.hoymercedes.com.ar\/principal\/wp-content\/uploads\/2018\/09\/27-sesion-hcd-1-colectivos-630x473.jpg\" alt=\"\" width=\"630\" height=\"473\" srcset=\"https:\/\/www.hoymercedes.com.ar\/principal\/wp-content\/uploads\/2018\/09\/27-sesion-hcd-1-colectivos-630x473.jpg 630w, https:\/\/www.hoymercedes.com.ar\/principal\/wp-content\/uploads\/2018\/09\/27-sesion-hcd-1-colectivos-150x113.jpg 150w, https:\/\/www.hoymercedes.com.ar\/principal\/wp-content\/uploads\/2018\/09\/27-sesion-hcd-1-colectivos.jpg 750w\" sizes=\"auto, (max-width: 630px) 100vw, 630px\" \/><figcaption id=\"caption-attachment-81701\" class=\"wp-caption-text\">La SubSecrertaria de Seguridad Clara Zunino agradeci\u00f3 la votaci\u00f3n que permitir\u00e1 acelerar la compra de los veh\u00edculos.<\/figcaption><\/figure>\n<p>La ordenanza establece la compra de los cuatro veh\u00edculos que la empresa Atl\u00e1ntida destinaba para Mercedes en 1.500.000 de pesos. Adem\u00e1s crear\u00eda del Departamento de Transporte dentro de la Secretar\u00eda de Seguridad para sumar entre 3 y 8 nuevos cargos \u201cpara garantizar la prestaci\u00f3n del servicio de transporte p\u00fablico de pasajeros\u201d, incluyendo aqu\u00ed a nuevos colectiveros ya que los que hoy conducen los veh\u00edculos tienen una relaci\u00f3n laboral con la empresa Atl\u00e1ntida que tiene a su cargo el servicio hasta fin de mes.<\/p>\n<p>Por Clarisa Altieri<\/p>\n","protected":false},"excerpt":{"rendered":"<p>El proyecto del Departamento Ejecutivo se present\u00f3 en la tarde del mi\u00e9rcoles para que en las primeras horas de la &#8230; <a title=\"Concejales aprobaron ordenanza que municipaliza el servicio del transporte p\u00fablico\" class=\"read-more\" href=\"https:\/\/www.hoymercedes.com.ar\/principal\/2018\/09\/27\/concejales-aprobaron-ordenanza-que-municipaliza-el-servicio-del-transporte-publico\/\" aria-label=\"Leer m\u00e1s sobre Concejales aprobaron ordenanza que municipaliza el servicio del transporte p\u00fablico\">Leer m\u00e1s<\/a><\/p>\n","protected":false},"author":1,"featured_media":81701,"comment_status":"closed","ping_status":"open","sticky":false,"template":"","format":"standard","meta":{"_monsterinsights_skip_tracking":false,"_monsterinsights_sitenote_active":false,"_monsterinsights_sitenote_note":"","_monsterinsights_sitenote_category":0,"jetpack_post_was_ever_published":false,"_jetpack_newsletter_access":"","_jetpack_dont_email_post_to_subs":false,"_jetpack_newsletter_tier_id":0,"_jetpack_memberships_contains_paywalled_content":false,"_jetpack_memberships_contains_paid_content":false,"footnotes":"","jetpack_publicize_message":"","jetpack_publicize_feature_enabled":true,"jetpack_social_post_already_shared":true,"jetpack_social_options":{"image_generator_settings":{"template":"highway","default_image_id":0,"font":"","enabled":false},"version":2},"_wpas_customize_per_network":false},"categories":[5],"tags":[12508,1244,8993,15,10,13790,9653,5319],"class_list":["post-81705","post","type-post","status-publish","format-standard","has-post-thumbnail","hentry","category-politica","tag-aprobacion","tag-colectivos","tag-concejales","tag-hcd","tag-mercedes","tag-municipalizacion-de-transporte-publico","tag-ordenanza","tag-politica-2","generate-columns","tablet-grid-50","mobile-grid-100","grid-parent","grid-50"],"jetpack_publicize_connections":[],"jetpack_featured_media_url":"https:\/\/www.hoymercedes.com.ar\/principal\/wp-content\/uploads\/2018\/09\/27-sesion-hcd-1-colectivos.jpg","wps_subtitle":"En la sesi\u00f3n de este jueves","jetpack_sharing_enabled":true,"_links":{"self":[{"href":"https:\/\/www.hoymercedes.com.ar\/principal\/wp-json\/wp\/v2\/posts\/81705","targetHints":{"allow":["GET"]}}],"collection":[{"href":"https:\/\/www.hoymercedes.com.ar\/principal\/wp-json\/wp\/v2\/posts"}],"about":[{"href":"https:\/\/www.hoymercedes.com.ar\/principal\/wp-json\/wp\/v2\/types\/post"}],"author":[{"embeddable":true,"href":"https:\/\/www.hoymercedes.com.ar\/principal\/wp-json\/wp\/v2\/users\/1"}],"replies":[{"embeddable":true,"href":"https:\/\/www.hoymercedes.com.ar\/principal\/wp-json\/wp\/v2\/comments?post=81705"}],"version-history":[{"count":0,"href":"https:\/\/www.hoymercedes.com.ar\/principal\/wp-json\/wp\/v2\/posts\/81705\/revisions"}],"wp:featuredmedia":[{"embeddable":true,"href":"https:\/\/www.hoymercedes.com.ar\/principal\/wp-json\/wp\/v2\/media\/81701"}],"wp:attachment":[{"href":"https:\/\/www.hoymercedes.com.ar\/principal\/wp-json\/wp\/v2\/media?parent=81705"}],"wp:term":[{"taxonomy":"category","embeddable":true,"href":"https:\/\/www.hoymercedes.com.ar\/principal\/wp-json\/wp\/v2\/categories?post=81705"},{"taxonomy":"post_tag","embeddable":true,"href":"https:\/\/www.hoymercedes.com.ar\/principal\/wp-json\/wp\/v2\/tags?post=81705"}],"curies":[{"name":"wp","href":"https:\/\/api.w.org\/{rel}","templated":true}]}}