{"id":81715,"date":"2018-09-27T18:30:32","date_gmt":"2018-09-27T21:30:32","guid":{"rendered":"http:\/\/www.hoymercedes.com.ar\/principal\/?p=81715"},"modified":"2018-09-27T20:50:54","modified_gmt":"2018-09-27T23:50:54","slug":"vocal-mercedes-entrego-su-produccion-discografica-a-victor-heredia","status":"publish","type":"post","link":"https:\/\/www.hoymercedes.com.ar\/principal\/2018\/09\/27\/vocal-mercedes-entrego-su-produccion-discografica-a-victor-heredia\/","title":{"rendered":"Vocal Mercedes entreg\u00f3 su producci\u00f3n discogr\u00e1fica a V\u00edctor Heredia"},"content":{"rendered":"<p><em><strong>El CD \u201cAntolog\u00eda\u201d de Vocal Mercedes est\u00e1 en mano del cantante V\u00edctor Heredia desde el \u00faltimo domingo. El material discogr\u00e1fico del cuarteto mercedino incluye tres temas del m\u00fasico que cerr\u00f3 la Fiesta del Salame Quintero.<\/strong><\/em><\/p>\n<p><img loading=\"lazy\" decoding=\"async\" data-attachment-id=\"81718\" data-permalink=\"https:\/\/www.hoymercedes.com.ar\/principal\/2018\/09\/27\/vocal-mercedes-entrego-su-produccion-discografica-a-victor-heredia\/27-vocal-merced-heredia\/#main\" data-orig-file=\"https:\/\/www.hoymercedes.com.ar\/principal\/wp-content\/uploads\/2018\/09\/27-vocal-merced-heredia.jpg\" data-orig-size=\"750,691\" data-comments-opened=\"0\" data-image-meta=\"{&quot;aperture&quot;:&quot;0&quot;,&quot;credit&quot;:&quot;&quot;,&quot;camera&quot;:&quot;&quot;,&quot;caption&quot;:&quot;&quot;,&quot;created_timestamp&quot;:&quot;1537912661&quot;,&quot;copyright&quot;:&quot;&quot;,&quot;focal_length&quot;:&quot;0&quot;,&quot;iso&quot;:&quot;0&quot;,&quot;shutter_speed&quot;:&quot;0&quot;,&quot;title&quot;:&quot;&quot;,&quot;orientation&quot;:&quot;1&quot;}\" data-image-title=\"27 vocal merced heredia\" data-image-description=\"\" data-image-caption=\"\" data-large-file=\"https:\/\/www.hoymercedes.com.ar\/principal\/wp-content\/uploads\/2018\/09\/27-vocal-merced-heredia.jpg\" class=\"aligncenter size-medium wp-image-81718\" src=\"https:\/\/www.hoymercedes.com.ar\/principal\/wp-content\/uploads\/2018\/09\/27-vocal-merced-heredia-630x580.jpg\" alt=\"\" width=\"630\" height=\"580\" srcset=\"https:\/\/www.hoymercedes.com.ar\/principal\/wp-content\/uploads\/2018\/09\/27-vocal-merced-heredia-630x580.jpg 630w, https:\/\/www.hoymercedes.com.ar\/principal\/wp-content\/uploads\/2018\/09\/27-vocal-merced-heredia-150x138.jpg 150w, https:\/\/www.hoymercedes.com.ar\/principal\/wp-content\/uploads\/2018\/09\/27-vocal-merced-heredia.jpg 750w\" sizes=\"auto, (max-width: 630px) 100vw, 630px\" \/><\/p>\n<p>En el marco de la fiesta, uno de los vocalistas del grupo Vocal Mercedes, Rodrigo Herrera, le entreg\u00f3 en mano el material discogr\u00e1fico del cuarteto, \u201cAntolog\u00eda\u201d. El disco incluye tres temas que llevan la autor\u00eda de V\u00edctor Heredia. \u00abInforme de la situaci\u00f3n\u00bb, \u00abBailando con tu sombra, Alel\u00ed\u00bb y \u00abPorque ha salido el sol\u00bb (con letra de Pablo Neruda).<\/p>\n<p>\u201cSe ha establecido una relaci\u00f3n muy importante que creemos habr\u00e1 de fructificar seguramente en alguna propuesta que este maravilloso interprete y creador de temas musicales tendr\u00e1 en cuenta para Vocal Mercedes\u201d, expresaron los integrantes del cuarteto vocal que agradecieron a la organizaci\u00f3n de la fiesta y al Municipio por favorecer el contacto con el m\u00fasica que estuvo en la ciudad el \u00faltimo fin de semana.<\/p>\n","protected":false},"excerpt":{"rendered":"<p>El CD \u201cAntolog\u00eda\u201d de Vocal Mercedes est\u00e1 en mano del cantante V\u00edctor Heredia desde el \u00faltimo domingo. El material discogr\u00e1fico &#8230; <a title=\"Vocal Mercedes entreg\u00f3 su producci\u00f3n discogr\u00e1fica a V\u00edctor Heredia\" class=\"read-more\" href=\"https:\/\/www.hoymercedes.com.ar\/principal\/2018\/09\/27\/vocal-mercedes-entrego-su-produccion-discografica-a-victor-heredia\/\" aria-label=\"Leer m\u00e1s sobre Vocal Mercedes entreg\u00f3 su producci\u00f3n discogr\u00e1fica a V\u00edctor Heredia\">Leer m\u00e1s<\/a><\/p>\n","protected":false},"author":1,"featured_media":81718,"comment_status":"closed","ping_status":"open","sticky":false,"template":"","format":"standard","meta":{"_monsterinsights_skip_tracking":false,"_monsterinsights_sitenote_active":false,"_monsterinsights_sitenote_note":"","_monsterinsights_sitenote_category":0,"jetpack_post_was_ever_published":false,"_jetpack_newsletter_access":"","_jetpack_dont_email_post_to_subs":false,"_jetpack_newsletter_tier_id":0,"_jetpack_memberships_contains_paywalled_content":false,"_jetpack_memberships_contains_paid_content":false,"footnotes":"","jetpack_publicize_message":"","jetpack_publicize_feature_enabled":true,"jetpack_social_post_already_shared":true,"jetpack_social_options":{"image_generator_settings":{"template":"highway","default_image_id":0,"font":"","enabled":false},"version":2},"_wpas_customize_per_network":false},"categories":[104],"tags":[13794,7805,8539,13793,2120],"class_list":["post-81715","post","type-post","status-publish","format-standard","has-post-thumbnail","hentry","category-cultura","tag-cd","tag-cultura","tag-musica","tag-victor-heredia","tag-vocal-mercedes","generate-columns","tablet-grid-50","mobile-grid-100","grid-parent","grid-50"],"jetpack_publicize_connections":[],"jetpack_featured_media_url":"https:\/\/www.hoymercedes.com.ar\/principal\/wp-content\/uploads\/2018\/09\/27-vocal-merced-heredia.jpg","wps_subtitle":"","jetpack_sharing_enabled":true,"_links":{"self":[{"href":"https:\/\/www.hoymercedes.com.ar\/principal\/wp-json\/wp\/v2\/posts\/81715","targetHints":{"allow":["GET"]}}],"collection":[{"href":"https:\/\/www.hoymercedes.com.ar\/principal\/wp-json\/wp\/v2\/posts"}],"about":[{"href":"https:\/\/www.hoymercedes.com.ar\/principal\/wp-json\/wp\/v2\/types\/post"}],"author":[{"embeddable":true,"href":"https:\/\/www.hoymercedes.com.ar\/principal\/wp-json\/wp\/v2\/users\/1"}],"replies":[{"embeddable":true,"href":"https:\/\/www.hoymercedes.com.ar\/principal\/wp-json\/wp\/v2\/comments?post=81715"}],"version-history":[{"count":0,"href":"https:\/\/www.hoymercedes.com.ar\/principal\/wp-json\/wp\/v2\/posts\/81715\/revisions"}],"wp:featuredmedia":[{"embeddable":true,"href":"https:\/\/www.hoymercedes.com.ar\/principal\/wp-json\/wp\/v2\/media\/81718"}],"wp:attachment":[{"href":"https:\/\/www.hoymercedes.com.ar\/principal\/wp-json\/wp\/v2\/media?parent=81715"}],"wp:term":[{"taxonomy":"category","embeddable":true,"href":"https:\/\/www.hoymercedes.com.ar\/principal\/wp-json\/wp\/v2\/categories?post=81715"},{"taxonomy":"post_tag","embeddable":true,"href":"https:\/\/www.hoymercedes.com.ar\/principal\/wp-json\/wp\/v2\/tags?post=81715"}],"curies":[{"name":"wp","href":"https:\/\/api.w.org\/{rel}","templated":true}]}}