{"id":81723,"date":"2018-09-27T22:02:30","date_gmt":"2018-09-28T01:02:30","guid":{"rendered":"http:\/\/www.hoymercedes.com.ar\/principal\/?p=81723"},"modified":"2018-09-27T21:15:30","modified_gmt":"2018-09-28T00:15:30","slug":"proteccion-civil-brindara-cursos-gratuitos","status":"publish","type":"post","link":"https:\/\/www.hoymercedes.com.ar\/principal\/2018\/09\/27\/proteccion-civil-brindara-cursos-gratuitos\/","title":{"rendered":"Protecci\u00f3n Civil brindar\u00e1 cursos gratuitos"},"content":{"rendered":"<p>Este s\u00e1bado 29 y domingo 30 la Direcci\u00f3n\u00a0de Protecci\u00f3n Civil de la Municipalidad de Mercedes brindar\u00e1 cursos gratuitos y abiertos a la comunidad. Estos cursos se dictar\u00e1n en\u00a0la Secretar\u00eda\u00a0de Desarrollo Social (ex-Instituto Unzu\u00e9) y se entregar\u00e1n certificados.<\/p>\n<p>Luego del curso dictado meses atr\u00e1s, el \u00e1rea de Protecci\u00f3n Civil propone una nueva oportunidad para que los vecinos aprendan sobre primeros auxilios y RCP\u00a0(Resucitaci\u00f3n Cardio Pulmonar). Esta vez ser\u00e1 doble jornada, s\u00e1bado 29 y domingo 30, de\u00a010 a\u00a018 horas. Esos d\u00edas tambi\u00e9n dictar\u00e1n un curso sobre control de hemorragias masivas, otro de alergias y envenenamiento por animales, y el \u00faltimo sobre la utilizaci\u00f3n de extintores.<\/p>\n<p>Esteban Chal\u00e1, Director de Protecci\u00f3n Civil, explic\u00f3 que los cursos apuntan a que \u00abcada d\u00eda m\u00e1s vecinos tengan conocimientos b\u00e1sicos sobre atenci\u00f3n pre hospitalaria en la v\u00eda p\u00fablica, o si tuvieron un accidente hogare\u00f1o, vinculados a variados aspectos, como fracturas, heridas, traumatismos y el RCP. Adem\u00e1s, se ense\u00f1a la maniobra completa de RCP para hacerlo correcta y adecuadamente y, sobre todo, de calidad para que sea efectivo a la hora de cruzarnos ante un caso\u201d.<\/p>\n<p>Es as\u00ed que ambos d\u00edas, de 10 a 18 horas, se dictar\u00e1 el curso de primeros auxilios y resucitaci\u00f3n cardiopulmonar. En tanto, el s\u00e1bado 29, de 11 a 13 horas, se dictar\u00e1 el curso\u00a0sobre control de hemorragias masivas. El domingo habr\u00e1 otras dos propuestas, de 11 a 13 horas, el curso ser\u00e1 sobre la utilizaci\u00f3n de extintores, mientras que de 14 a 17 horas, otro curso ser\u00e1 sobre \u201cAlergias generales y envenenamiento por animales\u201d.<\/p>\n<p>Todos los cursos son gratuitos y los interesados pueden solicitar mayor informaci\u00f3n o inscribirse en la oficina N\u00ba 31 de\u00a0la Secretar\u00eda\u00a0de Desarrollo Social (calle 47 y 26), o al mail:\u00a0pcmercedesbue@gmail.com.<\/p>\n<p>&nbsp;<\/p>\n","protected":false},"excerpt":{"rendered":"<p>Este s\u00e1bado 29 y domingo 30 la Direcci\u00f3n\u00a0de Protecci\u00f3n Civil de la Municipalidad de Mercedes brindar\u00e1 cursos gratuitos y abiertos &#8230; <a title=\"Protecci\u00f3n Civil brindar\u00e1 cursos gratuitos\" class=\"read-more\" href=\"https:\/\/www.hoymercedes.com.ar\/principal\/2018\/09\/27\/proteccion-civil-brindara-cursos-gratuitos\/\" aria-label=\"Leer m\u00e1s sobre Protecci\u00f3n Civil brindar\u00e1 cursos gratuitos\">Leer m\u00e1s<\/a><\/p>\n","protected":false},"author":1,"featured_media":81724,"comment_status":"closed","ping_status":"open","sticky":false,"template":"","format":"standard","meta":{"_monsterinsights_skip_tracking":false,"_monsterinsights_sitenote_active":false,"_monsterinsights_sitenote_note":"","_monsterinsights_sitenote_category":0,"jetpack_post_was_ever_published":false,"_jetpack_newsletter_access":"","_jetpack_dont_email_post_to_subs":false,"_jetpack_newsletter_tier_id":0,"_jetpack_memberships_contains_paywalled_content":false,"_jetpack_memberships_contains_paid_content":false,"footnotes":"","jetpack_publicize_message":"","jetpack_publicize_feature_enabled":true,"jetpack_social_post_already_shared":true,"jetpack_social_options":{"image_generator_settings":{"template":"highway","default_image_id":0,"font":"","enabled":false},"version":2},"_wpas_customize_per_network":false},"categories":[30],"tags":[8656,9922,244,9122],"class_list":["post-81723","post","type-post","status-publish","format-standard","has-post-thumbnail","hentry","category-municipio","tag-capacitacion","tag-cursos","tag-municipio-2","tag-proteccion-civil","generate-columns","tablet-grid-50","mobile-grid-100","grid-parent","grid-50"],"jetpack_publicize_connections":[],"jetpack_featured_media_url":"https:\/\/www.hoymercedes.com.ar\/principal\/wp-content\/uploads\/2018\/09\/27-prot-civil-rcp2.jpg","wps_subtitle":"S\u00e1bado y Domingo","jetpack_sharing_enabled":true,"_links":{"self":[{"href":"https:\/\/www.hoymercedes.com.ar\/principal\/wp-json\/wp\/v2\/posts\/81723","targetHints":{"allow":["GET"]}}],"collection":[{"href":"https:\/\/www.hoymercedes.com.ar\/principal\/wp-json\/wp\/v2\/posts"}],"about":[{"href":"https:\/\/www.hoymercedes.com.ar\/principal\/wp-json\/wp\/v2\/types\/post"}],"author":[{"embeddable":true,"href":"https:\/\/www.hoymercedes.com.ar\/principal\/wp-json\/wp\/v2\/users\/1"}],"replies":[{"embeddable":true,"href":"https:\/\/www.hoymercedes.com.ar\/principal\/wp-json\/wp\/v2\/comments?post=81723"}],"version-history":[{"count":0,"href":"https:\/\/www.hoymercedes.com.ar\/principal\/wp-json\/wp\/v2\/posts\/81723\/revisions"}],"wp:featuredmedia":[{"embeddable":true,"href":"https:\/\/www.hoymercedes.com.ar\/principal\/wp-json\/wp\/v2\/media\/81724"}],"wp:attachment":[{"href":"https:\/\/www.hoymercedes.com.ar\/principal\/wp-json\/wp\/v2\/media?parent=81723"}],"wp:term":[{"taxonomy":"category","embeddable":true,"href":"https:\/\/www.hoymercedes.com.ar\/principal\/wp-json\/wp\/v2\/categories?post=81723"},{"taxonomy":"post_tag","embeddable":true,"href":"https:\/\/www.hoymercedes.com.ar\/principal\/wp-json\/wp\/v2\/tags?post=81723"}],"curies":[{"name":"wp","href":"https:\/\/api.w.org\/{rel}","templated":true}]}}