{"id":81730,"date":"2018-09-28T09:45:47","date_gmt":"2018-09-28T12:45:47","guid":{"rendered":"http:\/\/www.hoymercedes.com.ar\/principal\/?p=81730"},"modified":"2018-09-28T11:54:00","modified_gmt":"2018-09-28T14:54:00","slug":"inician-las-obras-en-la-fachada-de-la-escuela-normal","status":"publish","type":"post","link":"https:\/\/www.hoymercedes.com.ar\/principal\/2018\/09\/28\/inician-las-obras-en-la-fachada-de-la-escuela-normal\/","title":{"rendered":"Inician las obras en la fachada de la Escuela Normal"},"content":{"rendered":"<p><strong><em>Los arreglos comienzan en los salones de la Avenida 29 el 1\u00b0 de octubre. Las salidas de los alumnos ser\u00e1n por las puertas de calles 38 y 36. El jard\u00edn de infantes seguir\u00e1, hasta el momento, en el edificio para luego mudarse a la instituci\u00f3n religiosa de calle 38.<\/em><\/strong><\/p>\n<p><img loading=\"lazy\" decoding=\"async\" data-attachment-id=\"81731\" data-permalink=\"https:\/\/www.hoymercedes.com.ar\/principal\/2018\/09\/28\/inician-las-obras-en-la-fachada-de-la-escuela-normal\/28-escuela-normal\/#main\" data-orig-file=\"https:\/\/www.hoymercedes.com.ar\/principal\/wp-content\/uploads\/2018\/09\/28-escuela-normal.jpg\" data-orig-size=\"990,660\" data-comments-opened=\"0\" data-image-meta=\"{&quot;aperture&quot;:&quot;0&quot;,&quot;credit&quot;:&quot;&quot;,&quot;camera&quot;:&quot;&quot;,&quot;caption&quot;:&quot;&quot;,&quot;created_timestamp&quot;:&quot;0&quot;,&quot;copyright&quot;:&quot;&quot;,&quot;focal_length&quot;:&quot;0&quot;,&quot;iso&quot;:&quot;0&quot;,&quot;shutter_speed&quot;:&quot;0&quot;,&quot;title&quot;:&quot;&quot;,&quot;orientation&quot;:&quot;0&quot;}\" data-image-title=\"28 escuela normal\" data-image-description=\"\" data-image-caption=\"\" data-large-file=\"https:\/\/www.hoymercedes.com.ar\/principal\/wp-content\/uploads\/2018\/09\/28-escuela-normal.jpg\" class=\"aligncenter size-medium wp-image-81731\" src=\"https:\/\/www.hoymercedes.com.ar\/principal\/wp-content\/uploads\/2018\/09\/28-escuela-normal-630x420.jpg\" alt=\"\" width=\"630\" height=\"420\" srcset=\"https:\/\/www.hoymercedes.com.ar\/principal\/wp-content\/uploads\/2018\/09\/28-escuela-normal-630x420.jpg 630w, https:\/\/www.hoymercedes.com.ar\/principal\/wp-content\/uploads\/2018\/09\/28-escuela-normal-150x100.jpg 150w, https:\/\/www.hoymercedes.com.ar\/principal\/wp-content\/uploads\/2018\/09\/28-escuela-normal.jpg 990w\" sizes=\"auto, (max-width: 630px) 100vw, 630px\" \/><\/p>\n<p><!--more--><\/p>\n<p>En la jornada del jueves \u00faltimo, las autoridades de la Escuela Normal y el Consejo Escolar firmaron el acta para iniciar las obras en la fachada de la instituci\u00f3n educativa centenaria.<\/p>\n<p>\u201cSer parte de momentos hist\u00f3ricos se logra con compromiso y gesti\u00f3n\u201d, destac\u00f3 la presidenta del Consejo Escolar para luego resaltar que se invierten $45 millones para 11 meses de obras. Con ella firmaron el acto de inicio de obra la Directora de la Unidad Acad\u00e9mica Escuela Normal, Claudia Gonz\u00e1lez, la directora del nivel secundario Irene Casaretto, la directora del nivel inicial Marcela Rolando y uno de los contratistas, Oscar M\u00e9ndez, de la Empresa Consulper, a cargo de Obra de Reparaciones, Refacciones y Puesta en Valor del Edificio Escolar.<\/p>\n<p><img loading=\"lazy\" decoding=\"async\" data-attachment-id=\"81747\" data-permalink=\"https:\/\/www.hoymercedes.com.ar\/principal\/2018\/09\/28\/inician-las-obras-en-la-fachada-de-la-escuela-normal\/escuela-normal0\/#main\" data-orig-file=\"https:\/\/www.hoymercedes.com.ar\/principal\/wp-content\/uploads\/2018\/09\/escuela-normal0.jpg\" data-orig-size=\"800,600\" data-comments-opened=\"0\" data-image-meta=\"{&quot;aperture&quot;:&quot;0&quot;,&quot;credit&quot;:&quot;&quot;,&quot;camera&quot;:&quot;&quot;,&quot;caption&quot;:&quot;&quot;,&quot;created_timestamp&quot;:&quot;0&quot;,&quot;copyright&quot;:&quot;&quot;,&quot;focal_length&quot;:&quot;0&quot;,&quot;iso&quot;:&quot;0&quot;,&quot;shutter_speed&quot;:&quot;0&quot;,&quot;title&quot;:&quot;&quot;,&quot;orientation&quot;:&quot;0&quot;}\" data-image-title=\"escuela normal0\" data-image-description=\"\" data-image-caption=\"\" data-large-file=\"https:\/\/www.hoymercedes.com.ar\/principal\/wp-content\/uploads\/2018\/09\/escuela-normal0.jpg\" class=\"aligncenter size-medium wp-image-81747\" src=\"https:\/\/www.hoymercedes.com.ar\/principal\/wp-content\/uploads\/2018\/09\/escuela-normal0-630x473.jpg\" alt=\"\" width=\"630\" height=\"473\" srcset=\"https:\/\/www.hoymercedes.com.ar\/principal\/wp-content\/uploads\/2018\/09\/escuela-normal0-630x473.jpg 630w, https:\/\/www.hoymercedes.com.ar\/principal\/wp-content\/uploads\/2018\/09\/escuela-normal0-150x113.jpg 150w, https:\/\/www.hoymercedes.com.ar\/principal\/wp-content\/uploads\/2018\/09\/escuela-normal0.jpg 800w\" sizes=\"auto, (max-width: 630px) 100vw, 630px\" \/><\/p>\n<p>Este viernes llegar\u00edan los materiales para comenzar la obra con la fachada del frente del edificio escolar en donde se instalar\u00e1n andamios con protecci\u00f3n. La empresa entonces tendr\u00e1 acceso a la puerta principal.<\/p>\n<p>La solicitud que hizo la instituci\u00f3n educativa es que los trabajadores \u201cno pueden estar en contacto directo o trabajando cerca de los alumnos\u201d, adem\u00e1s solicit\u00f3 un \u201ccerco de seguridad\u201d y pedir al personal directivo el acompa\u00f1amiento en caso de que sea necesario traspasar a los espacios donde los alumnos de los cuatro niveles contin\u00faen con sus clases.<\/p>\n<p>Ser\u00e1 en el hall de entrada el espacio para ingreso y salida de los trabajadores de la obra, mientras que los alumnos ingresar\u00e1n por las calles laterales que la Escuela Normal tiene por calle 38 (nivel primario) y por calle 36 (nivel secundario).<\/p>\n<p><img loading=\"lazy\" decoding=\"async\" data-attachment-id=\"81746\" data-permalink=\"https:\/\/www.hoymercedes.com.ar\/principal\/2018\/09\/28\/inician-las-obras-en-la-fachada-de-la-escuela-normal\/escuela-normal00\/#main\" data-orig-file=\"https:\/\/www.hoymercedes.com.ar\/principal\/wp-content\/uploads\/2018\/09\/escuela-normal00.jpg\" data-orig-size=\"800,600\" data-comments-opened=\"0\" data-image-meta=\"{&quot;aperture&quot;:&quot;0&quot;,&quot;credit&quot;:&quot;&quot;,&quot;camera&quot;:&quot;&quot;,&quot;caption&quot;:&quot;&quot;,&quot;created_timestamp&quot;:&quot;0&quot;,&quot;copyright&quot;:&quot;&quot;,&quot;focal_length&quot;:&quot;0&quot;,&quot;iso&quot;:&quot;0&quot;,&quot;shutter_speed&quot;:&quot;0&quot;,&quot;title&quot;:&quot;&quot;,&quot;orientation&quot;:&quot;0&quot;}\" data-image-title=\"escuela normal\" data-image-description=\"&lt;p&gt;El intendente Juani Ustarroz remarc\u00f3 que \u00ablas amenazas a las escuelas no son una broma sino un delito\u00bb y garantiz\u00f3 que el municipio continuar\u00e1 \u201cel trabajo articulado con todas las instituciones\u201d de nuestra ciudad \u201cinvolucradas frente a esta delicada situaci\u00f3n\u201d.&lt;\/p&gt;\n&lt;p&gt;Ustarroz se expres\u00f3 a trav\u00e9s de sus cuentas en las redes sociales luego de conocerse el allanamiento a la vivienda y la imputaci\u00f3n de un adolescente de 16 a\u00f1os, vecino de nuestra ciudad, por las amenazas que aparecieron en el ba\u00f1o femenino de la escuela Normal contra tres estudiantes del establecimiento educativo.&lt;\/p&gt;\n&lt;p&gt;La investigaci\u00f3n de este episodio ocurri\u00f3 luego de la denuncia efectuada por la directora de la escuela: al adolescente le secuestraron tres computadoras y cuatro tel\u00e9fonos celulares, porque las amenazas se replicaron tambi\u00e9n por redes sociales.&lt;\/p&gt;\n&lt;p&gt;\u201cLas amenazas en las escuelas est\u00e1n lejos de ser una broma: constituyen un delito grave y conllevan sanciones severas\u201d, dijo Ustarroz.&lt;\/p&gt;\n&lt;p&gt;Y agreg\u00f3: \u201cLo ocurrido a partir de la denuncia realizada por la directora de una de las escuelas donde se registraron amenazas debe servirnos como ejemplo: la investigaci\u00f3n judicial, impulsada por la fiscal interviniente y con la actuaci\u00f3n coordinada de los equipos de inspecci\u00f3n educativa, deriv\u00f3 en el allanamiento del domicilio de un adolescente de 16 a\u00f1os, quien qued\u00f3 imputado tras el secuestro de cuatro tel\u00e9fonos celulares y tres computadoras. Las acciones tienen consecuencias\u201d.&lt;br \/&gt;\nEl jefe comunal remarc\u00f3: \u201cEste tipo de situaciones no deben minimizarse. Existen antecedentes reales en nuestro pa\u00eds, como el caso ocurrido en la provincia de Santa Fe, donde no se trat\u00f3 de una broma: un hecho de violencia extrema en una escuela termin\u00f3 con la vida de un estudiante y dej\u00f3 a otros heridos. Por eso, es fundamental actuar con responsabilidad\u201d.&lt;br \/&gt;\nUstarroz se refiri\u00f3 as\u00ed al caso ocurrido el 30 de marzo en un establecimiento educativo de la ciudad de San Crist\u00f3bal, Santa Fe, cuando un alumno de 16 a\u00f1os, armado con una escopeta, mat\u00f3 a un chico de 13 e hiri\u00f3 a otros ocho estudiantes.&lt;br \/&gt;\n\u201cDesde el Municipio venimos trabajando desde hace a\u00f1os con una convicci\u00f3n central: la escuela es un pilar fundamental en la construcci\u00f3n de comunidad. En ese marco, valoramos especialmente el compromiso y la intervenci\u00f3n de los inspectores y de la fiscal\u00eda, y continuamos trabajando de manera articulada con todas las instituciones involucradas frente a esta delicada situaci\u00f3n\u201d, finaliz\u00f3 el intendente.&lt;\/p&gt;\n\" data-image-caption=\"&lt;p&gt;El intendente Juani Ustarroz remarc\u00f3 que \u00ablas amenazas a las escuelas no son una broma sino un delito\u00bb y garantiz\u00f3 que el municipio continuar\u00e1 \u201cel trabajo articulado con todas las instituciones\u201d de nuestra ciudad \u201cinvolucradas frente a esta delicada situaci\u00f3n\u201d.&lt;\/p&gt;\n&lt;p&gt;Ustarroz se expres\u00f3 a trav\u00e9s de sus cuentas en las redes sociales luego de conocerse el allanamiento a la vivienda y la imputaci\u00f3n de un adolescente de 16 a\u00f1os, vecino de nuestra ciudad, por las amenazas que aparecieron en el ba\u00f1o femenino de la escuela Normal contra tres estudiantes del establecimiento educativo.&lt;\/p&gt;\n&lt;p&gt;La investigaci\u00f3n de este episodio ocurri\u00f3 luego de la denuncia efectuada por la directora de la escuela: al adolescente le secuestraron tres computadoras y cuatro tel\u00e9fonos celulares, porque las amenazas se replicaron tambi\u00e9n por redes sociales.&lt;\/p&gt;\n&lt;p&gt;\u201cLas amenazas en las escuelas est\u00e1n lejos de ser una broma: constituyen un delito grave y conllevan sanciones severas\u201d, dijo Ustarroz.&lt;\/p&gt;\n&lt;p&gt;Y agreg\u00f3: \u201cLo ocurrido a partir de la denuncia realizada por la directora de una de las escuelas donde se registraron amenazas debe servirnos como ejemplo: la investigaci\u00f3n judicial, impulsada por la fiscal interviniente y con la actuaci\u00f3n coordinada de los equipos de inspecci\u00f3n educativa, deriv\u00f3 en el allanamiento del domicilio de un adolescente de 16 a\u00f1os, quien qued\u00f3 imputado tras el secuestro de cuatro tel\u00e9fonos celulares y tres computadoras. Las acciones tienen consecuencias\u201d.&lt;br \/&gt;\nEl jefe comunal remarc\u00f3: \u201cEste tipo de situaciones no deben minimizarse. Existen antecedentes reales en nuestro pa\u00eds, como el caso ocurrido en la provincia de Santa Fe, donde no se trat\u00f3 de una broma: un hecho de violencia extrema en una escuela termin\u00f3 con la vida de un estudiante y dej\u00f3 a otros heridos. Por eso, es fundamental actuar con responsabilidad\u201d.&lt;br \/&gt;\nUstarroz se refiri\u00f3 as\u00ed al caso ocurrido el 30 de marzo en un establecimiento educativo de la ciudad de San Crist\u00f3bal, Santa Fe, cuando un alumno de 16 a\u00f1os, armado con una escopeta, mat\u00f3 a un chico de 13 e hiri\u00f3 a otros ocho estudiantes.&lt;br \/&gt;\n\u201cDesde el Municipio venimos trabajando desde hace a\u00f1os con una convicci\u00f3n central: la escuela es un pilar fundamental en la construcci\u00f3n de comunidad. En ese marco, valoramos especialmente el compromiso y la intervenci\u00f3n de los inspectores y de la fiscal\u00eda, y continuamos trabajando de manera articulada con todas las instituciones involucradas frente a esta delicada situaci\u00f3n\u201d, finaliz\u00f3 el intendente.&lt;\/p&gt;\n\" data-large-file=\"https:\/\/www.hoymercedes.com.ar\/principal\/wp-content\/uploads\/2018\/09\/escuela-normal00.jpg\" class=\"aligncenter size-medium wp-image-81746\" src=\"https:\/\/www.hoymercedes.com.ar\/principal\/wp-content\/uploads\/2018\/09\/escuela-normal00-630x473.jpg\" alt=\"\" width=\"630\" height=\"473\" srcset=\"https:\/\/www.hoymercedes.com.ar\/principal\/wp-content\/uploads\/2018\/09\/escuela-normal00-630x473.jpg 630w, https:\/\/www.hoymercedes.com.ar\/principal\/wp-content\/uploads\/2018\/09\/escuela-normal00-150x113.jpg 150w, https:\/\/www.hoymercedes.com.ar\/principal\/wp-content\/uploads\/2018\/09\/escuela-normal00.jpg 800w\" sizes=\"auto, (max-width: 630px) 100vw, 630px\" \/><\/p>\n","protected":false},"excerpt":{"rendered":"<p>Los arreglos comienzan en los salones de la Avenida 29 el 1\u00b0 de octubre. Las salidas de los alumnos ser\u00e1n &#8230; <a title=\"Inician las obras en la fachada de la Escuela Normal\" class=\"read-more\" href=\"https:\/\/www.hoymercedes.com.ar\/principal\/2018\/09\/28\/inician-las-obras-en-la-fachada-de-la-escuela-normal\/\" aria-label=\"Leer m\u00e1s sobre Inician las obras en la fachada de la Escuela Normal\">Leer m\u00e1s<\/a><\/p>\n","protected":false},"author":1,"featured_media":81746,"comment_status":"closed","ping_status":"open","sticky":false,"template":"","format":"standard","meta":{"_monsterinsights_skip_tracking":false,"_monsterinsights_sitenote_active":false,"_monsterinsights_sitenote_note":"","_monsterinsights_sitenote_category":0,"jetpack_post_was_ever_published":false,"_jetpack_newsletter_access":"","_jetpack_dont_email_post_to_subs":false,"_jetpack_newsletter_tier_id":0,"_jetpack_memberships_contains_paywalled_content":false,"_jetpack_memberships_contains_paid_content":false,"footnotes":"","jetpack_publicize_message":"","jetpack_publicize_feature_enabled":true,"jetpack_social_post_already_shared":true,"jetpack_social_options":{"image_generator_settings":{"template":"highway","default_image_id":0,"font":"","enabled":false},"version":2},"_wpas_customize_per_network":false},"categories":[23],"tags":[1317,13796,47,2266,1014,13795],"class_list":["post-81730","post","type-post","status-publish","format-standard","has-post-thumbnail","hentry","category-educacion","tag-consejo-escolar","tag-edificio-historico","tag-educacion-2","tag-escuela-normal","tag-obras","tag-refaccion","generate-columns","tablet-grid-50","mobile-grid-100","grid-parent","grid-50"],"jetpack_publicize_connections":[],"jetpack_featured_media_url":"https:\/\/www.hoymercedes.com.ar\/principal\/wp-content\/uploads\/2018\/09\/escuela-normal00.jpg","wps_subtitle":"El lunes 1\u00b0 de octubre","jetpack_sharing_enabled":true,"_links":{"self":[{"href":"https:\/\/www.hoymercedes.com.ar\/principal\/wp-json\/wp\/v2\/posts\/81730","targetHints":{"allow":["GET"]}}],"collection":[{"href":"https:\/\/www.hoymercedes.com.ar\/principal\/wp-json\/wp\/v2\/posts"}],"about":[{"href":"https:\/\/www.hoymercedes.com.ar\/principal\/wp-json\/wp\/v2\/types\/post"}],"author":[{"embeddable":true,"href":"https:\/\/www.hoymercedes.com.ar\/principal\/wp-json\/wp\/v2\/users\/1"}],"replies":[{"embeddable":true,"href":"https:\/\/www.hoymercedes.com.ar\/principal\/wp-json\/wp\/v2\/comments?post=81730"}],"version-history":[{"count":0,"href":"https:\/\/www.hoymercedes.com.ar\/principal\/wp-json\/wp\/v2\/posts\/81730\/revisions"}],"wp:featuredmedia":[{"embeddable":true,"href":"https:\/\/www.hoymercedes.com.ar\/principal\/wp-json\/wp\/v2\/media\/81746"}],"wp:attachment":[{"href":"https:\/\/www.hoymercedes.com.ar\/principal\/wp-json\/wp\/v2\/media?parent=81730"}],"wp:term":[{"taxonomy":"category","embeddable":true,"href":"https:\/\/www.hoymercedes.com.ar\/principal\/wp-json\/wp\/v2\/categories?post=81730"},{"taxonomy":"post_tag","embeddable":true,"href":"https:\/\/www.hoymercedes.com.ar\/principal\/wp-json\/wp\/v2\/tags?post=81730"}],"curies":[{"name":"wp","href":"https:\/\/api.w.org\/{rel}","templated":true}]}}