{"id":8175,"date":"2011-10-11T12:52:10","date_gmt":"2011-10-11T12:52:10","guid":{"rendered":"http:\/\/www.hoymercedes.com.ar\/principal\/?p=8175"},"modified":"2011-10-11T12:52:10","modified_gmt":"2011-10-11T12:52:10","slug":"50%c2%b0-aniversario-del-instituto-ciudad-de-mercedes","status":"publish","type":"post","link":"https:\/\/www.hoymercedes.com.ar\/principal\/2011\/10\/11\/50%c2%b0-aniversario-del-instituto-ciudad-de-mercedes\/","title":{"rendered":"50\u00b0 Aniversario del Instituto Ciudad de Mercedes"},"content":{"rendered":"<p><a href=\"https:\/\/www.hoymercedes.com.ar\/principal\/wp-content\/uploads\/2011\/10\/Selva-Insatituciones.jpg\"><img loading=\"lazy\" decoding=\"async\" data-attachment-id=\"8177\" data-permalink=\"https:\/\/www.hoymercedes.com.ar\/principal\/2011\/10\/11\/50%c2%b0-aniversario-del-instituto-ciudad-de-mercedes\/selva-insatituciones\/#main\" data-orig-file=\"https:\/\/www.hoymercedes.com.ar\/principal\/wp-content\/uploads\/2011\/10\/Selva-Insatituciones.jpg\" data-orig-size=\"612,376\" data-comments-opened=\"1\" data-image-meta=\"{&quot;aperture&quot;:&quot;4&quot;,&quot;credit&quot;:&quot;&quot;,&quot;camera&quot;:&quot;NIKON D50&quot;,&quot;caption&quot;:&quot;&quot;,&quot;created_timestamp&quot;:&quot;1318078350&quot;,&quot;copyright&quot;:&quot;&quot;,&quot;focal_length&quot;:&quot;28&quot;,&quot;iso&quot;:&quot;0&quot;,&quot;shutter_speed&quot;:&quot;0.016666666666667&quot;,&quot;title&quot;:&quot;&quot;}\" data-image-title=\"Selva-Insatituciones\" data-image-description=\"\" data-image-caption=\"\" data-large-file=\"https:\/\/www.hoymercedes.com.ar\/principal\/wp-content\/uploads\/2011\/10\/Selva-Insatituciones.jpg\" class=\"aligncenter size-full wp-image-8177\" title=\"Selva-Insatituciones\" src=\"https:\/\/www.hoymercedes.com.ar\/principal\/wp-content\/uploads\/2011\/10\/Selva-Insatituciones.jpg\" alt=\"\" width=\"612\" height=\"376\" \/><\/a><\/p>\n<p>El Instituto Superior Ciudad de Mercedes cumpli\u00f3 su 50\u00b0 Aniversario y lo festej\u00f3 el s\u00e1bado con la presencia de diferentes autoridades de la ciudad.<\/p>\n<p>El encuentro entre compa\u00f1eros de promociones anteriores con sus profesores fue uno de los momentos m\u00e1s emotivos de la celebraci\u00f3n. Diferentes docentes y alumnos, de estos \u00faltimos 50 a\u00f1os del establecimiento, se juntaron para festejar y compartir an\u00e9cdotas y recuerdos vividos.<\/p>\n<p>En un acto formal en donde se realiz\u00f3 descubiertas de placas, con la presencia de Monse\u00f1or Agustin Radizani y el Intendente Carlos Selva, quien agradeci\u00f3 ser parte del festejo de una de las Instituciones mas importantes y respetadas de nuestra ciudad, dio inicio a lo que ser\u00eda luego un festejo mas informal, en donde los invitados asistieron a un desayuno para volver, aunque sea por un rato, a esos maravillosos a\u00f1os en el colegio.<\/p>\n","protected":false},"excerpt":{"rendered":"<p>El Instituto Superior Ciudad de Mercedes cumpli\u00f3 su 50\u00b0 Aniversario y lo festej\u00f3 el s\u00e1bado con la presencia de diferentes &#8230; <a title=\"50\u00b0 Aniversario del Instituto Ciudad de Mercedes\" class=\"read-more\" href=\"https:\/\/www.hoymercedes.com.ar\/principal\/2011\/10\/11\/50%c2%b0-aniversario-del-instituto-ciudad-de-mercedes\/\" aria-label=\"Leer m\u00e1s sobre 50\u00b0 Aniversario del Instituto Ciudad de Mercedes\">Leer m\u00e1s<\/a><\/p>\n","protected":false},"author":1,"featured_media":0,"comment_status":"open","ping_status":"open","sticky":false,"template":"","format":"standard","meta":{"_monsterinsights_skip_tracking":false,"_monsterinsights_sitenote_active":false,"_monsterinsights_sitenote_note":"","_monsterinsights_sitenote_category":0,"jetpack_post_was_ever_published":false,"_jetpack_newsletter_access":"","_jetpack_dont_email_post_to_subs":false,"_jetpack_newsletter_tier_id":0,"_jetpack_memberships_contains_paywalled_content":false,"_jetpack_memberships_contains_paid_content":false,"footnotes":"","jetpack_publicize_message":"","jetpack_publicize_feature_enabled":true,"jetpack_social_post_already_shared":false,"jetpack_social_options":{"image_generator_settings":{"template":"highway","default_image_id":0,"font":"","enabled":false},"version":2},"_wpas_customize_per_network":false},"categories":[8],"tags":[1451,18],"class_list":["post-8175","post","type-post","status-publish","format-standard","hentry","category-sociedad","tag-instituciones","tag-selva","generate-columns","tablet-grid-50","mobile-grid-100","grid-parent","grid-50"],"jetpack_publicize_connections":[],"jetpack_featured_media_url":"","wps_subtitle":"","jetpack_sharing_enabled":true,"_links":{"self":[{"href":"https:\/\/www.hoymercedes.com.ar\/principal\/wp-json\/wp\/v2\/posts\/8175","targetHints":{"allow":["GET"]}}],"collection":[{"href":"https:\/\/www.hoymercedes.com.ar\/principal\/wp-json\/wp\/v2\/posts"}],"about":[{"href":"https:\/\/www.hoymercedes.com.ar\/principal\/wp-json\/wp\/v2\/types\/post"}],"author":[{"embeddable":true,"href":"https:\/\/www.hoymercedes.com.ar\/principal\/wp-json\/wp\/v2\/users\/1"}],"replies":[{"embeddable":true,"href":"https:\/\/www.hoymercedes.com.ar\/principal\/wp-json\/wp\/v2\/comments?post=8175"}],"version-history":[{"count":0,"href":"https:\/\/www.hoymercedes.com.ar\/principal\/wp-json\/wp\/v2\/posts\/8175\/revisions"}],"wp:attachment":[{"href":"https:\/\/www.hoymercedes.com.ar\/principal\/wp-json\/wp\/v2\/media?parent=8175"}],"wp:term":[{"taxonomy":"category","embeddable":true,"href":"https:\/\/www.hoymercedes.com.ar\/principal\/wp-json\/wp\/v2\/categories?post=8175"},{"taxonomy":"post_tag","embeddable":true,"href":"https:\/\/www.hoymercedes.com.ar\/principal\/wp-json\/wp\/v2\/tags?post=8175"}],"curies":[{"name":"wp","href":"https:\/\/api.w.org\/{rel}","templated":true}]}}