{"id":81760,"date":"2018-09-28T21:08:35","date_gmt":"2018-09-29T00:08:35","guid":{"rendered":"http:\/\/www.hoymercedes.com.ar\/principal\/?p=81760"},"modified":"2018-09-28T21:08:14","modified_gmt":"2018-09-29T00:08:14","slug":"seleccionados-salon-de-fotografia","status":"publish","type":"post","link":"https:\/\/www.hoymercedes.com.ar\/principal\/2018\/09\/28\/seleccionados-salon-de-fotografia\/","title":{"rendered":"S\u00e1bado de inauguraci\u00f3n para el Sal\u00f3n de Fotograf\u00eda"},"content":{"rendered":"<p>Este s\u00e1bado 29 de septiembre, desde la hora 20, se conocer\u00e1n los ganadores del 10\u00b0 Sal\u00f3n Nacional de Fotograf\u00eda \u00abCiudad de Mercedes\u00bb. En la tarde de este viernes, el jurado defini\u00f3 finalmente quienes se llevar\u00e1n los primeros premios. La muestra se podr\u00e1 visitar en el Museo de Arte (MAMM)<\/p>\n<p>De las cientos de fotograf\u00edas enviadas para la pre selecci\u00f3n, s\u00f3lo 33 fueron seleccionadas para la exposici\u00f3n que inaugura en la tarde noche del s\u00e1bado y podr\u00e1 visitarse hasta el 14 de octubre en la Sala B del Museo de Arte \u00abMunicipalidad de Mercedes\u00bb.<\/p>\n<p>Este a\u00f1o, de los seleccionados,\u00a0menos de la mitad son mercedinos. Otros de los participantes son miembros de la Sub cooperativa de fot\u00f3grafos reconocida en la ciudad de Buenos Aires, mientras que algunos pocos son de localidades de la regi\u00f3n.<\/p>\n<p>Los fot\u00f3grafos seleccionados son:\u00a0Gerardo Men\u00fa (El Palomar),\u00a0Fernando Mart\u00ednez (Avellaneda),\u00a0Carlos Gim\u00e9nez (Mercedes),\u00a0Diego Chapay (La Plata),\u00a0Natalia Harosteguy (Mercedes),\u00a0Mar\u00eda de la Paz Guti\u00e9rrez (CABA),\u00a0Pedro Palacios (CABA),\u00a0Mar\u00eda Clara Zunino (Mercedes),\u00a0Luisa Magdalena (San Antonio de Areco),\u00a0Sergio Herrera (CABA),\u00a0 Romina Gallardo (Mercedes),\u00a0Agostina Nasso (Mercedes),\u00a0Elisa Gulminelli (CABA),\u00a0Mar\u00eda Bel\u00e9n Belloni (CABA),\u00a0Josefina Juega Sicardi (CABA),\u00a0Alejandra Fern\u00e1ndez (CABA),\u00a0\u00c1ngel Ferrandis (Mercedes),\u00a0Marcelo Iglesias (CABA),\u00a0Rodrigo Gaudioso (Paran\u00e1),\u00a0Daiana Dorsa (Chivilcoy),\u00a0Fernando Ben\u00edtez (Mercedes),\u00a0M\u00f3nica Camocardi (Mercedes),\u00a0Mar\u00eda del Rosario Parodi (Mercedes),\u00a0Alejandro Gulminelli (CABA),\u00a0Nicol\u00e1s Pousthomous (CABA),\u00a0Gisela Vol\u00e1 (mercedina radicada en CABA),\u00a0Alejandra Bonaccini (CABA),\u00a0Luciana Acu\u00f1a (Mercedes),\u00a0Sergio Eleussipi (CABA),\u00a0Virginia Longhi (Mercedes),\u00a0Ramiro Luengo (Chaco),\u00a0Luciana Ca\u00edno (Mercedes) y\u00a0Pablo Russo (Mercedes)<\/p>\n","protected":false},"excerpt":{"rendered":"<p>Este s\u00e1bado 29 de septiembre, desde la hora 20, se conocer\u00e1n los ganadores del 10\u00b0 Sal\u00f3n Nacional de Fotograf\u00eda \u00abCiudad &#8230; <a title=\"S\u00e1bado de inauguraci\u00f3n para el Sal\u00f3n de Fotograf\u00eda\" class=\"read-more\" href=\"https:\/\/www.hoymercedes.com.ar\/principal\/2018\/09\/28\/seleccionados-salon-de-fotografia\/\" aria-label=\"Leer m\u00e1s sobre S\u00e1bado de inauguraci\u00f3n para el Sal\u00f3n de Fotograf\u00eda\">Leer m\u00e1s<\/a><\/p>\n","protected":false},"author":1,"featured_media":79379,"comment_status":"closed","ping_status":"open","sticky":false,"template":"","format":"standard","meta":{"_monsterinsights_skip_tracking":false,"_monsterinsights_sitenote_active":false,"_monsterinsights_sitenote_note":"","_monsterinsights_sitenote_category":0,"jetpack_post_was_ever_published":false,"_jetpack_newsletter_access":"","_jetpack_dont_email_post_to_subs":false,"_jetpack_newsletter_tier_id":0,"_jetpack_memberships_contains_paywalled_content":false,"_jetpack_memberships_contains_paid_content":false,"footnotes":"","jetpack_publicize_message":"","jetpack_publicize_feature_enabled":true,"jetpack_social_post_already_shared":true,"jetpack_social_options":{"image_generator_settings":{"template":"highway","default_image_id":0,"font":"","enabled":false},"version":2},"_wpas_customize_per_network":false},"categories":[104],"tags":[7805,8674,10,9632],"class_list":["post-81760","post","type-post","status-publish","format-standard","has-post-thumbnail","hentry","category-cultura","tag-cultura","tag-mamm","tag-mercedes","tag-salon-de-fotografia","generate-columns","tablet-grid-50","mobile-grid-100","grid-parent","grid-50"],"jetpack_publicize_connections":[],"jetpack_featured_media_url":"https:\/\/www.hoymercedes.com.ar\/principal\/wp-content\/uploads\/2018\/08\/03-salon-fotografia.jpg","wps_subtitle":"A partir de la hora 20 en el MAMM","jetpack_sharing_enabled":true,"_links":{"self":[{"href":"https:\/\/www.hoymercedes.com.ar\/principal\/wp-json\/wp\/v2\/posts\/81760","targetHints":{"allow":["GET"]}}],"collection":[{"href":"https:\/\/www.hoymercedes.com.ar\/principal\/wp-json\/wp\/v2\/posts"}],"about":[{"href":"https:\/\/www.hoymercedes.com.ar\/principal\/wp-json\/wp\/v2\/types\/post"}],"author":[{"embeddable":true,"href":"https:\/\/www.hoymercedes.com.ar\/principal\/wp-json\/wp\/v2\/users\/1"}],"replies":[{"embeddable":true,"href":"https:\/\/www.hoymercedes.com.ar\/principal\/wp-json\/wp\/v2\/comments?post=81760"}],"version-history":[{"count":0,"href":"https:\/\/www.hoymercedes.com.ar\/principal\/wp-json\/wp\/v2\/posts\/81760\/revisions"}],"wp:featuredmedia":[{"embeddable":true,"href":"https:\/\/www.hoymercedes.com.ar\/principal\/wp-json\/wp\/v2\/media\/79379"}],"wp:attachment":[{"href":"https:\/\/www.hoymercedes.com.ar\/principal\/wp-json\/wp\/v2\/media?parent=81760"}],"wp:term":[{"taxonomy":"category","embeddable":true,"href":"https:\/\/www.hoymercedes.com.ar\/principal\/wp-json\/wp\/v2\/categories?post=81760"},{"taxonomy":"post_tag","embeddable":true,"href":"https:\/\/www.hoymercedes.com.ar\/principal\/wp-json\/wp\/v2\/tags?post=81760"}],"curies":[{"name":"wp","href":"https:\/\/api.w.org\/{rel}","templated":true}]}}