{"id":81776,"date":"2018-09-29T14:29:18","date_gmt":"2018-09-29T17:29:18","guid":{"rendered":"http:\/\/www.hoymercedes.com.ar\/principal\/?p=81776"},"modified":"2018-09-28T21:31:37","modified_gmt":"2018-09-29T00:31:37","slug":"minimizar-la-pobreza-sin-presionar-al-medio-ambiente","status":"publish","type":"post","link":"https:\/\/www.hoymercedes.com.ar\/principal\/2018\/09\/29\/minimizar-la-pobreza-sin-presionar-al-medio-ambiente\/","title":{"rendered":"Minimizar la pobreza sin presionar al medio ambiente"},"content":{"rendered":"<p>Por Cristi\u00e1n Frers* &#8211; La definici\u00f3n de pobreza es en algunos casos ambigua. En t\u00e9rminos generales se podr\u00eda decir que se refiere a aquellas personas o familias que carecen de los atributos necesarios para dejar de ser pobres. Es importante entonces resaltar la relaci\u00f3n que tienen los pobres con el ambiente, para lo cual es necesario redefinir la pobreza como un aspecto multidimensional que incluye conceptos como: bienestar, capacidades, derechos entre otros. Por otro lado, tambi\u00e9n se requiere repensar lo que se entiende por ambiente, ya que no puede ser concebido solo como el espacio f\u00edsico que nos rodea, sino que las interacciones humanas son parte del mismo, es decir, es un entorno complejo cuyas interacciones son valiosas para el ser humano y el planeta.<\/p>\n<p>La pobreza es uno de los tantos generadores de impacto ambiental y esto es debido a que, en su af\u00e1n de subsistencia, los pueblos pobres terminan depredando la naturaleza en b\u00fasqueda de recursos para su supervivencia.<\/p>\n<p>La poblaci\u00f3n pobre, a la que se puede identificar como aquella que no consigue satisfacer necesidades b\u00e1sicas de subsistencia, generalmente habita en lugares de riesgo, tales como tierras bajas, franjas costeras sujetas a eventos clim\u00e1ticos o espacios de alta contaminaci\u00f3n, lo cual la obliga a requerir mayor atenci\u00f3n de servicios ambientales relacionados con sus carencias, es decir b\u00e1sicamente agua de calidad, tierras f\u00e9rtiles y aire limpio.<\/p>\n<p>La falta gesti\u00f3n ambiental de los organismos de gobierno y al no poseer articulaci\u00f3n, el cuidado del ambiente no funciona. La organizaci\u00f3n de controles no siempre requiere de grandes inversiones. Se podr\u00eda corregir simplemente pensando bien lo que se va a hacer.<\/p>\n<p>No se pretende establecer que los pobres no contaminan, est\u00e1 claro que lo hacen, pero a diferencia de lo que plantea la econom\u00eda tradicional, lograr un crecimiento econ\u00f3mico general no reducir\u00e1 el da\u00f1o ambiental, ni la pobreza. El crecimiento de por s\u00ed solo no garantiza que las brechas e inequidades sociales sean eliminadas y mientras estas existan no se habr\u00e1 solucionado ni la pobreza ni el uso inadecuado de los recursos naturales. Hay pueblos enteros que han sido desplazados por la destrucci\u00f3n de las selvas tropicales, conflictos sociales acrecentados por inadecuada distribuci\u00f3n de las tierras y el mal manejo de las mismas. Los pobres son capaces de generar propuestas y mecanismos de protecci\u00f3n al ambiente como una acci\u00f3n colectiva donde se reducen los impactos demogr\u00e1ficos, econ\u00f3micos y ambientales. La relaci\u00f3n entre las actividades humanas y la degradaci\u00f3n ambiental en zonas de pobreza muchas veces es mal interpretada o mal entendida, ya que se considera que la presi\u00f3n y el da\u00f1o ambiental se da por la pobreza, situaci\u00f3n que no es del todo cierto ya que hay presiones externas y de mercado que generan degradaci\u00f3n de los recursos.<\/p>\n<p>Con el tiempo se ha entendido que la \u00fanica manera de asegurar econom\u00edas fuertes y erradicar la pobreza no es mediante la extracci\u00f3n extensiva de los recursos, sino, por el contrario, conservando los ecosistemas. El agua, la energ\u00eda, la comida y el aire, entre muchos otros, son servicios ecosist\u00e9micos que mantienen el bienestar humano.<\/p>\n<p>Para garantizar un futuro ambiental sostenible tiene que haber desarrollo econ\u00f3mico, pero la transici\u00f3n de pobreza a riqueza s\u00f3lo se logra bajo libertad y democracia, dejando que la gente tome sus propias decisiones, incluyendo las que tienen que ver con el medio ambiente. En esa transici\u00f3n es importante no dejar rezagada a ninguna regi\u00f3n. Si siguen existiendo zonas con miseria extrema, estas impedir\u00e1n que se logren soluciones a los problemas ambientales m\u00e1s serios, tales como la contaminaci\u00f3n del aire y de las aguas, inseguridad alimenticia, hambre y enfermedades.<\/p>\n<p>La protecci\u00f3n del ambiente y la lucha contra la pobreza van de la mano para un futuro sostenible. De ah\u00ed que la apuesta por erradicar la pobreza tambi\u00e9n sea una apuesta por la conservaci\u00f3n del ambiente cada vez de forma m\u00e1s clara y evidente<\/p>\n<p>Se puede expresar que las estrategias de reducci\u00f3n de la pobreza que los pa\u00edses implementen deben comprender las condiciones en las que los pobres viven, sus medios de vida y c\u00f3mo ellos se pueden adaptar a los impactos y cambios naturales de tal manera que les permita construir una mejor condici\u00f3n de vida sin comprometer los recursos naturales, ni para ellos\u2026 Ni para sus hijos o sus nietos.<\/p>\n<p>&nbsp;<\/p>\n<p>*Cristi\u00e1n Frers \u2013 T\u00e9cnico Superior en Gesti\u00f3n Ambiental y T\u00e9cnico Superior en Comunicaci\u00f3n social (Periodista),<\/p>\n","protected":false},"excerpt":{"rendered":"<p>Por Cristi\u00e1n Frers* &#8211; La definici\u00f3n de pobreza es en algunos casos ambigua. En t\u00e9rminos generales se podr\u00eda decir que &#8230; <a title=\"Minimizar la pobreza sin presionar al medio ambiente\" class=\"read-more\" href=\"https:\/\/www.hoymercedes.com.ar\/principal\/2018\/09\/29\/minimizar-la-pobreza-sin-presionar-al-medio-ambiente\/\" aria-label=\"Leer m\u00e1s sobre Minimizar la pobreza sin presionar al medio ambiente\">Leer m\u00e1s<\/a><\/p>\n","protected":false},"author":1,"featured_media":0,"comment_status":"closed","ping_status":"open","sticky":false,"template":"","format":"standard","meta":{"_monsterinsights_skip_tracking":false,"_monsterinsights_sitenote_active":false,"_monsterinsights_sitenote_note":"","_monsterinsights_sitenote_category":0,"jetpack_post_was_ever_published":false,"_jetpack_newsletter_access":"","_jetpack_dont_email_post_to_subs":false,"_jetpack_newsletter_tier_id":0,"_jetpack_memberships_contains_paywalled_content":false,"_jetpack_memberships_contains_paid_content":false,"footnotes":"","jetpack_publicize_message":"","jetpack_publicize_feature_enabled":true,"jetpack_social_post_already_shared":true,"jetpack_social_options":{"image_generator_settings":{"template":"highway","default_image_id":0,"font":"","enabled":false},"version":2},"_wpas_customize_per_network":false},"categories":[1],"tags":[11199,8748],"class_list":["post-81776","post","type-post","status-publish","format-standard","hentry","category-opinion","tag-medio-ambientes","tag-opinion","generate-columns","tablet-grid-50","mobile-grid-100","grid-parent","grid-50"],"jetpack_publicize_connections":[],"jetpack_featured_media_url":"","wps_subtitle":"","jetpack_sharing_enabled":true,"_links":{"self":[{"href":"https:\/\/www.hoymercedes.com.ar\/principal\/wp-json\/wp\/v2\/posts\/81776","targetHints":{"allow":["GET"]}}],"collection":[{"href":"https:\/\/www.hoymercedes.com.ar\/principal\/wp-json\/wp\/v2\/posts"}],"about":[{"href":"https:\/\/www.hoymercedes.com.ar\/principal\/wp-json\/wp\/v2\/types\/post"}],"author":[{"embeddable":true,"href":"https:\/\/www.hoymercedes.com.ar\/principal\/wp-json\/wp\/v2\/users\/1"}],"replies":[{"embeddable":true,"href":"https:\/\/www.hoymercedes.com.ar\/principal\/wp-json\/wp\/v2\/comments?post=81776"}],"version-history":[{"count":0,"href":"https:\/\/www.hoymercedes.com.ar\/principal\/wp-json\/wp\/v2\/posts\/81776\/revisions"}],"wp:attachment":[{"href":"https:\/\/www.hoymercedes.com.ar\/principal\/wp-json\/wp\/v2\/media?parent=81776"}],"wp:term":[{"taxonomy":"category","embeddable":true,"href":"https:\/\/www.hoymercedes.com.ar\/principal\/wp-json\/wp\/v2\/categories?post=81776"},{"taxonomy":"post_tag","embeddable":true,"href":"https:\/\/www.hoymercedes.com.ar\/principal\/wp-json\/wp\/v2\/tags?post=81776"}],"curies":[{"name":"wp","href":"https:\/\/api.w.org\/{rel}","templated":true}]}}