{"id":81778,"date":"2018-10-03T20:35:35","date_gmt":"2018-10-03T23:35:35","guid":{"rendered":"http:\/\/www.hoymercedes.com.ar\/principal\/?p=81778"},"modified":"2018-10-04T08:14:27","modified_gmt":"2018-10-04T11:14:27","slug":"literlmammbo-es-japon-este-sabado-6","status":"publish","type":"post","link":"https:\/\/www.hoymercedes.com.ar\/principal\/2018\/10\/03\/literlmammbo-es-japon-este-sabado-6\/","title":{"rendered":"LiterlMAMMbo es Jap\u00f3n este s\u00e1bado 6"},"content":{"rendered":"<p>Se viene una nueva edici\u00f3n de LiteralMAMMbo, uno de los m\u00e1s exquisitos proyectos en conjunto del grupo de Literales que sigue ofreciendo calidad en cada uno de sus eventosa. Ahora: Jap\u00f3n. Geishas y anim\u00e9s. Ser\u00e1 el 6 de octubre, desde la hora 20 en el MAMM<\/p>\n<p>\u00abTradici\u00f3n y futuro. Silencio y estallido luminoso. Haikus y cantantes hologr\u00e1ficas . El pa\u00eds del sol naciente, de Hiroshima y Nagasaki, del monte Fuji. Tan lejano. Tan cercano. Cineastas , escritores, personajes , comidas que se han metido en nuestra cultura. Conocemos mucho de Jap\u00f3n. \u00bfConocemos mucho de Japon?\u00bb, se preguntan los organizadores del LiteralMAMMBo<\/p>\n<p>\u00abTransitaremos estas preguntas con dos exquisitos escritores argentinos con sangre japonesa Alejandra Kamiya y Mart\u00edn Sancia Kawamichi y con el m\u00fasico Marcelo Giorgione que tiene parte de su sangre en Jap\u00f3n. Con grullas, con t\u00e9 , con Otakus. Acompa\u00f1ennos a recorrer este pa\u00eds al otro lado del mundo\u00bb extienden su invitaci\u00f3n para el d\u00eda s\u00e1bado 6 de octubre, a la hora 20, en el Museo de Arte \u00abMunicipalidad de Mercedes\u00bb de calle 23 entre 16 y 18.<\/p>\n<p><img loading=\"lazy\" decoding=\"async\" data-attachment-id=\"81937\" data-permalink=\"https:\/\/www.hoymercedes.com.ar\/principal\/2018\/10\/03\/literlmammbo-es-japon-este-sabado-6\/03-mamm-japon\/#main\" data-orig-file=\"https:\/\/www.hoymercedes.com.ar\/principal\/wp-content\/uploads\/2018\/10\/03-mamm-japon.jpg\" data-orig-size=\"530,750\" data-comments-opened=\"0\" data-image-meta=\"{&quot;aperture&quot;:&quot;0&quot;,&quot;credit&quot;:&quot;&quot;,&quot;camera&quot;:&quot;&quot;,&quot;caption&quot;:&quot;&quot;,&quot;created_timestamp&quot;:&quot;0&quot;,&quot;copyright&quot;:&quot;&quot;,&quot;focal_length&quot;:&quot;0&quot;,&quot;iso&quot;:&quot;0&quot;,&quot;shutter_speed&quot;:&quot;0&quot;,&quot;title&quot;:&quot;&quot;,&quot;orientation&quot;:&quot;0&quot;}\" data-image-title=\"03 mamm japon\" data-image-description=\"\" data-image-caption=\"\" data-large-file=\"https:\/\/www.hoymercedes.com.ar\/principal\/wp-content\/uploads\/2018\/10\/03-mamm-japon.jpg\" class=\"aligncenter size-medium wp-image-81937\" src=\"https:\/\/www.hoymercedes.com.ar\/principal\/wp-content\/uploads\/2018\/10\/03-mamm-japon-438x620.jpg\" alt=\"\" width=\"438\" height=\"620\" srcset=\"https:\/\/www.hoymercedes.com.ar\/principal\/wp-content\/uploads\/2018\/10\/03-mamm-japon-438x620.jpg 438w, https:\/\/www.hoymercedes.com.ar\/principal\/wp-content\/uploads\/2018\/10\/03-mamm-japon-106x150.jpg 106w, https:\/\/www.hoymercedes.com.ar\/principal\/wp-content\/uploads\/2018\/10\/03-mamm-japon.jpg 530w\" sizes=\"auto, (max-width: 438px) 100vw, 438px\" \/><\/p>\n","protected":false},"excerpt":{"rendered":"<p>Se viene una nueva edici\u00f3n de LiteralMAMMbo, uno de los m\u00e1s exquisitos proyectos en conjunto del grupo de Literales que &#8230; <a title=\"LiterlMAMMbo es Jap\u00f3n este s\u00e1bado 6\" class=\"read-more\" href=\"https:\/\/www.hoymercedes.com.ar\/principal\/2018\/10\/03\/literlmammbo-es-japon-este-sabado-6\/\" aria-label=\"Leer m\u00e1s sobre LiterlMAMMbo es Jap\u00f3n este s\u00e1bado 6\">Leer m\u00e1s<\/a><\/p>\n","protected":false},"author":1,"featured_media":81937,"comment_status":"closed","ping_status":"open","sticky":false,"template":"","format":"standard","meta":{"_monsterinsights_skip_tracking":false,"_monsterinsights_sitenote_active":false,"_monsterinsights_sitenote_note":"","_monsterinsights_sitenote_category":0,"jetpack_post_was_ever_published":false,"_jetpack_newsletter_access":"","_jetpack_dont_email_post_to_subs":false,"_jetpack_newsletter_tier_id":0,"_jetpack_memberships_contains_paywalled_content":false,"_jetpack_memberships_contains_paid_content":false,"footnotes":"","jetpack_publicize_message":"","jetpack_publicize_feature_enabled":true,"jetpack_social_post_already_shared":true,"jetpack_social_options":{"image_generator_settings":{"template":"highway","default_image_id":0,"font":"","enabled":false},"version":2},"_wpas_customize_per_network":false},"categories":[104],"tags":[7805,11448,8674],"class_list":["post-81778","post","type-post","status-publish","format-standard","has-post-thumbnail","hentry","category-cultura","tag-cultura","tag-literalmammbo","tag-mamm","generate-columns","tablet-grid-50","mobile-grid-100","grid-parent","grid-50"],"jetpack_publicize_connections":[],"jetpack_featured_media_url":"https:\/\/www.hoymercedes.com.ar\/principal\/wp-content\/uploads\/2018\/10\/03-mamm-japon.jpg","wps_subtitle":"","jetpack_sharing_enabled":true,"_links":{"self":[{"href":"https:\/\/www.hoymercedes.com.ar\/principal\/wp-json\/wp\/v2\/posts\/81778","targetHints":{"allow":["GET"]}}],"collection":[{"href":"https:\/\/www.hoymercedes.com.ar\/principal\/wp-json\/wp\/v2\/posts"}],"about":[{"href":"https:\/\/www.hoymercedes.com.ar\/principal\/wp-json\/wp\/v2\/types\/post"}],"author":[{"embeddable":true,"href":"https:\/\/www.hoymercedes.com.ar\/principal\/wp-json\/wp\/v2\/users\/1"}],"replies":[{"embeddable":true,"href":"https:\/\/www.hoymercedes.com.ar\/principal\/wp-json\/wp\/v2\/comments?post=81778"}],"version-history":[{"count":0,"href":"https:\/\/www.hoymercedes.com.ar\/principal\/wp-json\/wp\/v2\/posts\/81778\/revisions"}],"wp:featuredmedia":[{"embeddable":true,"href":"https:\/\/www.hoymercedes.com.ar\/principal\/wp-json\/wp\/v2\/media\/81937"}],"wp:attachment":[{"href":"https:\/\/www.hoymercedes.com.ar\/principal\/wp-json\/wp\/v2\/media?parent=81778"}],"wp:term":[{"taxonomy":"category","embeddable":true,"href":"https:\/\/www.hoymercedes.com.ar\/principal\/wp-json\/wp\/v2\/categories?post=81778"},{"taxonomy":"post_tag","embeddable":true,"href":"https:\/\/www.hoymercedes.com.ar\/principal\/wp-json\/wp\/v2\/tags?post=81778"}],"curies":[{"name":"wp","href":"https:\/\/api.w.org\/{rel}","templated":true}]}}