{"id":81818,"date":"2018-10-01T17:45:56","date_gmt":"2018-10-01T20:45:56","guid":{"rendered":"http:\/\/www.hoymercedes.com.ar\/principal\/?p=81818"},"modified":"2018-10-01T16:02:53","modified_gmt":"2018-10-01T19:02:53","slug":"el-limonero-invita-a-un-mes-de-grabados","status":"publish","type":"post","link":"https:\/\/www.hoymercedes.com.ar\/principal\/2018\/10\/01\/el-limonero-invita-a-un-mes-de-grabados\/","title":{"rendered":"El Limonero invita a un mes de grabados"},"content":{"rendered":"<p>El mes de octubre, ser\u00e1 para el Movimiento Cultural EL Limonero un mes en donde los talleres y seminarios ser\u00e1n sobre la t\u00e9cnica de grabado. La inscripci\u00f3n ya est\u00e1 abierta para participar de cualquiera de las propuestas para el mes que reci\u00e9n se inicia. Las diferentes opciones son aranceladas con distintos valores.<\/p>\n<p>Las propuestas que El Limonero tiene para el mes son cuatro. El s\u00e1bado 6 de octubre el taller ser\u00e1 de grabado \u00aben hueco con mordiente salino\u00bb, un tipo de grabado \u00abmenos t\u00f3xico\u00bb. Ser\u00e1 intensivo entre las 15 y las 19 horas. Las responsables son\u00a0las artistas Melissa Scisciani y Yam Paez.<\/p>\n<p>El s\u00e1bado siguiente, 13 de octubre, habr\u00e1 un Seminario\u00a0de grabado sobre Tetra Pak, tambi\u00e9n una t\u00e9cnica de grabado menos t\u00f3xico. Esta actividad ser\u00e1 desde la hora 10 hasta las 14 con todos los materiales incluidos. El seminario estar\u00e1 a cargo de Pablo Russo. Ese mismo d\u00eda, en horas de la tarde, desde las 15 hasta las 17,30 horas, habr\u00e1 un taller de grabado para ni\u00f1os \u201cMonocopia\u201d, un taller para iniciarse en el grabado. El taller estar\u00e1 a cargo de Laura Parras.<\/p>\n<p>Finalmente, el s\u00e1bado 20, el seminario ser\u00e1 sobre libros m\u00f3viles. Se ense\u00f1ar\u00e1n estructuras novedosas para crear libros que generen movimiento y sorpresa al manipularlos. De 14 a 19 horas, el seminario estar\u00e1 a cargo de Diego Ismael.<\/p>\n<p>Las actividades son con inscripci\u00f3n previa. Para consultas e inscripci\u00f3n hay que dirigirse a El Limonero, calle 21 N\u00b0 327, de lunes a viernes de 10 a 13 horas y de 16 a 20. Cupos limitados. Tambi\u00e9n pueden consultar en el mismo horario a los tel\u00e9fonos 02324-421005 \u00f3 02324-15504498.<\/p>\n<p>&nbsp;<\/p>\n","protected":false},"excerpt":{"rendered":"<p>El mes de octubre, ser\u00e1 para el Movimiento Cultural EL Limonero un mes en donde los talleres y seminarios ser\u00e1n &#8230; <a title=\"El Limonero invita a un mes de grabados\" class=\"read-more\" href=\"https:\/\/www.hoymercedes.com.ar\/principal\/2018\/10\/01\/el-limonero-invita-a-un-mes-de-grabados\/\" aria-label=\"Leer m\u00e1s sobre El Limonero invita a un mes de grabados\">Leer m\u00e1s<\/a><\/p>\n","protected":false},"author":1,"featured_media":81890,"comment_status":"closed","ping_status":"open","sticky":false,"template":"","format":"standard","meta":{"_monsterinsights_skip_tracking":false,"_monsterinsights_sitenote_active":false,"_monsterinsights_sitenote_note":"","_monsterinsights_sitenote_category":0,"jetpack_post_was_ever_published":false,"_jetpack_newsletter_access":"","_jetpack_dont_email_post_to_subs":false,"_jetpack_newsletter_tier_id":0,"_jetpack_memberships_contains_paywalled_content":false,"_jetpack_memberships_contains_paid_content":false,"footnotes":"","jetpack_publicize_message":"","jetpack_publicize_feature_enabled":true,"jetpack_social_post_already_shared":true,"jetpack_social_options":{"image_generator_settings":{"template":"highway","default_image_id":0,"font":"","enabled":false},"version":2},"_wpas_customize_per_network":false},"categories":[104],"tags":[7805,10,10992,13811],"class_list":["post-81818","post","type-post","status-publish","format-standard","has-post-thumbnail","hentry","category-cultura","tag-cultura","tag-mercedes","tag-movimiento-cultural-el-limonero","tag-taller-grabado","generate-columns","tablet-grid-50","mobile-grid-100","grid-parent","grid-50"],"jetpack_publicize_connections":[],"jetpack_featured_media_url":"https:\/\/www.hoymercedes.com.ar\/principal\/wp-content\/uploads\/2018\/10\/01-Limonero.jpg","wps_subtitle":"Talleres en el espacio cultural","jetpack_sharing_enabled":true,"_links":{"self":[{"href":"https:\/\/www.hoymercedes.com.ar\/principal\/wp-json\/wp\/v2\/posts\/81818","targetHints":{"allow":["GET"]}}],"collection":[{"href":"https:\/\/www.hoymercedes.com.ar\/principal\/wp-json\/wp\/v2\/posts"}],"about":[{"href":"https:\/\/www.hoymercedes.com.ar\/principal\/wp-json\/wp\/v2\/types\/post"}],"author":[{"embeddable":true,"href":"https:\/\/www.hoymercedes.com.ar\/principal\/wp-json\/wp\/v2\/users\/1"}],"replies":[{"embeddable":true,"href":"https:\/\/www.hoymercedes.com.ar\/principal\/wp-json\/wp\/v2\/comments?post=81818"}],"version-history":[{"count":0,"href":"https:\/\/www.hoymercedes.com.ar\/principal\/wp-json\/wp\/v2\/posts\/81818\/revisions"}],"wp:featuredmedia":[{"embeddable":true,"href":"https:\/\/www.hoymercedes.com.ar\/principal\/wp-json\/wp\/v2\/media\/81890"}],"wp:attachment":[{"href":"https:\/\/www.hoymercedes.com.ar\/principal\/wp-json\/wp\/v2\/media?parent=81818"}],"wp:term":[{"taxonomy":"category","embeddable":true,"href":"https:\/\/www.hoymercedes.com.ar\/principal\/wp-json\/wp\/v2\/categories?post=81818"},{"taxonomy":"post_tag","embeddable":true,"href":"https:\/\/www.hoymercedes.com.ar\/principal\/wp-json\/wp\/v2\/tags?post=81818"}],"curies":[{"name":"wp","href":"https:\/\/api.w.org\/{rel}","templated":true}]}}