{"id":81820,"date":"2018-09-30T12:47:01","date_gmt":"2018-09-30T15:47:01","guid":{"rendered":"http:\/\/www.hoymercedes.com.ar\/principal\/?p=81820"},"modified":"2018-09-30T12:47:01","modified_gmt":"2018-09-30T15:47:01","slug":"el-salon-de-fotografia-abrio-sus-puertas-con-la-entrega-de-premios","status":"publish","type":"post","link":"https:\/\/www.hoymercedes.com.ar\/principal\/2018\/09\/30\/el-salon-de-fotografia-abrio-sus-puertas-con-la-entrega-de-premios\/","title":{"rendered":"El Sal\u00f3n de Fotograf\u00eda abri\u00f3 sus puertas con la entrega de premios"},"content":{"rendered":"<p><em><strong>Por TeCleArte &#8211; El Primer Premio fue para Mar\u00eda de la Paz Guti\u00e9rrez \u00a0con su fotograf\u00eda \u201cEsteban y el Gallo\u201d. En tanto, el Premio al Artista Local lo gan\u00f3 M\u00f3nica Camocardi por su foto \u201cDe Rosa\u201d. El segundo premio del sal\u00f3n fue para la fot\u00f3grafa mercedina radicada en CABA, Gisela Vola, mientras que el tercero lo gan\u00f3 Luisa Magdalena de San Antonio de Areco. La exposici\u00f3n de fotograf\u00edas se extiende hasta mediados de octubre.<\/strong><\/em><\/p>\n<figure id=\"attachment_81825\" aria-describedby=\"caption-attachment-81825\" style=\"width: 620px\" class=\"wp-caption aligncenter\"><img loading=\"lazy\" decoding=\"async\" data-attachment-id=\"81825\" data-permalink=\"https:\/\/www.hoymercedes.com.ar\/principal\/2018\/09\/30\/el-salon-de-fotografia-abrio-sus-puertas-con-la-entrega-de-premios\/30-salon-fotos-5\/#main\" data-orig-file=\"https:\/\/www.hoymercedes.com.ar\/principal\/wp-content\/uploads\/2018\/09\/30-salon-fotos-5.jpg\" data-orig-size=\"750,500\" data-comments-opened=\"0\" data-image-meta=\"{&quot;aperture&quot;:&quot;2&quot;,&quot;credit&quot;:&quot;&quot;,&quot;camera&quot;:&quot;Moto G (5S) Plus&quot;,&quot;caption&quot;:&quot;&quot;,&quot;created_timestamp&quot;:&quot;1538253868&quot;,&quot;copyright&quot;:&quot;&quot;,&quot;focal_length&quot;:&quot;3.59&quot;,&quot;iso&quot;:&quot;803&quot;,&quot;shutter_speed&quot;:&quot;0.04&quot;,&quot;title&quot;:&quot;&quot;,&quot;orientation&quot;:&quot;1&quot;}\" data-image-title=\"30 salon fotos 5\" data-image-description=\"\" data-image-caption=\"\" data-large-file=\"https:\/\/www.hoymercedes.com.ar\/principal\/wp-content\/uploads\/2018\/09\/30-salon-fotos-5.jpg\" class=\"wp-image-81825 size-medium\" src=\"https:\/\/www.hoymercedes.com.ar\/principal\/wp-content\/uploads\/2018\/09\/30-salon-fotos-5-630x420.jpg\" alt=\"\" width=\"630\" height=\"420\" srcset=\"https:\/\/www.hoymercedes.com.ar\/principal\/wp-content\/uploads\/2018\/09\/30-salon-fotos-5-630x420.jpg 630w, https:\/\/www.hoymercedes.com.ar\/principal\/wp-content\/uploads\/2018\/09\/30-salon-fotos-5-150x100.jpg 150w, https:\/\/www.hoymercedes.com.ar\/principal\/wp-content\/uploads\/2018\/09\/30-salon-fotos-5.jpg 750w\" sizes=\"auto, (max-width: 630px) 100vw, 630px\" \/><figcaption id=\"caption-attachment-81825\" class=\"wp-caption-text\">Los ganadores del sal\u00f3n en la foto final con las autoridades municipales<\/figcaption><\/figure>\n<p>En la noche del s\u00e1bado se inaugur\u00f3 el 10\u00b0 Sal\u00f3n Anual de Fotograf\u00eda \u201cCiudad de Mercedes\u201d en el Museo de Arte (MAMM). Fue el momento espec\u00edfico para la entrega de premios de para las im\u00e1genes seleccionadas por el jurado que actu\u00f3 en la tarde del viernes luego de haber realizado una pre selecci\u00f3n los d\u00edas previos.<\/p>\n<p>M\u00e1s de 250 obras se recibieron v\u00eda correo electr\u00f3nico para luego solicitar que se env\u00eden impresas las primeras preseleccionadas. Con las fotos impresas, el jurado determin\u00f3 quienes se llevar\u00edan los premios de la noche.<\/p>\n<p>El primer premio adquisici\u00f3n se lo llev\u00f3 la fotograf\u00eda \u201cEsteban y el Gallo\u201d cuya autora es una fot\u00f3grafa de la ciudad de Buenos Aires, Mar\u00eda de la Paz Guti\u00e9rrez que pas\u00f3 junto al \u201cmodelo\u201d de la imagen ganadora. Brevemente dirigi\u00f3 unas palabras antes los presentes y destac\u00f3: \u201cPara m\u00ed la fotograf\u00eda es un arte que merece estos espacios de reconocimiento y cari\u00f1o. Me siento honrada de que mi obra haya sido elegida entre tantas grandes trabajos\u201d.<\/p>\n<p>El segundo premio fue para la mercedina que hace dos d\u00e9cadas reside en Buenos Aires e integra la Cooperativa de Fot\u00f3grafos SUB, Gisela Vola por su fotograf\u00edas \u201cCabalgata nocturna 1\u201d. En tanto el tercer premio fue para Luisa Magdalena de San Antonio de Areco por su fotograf\u00eda \u201cPlaya Argenta\u201d.<\/p>\n<figure id=\"attachment_81824\" aria-describedby=\"caption-attachment-81824\" style=\"width: 620px\" class=\"wp-caption aligncenter\"><img loading=\"lazy\" decoding=\"async\" data-attachment-id=\"81824\" data-permalink=\"https:\/\/www.hoymercedes.com.ar\/principal\/2018\/09\/30\/el-salon-de-fotografia-abrio-sus-puertas-con-la-entrega-de-premios\/30-salon-fotos-4\/#main\" data-orig-file=\"https:\/\/www.hoymercedes.com.ar\/principal\/wp-content\/uploads\/2018\/09\/30-salon-fotos-4.jpg\" data-orig-size=\"750,500\" data-comments-opened=\"0\" data-image-meta=\"{&quot;aperture&quot;:&quot;2&quot;,&quot;credit&quot;:&quot;&quot;,&quot;camera&quot;:&quot;Moto G (5S) Plus&quot;,&quot;caption&quot;:&quot;&quot;,&quot;created_timestamp&quot;:&quot;1538253644&quot;,&quot;copyright&quot;:&quot;&quot;,&quot;focal_length&quot;:&quot;3.59&quot;,&quot;iso&quot;:&quot;756&quot;,&quot;shutter_speed&quot;:&quot;0.04&quot;,&quot;title&quot;:&quot;&quot;,&quot;orientation&quot;:&quot;1&quot;}\" data-image-title=\"30 salon fotos 4\" data-image-description=\"\" data-image-caption=\"&lt;p&gt;M\u00f3nica Camocardi gan\u00f3 el primer premio para los artistas locales&lt;\/p&gt;\n\" data-large-file=\"https:\/\/www.hoymercedes.com.ar\/principal\/wp-content\/uploads\/2018\/09\/30-salon-fotos-4.jpg\" class=\"size-medium wp-image-81824\" src=\"https:\/\/www.hoymercedes.com.ar\/principal\/wp-content\/uploads\/2018\/09\/30-salon-fotos-4-630x420.jpg\" alt=\"\" width=\"630\" height=\"420\" srcset=\"https:\/\/www.hoymercedes.com.ar\/principal\/wp-content\/uploads\/2018\/09\/30-salon-fotos-4-630x420.jpg 630w, https:\/\/www.hoymercedes.com.ar\/principal\/wp-content\/uploads\/2018\/09\/30-salon-fotos-4-150x100.jpg 150w, https:\/\/www.hoymercedes.com.ar\/principal\/wp-content\/uploads\/2018\/09\/30-salon-fotos-4.jpg 750w\" sizes=\"auto, (max-width: 630px) 100vw, 630px\" \/><figcaption id=\"caption-attachment-81824\" class=\"wp-caption-text\">M\u00f3nica Camocardi gan\u00f3 el primer premio para los artistas locales<\/figcaption><\/figure>\n<p>El primer premio local, tambi\u00e9n adquisici\u00f3n, fue para la rosarina radicada en Mercedes desde hace m\u00e1s de tres d\u00e9cadas, y ganadora en otras oportunidades, M\u00f3nica Camocardi. Su obra \u201cDe Rosa\u201d es una imagen que tom\u00f3 \u201cde casualidad\u201d en un transporte p\u00fablico. Ante los presentes dirigi\u00f3 unas palabras de agradecimiento e hizo referencia a las \u201ccoincidencia perfecta entre lo que uno propone y lo que el jurado ve\u201d.<\/p>\n<p>Camocardi tambi\u00e9n obtuvo menci\u00f3n especial por su fotograf\u00eda titulada \u201cCabecera\u201d. Las otras menciones especiales fueron para: Luciana Acu\u00f1a de Mercedes por su fotograf\u00eda \u201cAzufre\u201d, para la mercedina Mar\u00eda del Rosario Parodi por su obra \u201cMar\u00eda Rosa\u201d, la tambi\u00e9n fot\u00f3grafa local Agostina Nasso por \u201cEstado de tranquilidad divina\u201d, para Sergio Eleussipi por \u201cGracias por haber estado, no los voy a extra\u00f1ar\u201d y para Sergio Herrera de Mar del Plata por \u201cAsilo, abuelo espera\u201d.<\/p>\n<figure id=\"attachment_81823\" aria-describedby=\"caption-attachment-81823\" style=\"width: 620px\" class=\"wp-caption aligncenter\"><img loading=\"lazy\" decoding=\"async\" data-attachment-id=\"81823\" data-permalink=\"https:\/\/www.hoymercedes.com.ar\/principal\/2018\/09\/30\/el-salon-de-fotografia-abrio-sus-puertas-con-la-entrega-de-premios\/30-salon-fotos-3\/#main\" data-orig-file=\"https:\/\/www.hoymercedes.com.ar\/principal\/wp-content\/uploads\/2018\/09\/30-salon-fotos-3.jpg\" data-orig-size=\"750,500\" data-comments-opened=\"0\" data-image-meta=\"{&quot;aperture&quot;:&quot;2&quot;,&quot;credit&quot;:&quot;&quot;,&quot;camera&quot;:&quot;Moto G (5S) Plus&quot;,&quot;caption&quot;:&quot;&quot;,&quot;created_timestamp&quot;:&quot;1538253492&quot;,&quot;copyright&quot;:&quot;&quot;,&quot;focal_length&quot;:&quot;3.59&quot;,&quot;iso&quot;:&quot;781&quot;,&quot;shutter_speed&quot;:&quot;0.04&quot;,&quot;title&quot;:&quot;&quot;,&quot;orientation&quot;:&quot;1&quot;}\" data-image-title=\"30 salon fotos 3\" data-image-description=\"\" data-image-caption=\"&lt;p&gt;Gisela Vola, mercedina radicada en la ciudad de Buenos Aires, gan\u00f3 el segundo premio&lt;\/p&gt;\n\" data-large-file=\"https:\/\/www.hoymercedes.com.ar\/principal\/wp-content\/uploads\/2018\/09\/30-salon-fotos-3.jpg\" class=\"size-medium wp-image-81823\" src=\"https:\/\/www.hoymercedes.com.ar\/principal\/wp-content\/uploads\/2018\/09\/30-salon-fotos-3-630x420.jpg\" alt=\"\" width=\"630\" height=\"420\" srcset=\"https:\/\/www.hoymercedes.com.ar\/principal\/wp-content\/uploads\/2018\/09\/30-salon-fotos-3-630x420.jpg 630w, https:\/\/www.hoymercedes.com.ar\/principal\/wp-content\/uploads\/2018\/09\/30-salon-fotos-3-150x100.jpg 150w, https:\/\/www.hoymercedes.com.ar\/principal\/wp-content\/uploads\/2018\/09\/30-salon-fotos-3.jpg 750w\" sizes=\"auto, (max-width: 630px) 100vw, 630px\" \/><figcaption id=\"caption-attachment-81823\" class=\"wp-caption-text\">Gisela Vola, mercedina radicada en la ciudad de Buenos Aires, gan\u00f3 el segundo premio<\/figcaption><\/figure>\n<p>Previa a la entrega de premios habl\u00f3 en nombre de la Directora de Cultura Luc\u00eda Capaccio, quien est\u00e1 a cargo del \u00e1rea durante su licencia por maternidad, Francisco Dinova que resalt\u00f3 la continuidad de los Salones de Pintura y Fotograf\u00eda acrecentando los valores de los premios.<\/p>\n<p>A su lado, estaban la responsable del Museo de Arte, Stella Maris Gonz\u00e1lez; la Coordinadora de Museos, que fue presentada oficialmente, Marcela Brown, y el Intendente Municipal Juan Ignacio Ustarroz que cerr\u00f3 el acto inaugural con las felicitaciones a los responsables del \u00e1rea de cultura, a los ganadores y a los participantes de las dos instancias del certamen. \u201cEs nuestra filosof\u00eda de gobierno poder generar estos espacios donde los artistas se puedan encontrar en a trav\u00e9s de distintas propuestas culturales e intercambiar fuerzas para seguir comprometi\u00e9ndonos entre todos\u201d, resalt\u00f3 el Jefe Comunal.<\/p>\n<p>Las fotograf\u00edas seleccionadas para el Sal\u00f3n estar\u00e1n expuestas hasta mediados de octubre en la Sala B del MAMM. El resto de los seleccionados son: Gerardo Men\u00fa (Palomar), Fernando Mart\u00ednez (Avellaneda), Carlos Gim\u00e9nez (Mercedes), Diego Chapay (La Plata), \u00a0Natalia Harosteguy (Mercedes), Mar\u00eda Clara Zunino (Mercedes), Romina Gallardo (Mercedes), Elisa Gulminelli (CABA), Mar\u00eda Bel\u00e9n Belloni (CABA), Josefina Juega Sicardi (CABA), Alejandra Fern\u00e1ndez (CABA), \u00c1ngel Ferrandis (Mercedes), Marcelo Iglesias (CABA), Daiana Dorsa (Chivilcoy), Alejandro Gulminelli (CABA), Nicol\u00e1s Pousthomous (CABA), Alejandra Bonaccini (CABA), Ramiro Luengo (Chaco), Virginia Longhi (Mercedes), Luciana Ca\u00edno (Mercedes) y Pablo Russo (Mercedes)<\/p>\n<figure id=\"attachment_81822\" aria-describedby=\"caption-attachment-81822\" style=\"width: 620px\" class=\"wp-caption aligncenter\"><img loading=\"lazy\" decoding=\"async\" data-attachment-id=\"81822\" data-permalink=\"https:\/\/www.hoymercedes.com.ar\/principal\/2018\/09\/30\/el-salon-de-fotografia-abrio-sus-puertas-con-la-entrega-de-premios\/30-salon-fotos-2\/#main\" data-orig-file=\"https:\/\/www.hoymercedes.com.ar\/principal\/wp-content\/uploads\/2018\/09\/30-salon-fotos-2.jpg\" data-orig-size=\"750,500\" data-comments-opened=\"0\" data-image-meta=\"{&quot;aperture&quot;:&quot;2&quot;,&quot;credit&quot;:&quot;&quot;,&quot;camera&quot;:&quot;Moto G (5S) Plus&quot;,&quot;caption&quot;:&quot;&quot;,&quot;created_timestamp&quot;:&quot;1538251904&quot;,&quot;copyright&quot;:&quot;&quot;,&quot;focal_length&quot;:&quot;3.59&quot;,&quot;iso&quot;:&quot;925&quot;,&quot;shutter_speed&quot;:&quot;0.03030303030303&quot;,&quot;title&quot;:&quot;&quot;,&quot;orientation&quot;:&quot;1&quot;}\" data-image-title=\"30 salon fotos 2\" data-image-description=\"\" data-image-caption=\"&lt;p&gt;La exposici\u00f3n se puede visitar hasta mediados de octubre. &lt;\/p&gt;\n\" data-large-file=\"https:\/\/www.hoymercedes.com.ar\/principal\/wp-content\/uploads\/2018\/09\/30-salon-fotos-2.jpg\" class=\"size-medium wp-image-81822\" src=\"https:\/\/www.hoymercedes.com.ar\/principal\/wp-content\/uploads\/2018\/09\/30-salon-fotos-2-630x420.jpg\" alt=\"\" width=\"630\" height=\"420\" srcset=\"https:\/\/www.hoymercedes.com.ar\/principal\/wp-content\/uploads\/2018\/09\/30-salon-fotos-2-630x420.jpg 630w, https:\/\/www.hoymercedes.com.ar\/principal\/wp-content\/uploads\/2018\/09\/30-salon-fotos-2-150x100.jpg 150w, https:\/\/www.hoymercedes.com.ar\/principal\/wp-content\/uploads\/2018\/09\/30-salon-fotos-2.jpg 750w\" sizes=\"auto, (max-width: 630px) 100vw, 630px\" \/><figcaption id=\"caption-attachment-81822\" class=\"wp-caption-text\">La exposici\u00f3n se puede visitar hasta mediados de octubre.<\/figcaption><\/figure>\n","protected":false},"excerpt":{"rendered":"<p>Por TeCleArte &#8211; El Primer Premio fue para Mar\u00eda de la Paz Guti\u00e9rrez \u00a0con su fotograf\u00eda \u201cEsteban y el Gallo\u201d. &#8230; <a title=\"El Sal\u00f3n de Fotograf\u00eda abri\u00f3 sus puertas con la entrega de premios\" class=\"read-more\" href=\"https:\/\/www.hoymercedes.com.ar\/principal\/2018\/09\/30\/el-salon-de-fotografia-abrio-sus-puertas-con-la-entrega-de-premios\/\" aria-label=\"Leer m\u00e1s sobre El Sal\u00f3n de Fotograf\u00eda abri\u00f3 sus puertas con la entrega de premios\">Leer m\u00e1s<\/a><\/p>\n","protected":false},"author":1,"featured_media":81821,"comment_status":"closed","ping_status":"open","sticky":false,"template":"","format":"standard","meta":{"_monsterinsights_skip_tracking":false,"_monsterinsights_sitenote_active":false,"_monsterinsights_sitenote_note":"","_monsterinsights_sitenote_category":0,"jetpack_post_was_ever_published":false,"_jetpack_newsletter_access":"","_jetpack_dont_email_post_to_subs":false,"_jetpack_newsletter_tier_id":0,"_jetpack_memberships_contains_paywalled_content":false,"_jetpack_memberships_contains_paid_content":false,"footnotes":"","jetpack_publicize_message":"","jetpack_publicize_feature_enabled":true,"jetpack_social_post_already_shared":true,"jetpack_social_options":{"image_generator_settings":{"template":"highway","default_image_id":0,"font":"","enabled":false},"version":2},"_wpas_customize_per_network":false},"categories":[104],"tags":[7805,3384,8674,10,9632],"class_list":["post-81820","post","type-post","status-publish","format-standard","has-post-thumbnail","hentry","category-cultura","tag-cultura","tag-ganadores","tag-mamm","tag-mercedes","tag-salon-de-fotografia","generate-columns","tablet-grid-50","mobile-grid-100","grid-parent","grid-50"],"jetpack_publicize_connections":[],"jetpack_featured_media_url":"https:\/\/www.hoymercedes.com.ar\/principal\/wp-content\/uploads\/2018\/09\/30-salon-fotos-1.jpg","wps_subtitle":"El s\u00e1bado a la noche","jetpack_sharing_enabled":true,"_links":{"self":[{"href":"https:\/\/www.hoymercedes.com.ar\/principal\/wp-json\/wp\/v2\/posts\/81820","targetHints":{"allow":["GET"]}}],"collection":[{"href":"https:\/\/www.hoymercedes.com.ar\/principal\/wp-json\/wp\/v2\/posts"}],"about":[{"href":"https:\/\/www.hoymercedes.com.ar\/principal\/wp-json\/wp\/v2\/types\/post"}],"author":[{"embeddable":true,"href":"https:\/\/www.hoymercedes.com.ar\/principal\/wp-json\/wp\/v2\/users\/1"}],"replies":[{"embeddable":true,"href":"https:\/\/www.hoymercedes.com.ar\/principal\/wp-json\/wp\/v2\/comments?post=81820"}],"version-history":[{"count":0,"href":"https:\/\/www.hoymercedes.com.ar\/principal\/wp-json\/wp\/v2\/posts\/81820\/revisions"}],"wp:featuredmedia":[{"embeddable":true,"href":"https:\/\/www.hoymercedes.com.ar\/principal\/wp-json\/wp\/v2\/media\/81821"}],"wp:attachment":[{"href":"https:\/\/www.hoymercedes.com.ar\/principal\/wp-json\/wp\/v2\/media?parent=81820"}],"wp:term":[{"taxonomy":"category","embeddable":true,"href":"https:\/\/www.hoymercedes.com.ar\/principal\/wp-json\/wp\/v2\/categories?post=81820"},{"taxonomy":"post_tag","embeddable":true,"href":"https:\/\/www.hoymercedes.com.ar\/principal\/wp-json\/wp\/v2\/tags?post=81820"}],"curies":[{"name":"wp","href":"https:\/\/api.w.org\/{rel}","templated":true}]}}