{"id":81831,"date":"2018-09-30T17:01:56","date_gmt":"2018-09-30T20:01:56","guid":{"rendered":"http:\/\/www.hoymercedes.com.ar\/principal\/?p=81831"},"modified":"2018-09-30T16:05:57","modified_gmt":"2018-09-30T19:05:57","slug":"internos-de-la-unidad-5-recibieron-certificados-de-capacitacion","status":"publish","type":"post","link":"https:\/\/www.hoymercedes.com.ar\/principal\/2018\/09\/30\/internos-de-la-unidad-5-recibieron-certificados-de-capacitacion\/","title":{"rendered":"Internos de la Unidad 5 recibieron certificados de capacitaci\u00f3n"},"content":{"rendered":"<p>En una de las nuevas aulas del Sector Capacitaci\u00f3n Laboral, de la Unidad 5,\u00a0 realizadas para poder brindar espacios para dictar diversos cursos formales y no formales, d\u00edas pasados se entregaron los\u00a0certificados\u00a0a los internos que\u00a0 los realizaron en el primer periodo de \u00e9ste a\u00f1o.<\/p>\n<p><img loading=\"lazy\" decoding=\"async\" data-attachment-id=\"81832\" data-permalink=\"https:\/\/www.hoymercedes.com.ar\/principal\/2018\/09\/30\/internos-de-la-unidad-5-recibieron-certificados-de-capacitacion\/30-internos\/#main\" data-orig-file=\"https:\/\/www.hoymercedes.com.ar\/principal\/wp-content\/uploads\/2018\/09\/30-internos.jpg\" data-orig-size=\"750,422\" data-comments-opened=\"0\" data-image-meta=\"{&quot;aperture&quot;:&quot;2.2&quot;,&quot;credit&quot;:&quot;&quot;,&quot;camera&quot;:&quot;SM-J200M&quot;,&quot;caption&quot;:&quot;&quot;,&quot;created_timestamp&quot;:&quot;1537263952&quot;,&quot;copyright&quot;:&quot;&quot;,&quot;focal_length&quot;:&quot;3.3&quot;,&quot;iso&quot;:&quot;50&quot;,&quot;shutter_speed&quot;:&quot;0.071428571428571&quot;,&quot;title&quot;:&quot;&quot;,&quot;orientation&quot;:&quot;1&quot;}\" data-image-title=\"30 internos\" data-image-description=\"\" data-image-caption=\"\" data-large-file=\"https:\/\/www.hoymercedes.com.ar\/principal\/wp-content\/uploads\/2018\/09\/30-internos.jpg\" class=\"aligncenter size-medium wp-image-81832\" src=\"https:\/\/www.hoymercedes.com.ar\/principal\/wp-content\/uploads\/2018\/09\/30-internos-630x354.jpg\" alt=\"\" width=\"630\" height=\"354\" srcset=\"https:\/\/www.hoymercedes.com.ar\/principal\/wp-content\/uploads\/2018\/09\/30-internos-630x354.jpg 630w, https:\/\/www.hoymercedes.com.ar\/principal\/wp-content\/uploads\/2018\/09\/30-internos-150x84.jpg 150w, https:\/\/www.hoymercedes.com.ar\/principal\/wp-content\/uploads\/2018\/09\/30-internos.jpg 750w\" sizes=\"auto, (max-width: 630px) 100vw, 630px\" \/><\/p>\n<p>En esta ocasi\u00f3n se les entregaron diplomas a 30 internos que participaron en los talleres de capacitaci\u00f3n No Formales de Construcci\u00f3n en Seco (durlock) y Luthiers, dictado por privados de la libertad, que saben el oficio y se los trasmiten a sus compa\u00f1eros.<\/p>\n<p>Los Cursos son avalados por la Direcci\u00f3n de Promoci\u00f3n e Inclusi\u00f3n Socio laboral del SPB y coordinados por Formaci\u00f3n T\u00e9cnica y Oficios de la Unidad. Estos talleres dan la posibilidad de obtener nuevas herramientas para desarrollarse en el mundo laboral, adem\u00e1s de interactuar y socializar entre s\u00ed.<\/p>\n<p>Estuvieron presentes en la entrega el Subdirector de Administraci\u00f3n Fabi\u00e1n G\u00f3mez, la Coordinadora de Promoci\u00f3n e Inclusi\u00f3n Socio Laboral D\u00e9bora Dasilva \u00a0y la Coordinadora de Educaci\u00f3n F\u00e1tima.<\/p>\n<p>Fuente. Prensa Unidad 5<\/p>\n","protected":false},"excerpt":{"rendered":"<p>En una de las nuevas aulas del Sector Capacitaci\u00f3n Laboral, de la Unidad 5,\u00a0 realizadas para poder brindar espacios para &#8230; <a title=\"Internos de la Unidad 5 recibieron certificados de capacitaci\u00f3n\" class=\"read-more\" href=\"https:\/\/www.hoymercedes.com.ar\/principal\/2018\/09\/30\/internos-de-la-unidad-5-recibieron-certificados-de-capacitacion\/\" aria-label=\"Leer m\u00e1s sobre Internos de la Unidad 5 recibieron certificados de capacitaci\u00f3n\">Leer m\u00e1s<\/a><\/p>\n","protected":false},"author":1,"featured_media":81832,"comment_status":"closed","ping_status":"open","sticky":false,"template":"","format":"standard","meta":{"_monsterinsights_skip_tracking":false,"_monsterinsights_sitenote_active":false,"_monsterinsights_sitenote_note":"","_monsterinsights_sitenote_category":0,"jetpack_post_was_ever_published":false,"_jetpack_newsletter_access":"","_jetpack_dont_email_post_to_subs":false,"_jetpack_newsletter_tier_id":0,"_jetpack_memberships_contains_paywalled_content":false,"_jetpack_memberships_contains_paid_content":false,"footnotes":"","jetpack_publicize_message":"","jetpack_publicize_feature_enabled":true,"jetpack_social_post_already_shared":true,"jetpack_social_options":{"image_generator_settings":{"template":"highway","default_image_id":0,"font":"","enabled":false},"version":2},"_wpas_customize_per_network":false},"categories":[8],"tags":[8656,1011,47,9918,7802,8780],"class_list":["post-81831","post","type-post","status-publish","format-standard","has-post-thumbnail","hentry","category-sociedad","tag-capacitacion","tag-carcel","tag-educacion-2","tag-internos","tag-sociedad","tag-spb","generate-columns","tablet-grid-50","mobile-grid-100","grid-parent","grid-50"],"jetpack_publicize_connections":[],"jetpack_featured_media_url":"https:\/\/www.hoymercedes.com.ar\/principal\/wp-content\/uploads\/2018\/09\/30-internos.jpg","wps_subtitle":"Trabajo con internos","jetpack_sharing_enabled":true,"_links":{"self":[{"href":"https:\/\/www.hoymercedes.com.ar\/principal\/wp-json\/wp\/v2\/posts\/81831","targetHints":{"allow":["GET"]}}],"collection":[{"href":"https:\/\/www.hoymercedes.com.ar\/principal\/wp-json\/wp\/v2\/posts"}],"about":[{"href":"https:\/\/www.hoymercedes.com.ar\/principal\/wp-json\/wp\/v2\/types\/post"}],"author":[{"embeddable":true,"href":"https:\/\/www.hoymercedes.com.ar\/principal\/wp-json\/wp\/v2\/users\/1"}],"replies":[{"embeddable":true,"href":"https:\/\/www.hoymercedes.com.ar\/principal\/wp-json\/wp\/v2\/comments?post=81831"}],"version-history":[{"count":0,"href":"https:\/\/www.hoymercedes.com.ar\/principal\/wp-json\/wp\/v2\/posts\/81831\/revisions"}],"wp:featuredmedia":[{"embeddable":true,"href":"https:\/\/www.hoymercedes.com.ar\/principal\/wp-json\/wp\/v2\/media\/81832"}],"wp:attachment":[{"href":"https:\/\/www.hoymercedes.com.ar\/principal\/wp-json\/wp\/v2\/media?parent=81831"}],"wp:term":[{"taxonomy":"category","embeddable":true,"href":"https:\/\/www.hoymercedes.com.ar\/principal\/wp-json\/wp\/v2\/categories?post=81831"},{"taxonomy":"post_tag","embeddable":true,"href":"https:\/\/www.hoymercedes.com.ar\/principal\/wp-json\/wp\/v2\/tags?post=81831"}],"curies":[{"name":"wp","href":"https:\/\/api.w.org\/{rel}","templated":true}]}}