{"id":81841,"date":"2018-09-30T19:43:45","date_gmt":"2018-09-30T22:43:45","guid":{"rendered":"http:\/\/www.hoymercedes.com.ar\/principal\/?p=81841"},"modified":"2018-09-30T18:53:31","modified_gmt":"2018-09-30T21:53:31","slug":"el-defensor-bonaerense-recurrira-el-recorte-de-la-tarifa-social-del-gas","status":"publish","type":"post","link":"https:\/\/www.hoymercedes.com.ar\/principal\/2018\/09\/30\/el-defensor-bonaerense-recurrira-el-recorte-de-la-tarifa-social-del-gas\/","title":{"rendered":"El Defensor bonaerense recurrir\u00e1 el recorte de la tarifa social del gas"},"content":{"rendered":"<p>El titular de la Defensor\u00eda del Pueblo de la Provincia de Buenos,\u00a0que conduce Guido Lorenzino, recurrir\u00e1 la medida oficial que eliminar\u00e1 en parte este beneficio, adem\u00e1s de la bonificaci\u00f3n por ahorrar en el consumo.<\/p>\n<p>El Defensor del Pueblo bonaerense segura que la medida \u201cse trata de otro golpe m\u00e1s contra la gente, sobre todo los que menos tienen, que terminan siendo sobre quienes recae el duro ajuste que estamos sufriendo\u201d.<\/p>\n<p>La decisi\u00f3n del organismo se da como respuesta a la resoluci\u00f3n de la secretar\u00eda de Energ\u00eda de ponerle un tope al beneficio y eliminarlo para el resto de los bloques de consumo que estaban alcanzados por la bonificaci\u00f3n, y que ahora tendr\u00e1n que pagar el total del precio del gas que utilicen.<\/p>\n<p>En ese sentido, la Defensor\u00eda utilizar\u00e1 todos los medios administrativos que est\u00e9n a su alcance para expresar al gobierno nacional su rechazo a este nuevo esquema. \u201cEsperemos que d\u00e9 marcha atr\u00e1s con esta medida, sino volveremos a ir a la Justicia para que frene esta decisi\u00f3n que afectar\u00e1 a much\u00edsimas personas\u201d, indic\u00f3 Lorenzino.<\/p>\n<p>Esta resoluci\u00f3n adem\u00e1s elimina la bonificaci\u00f3n para quienes ahorraban gas en comparaci\u00f3n con el mismo periodo del a\u00f1o anterior. En ese sentido, el Defensor del Pueblo expres\u00f3 que \u201cla decisi\u00f3n hace que el mensaje a favor de gastar menos gas hecho durante tanto tiempo por el gobierno sea una mentira; la \u00fanica verdad es ajustar el bolsillo de los ciudadanos\u201d. va contra el Gobierno nacional por el recorte de la tarifa social del gas<\/p>\n<p>Fuente: Prensa Defensor\u00eda Buenos Aires<\/p>\n","protected":false},"excerpt":{"rendered":"<p>El titular de la Defensor\u00eda del Pueblo de la Provincia de Buenos,\u00a0que conduce Guido Lorenzino, recurrir\u00e1 la medida oficial que &#8230; <a title=\"El Defensor bonaerense recurrir\u00e1 el recorte de la tarifa social del gas\" class=\"read-more\" href=\"https:\/\/www.hoymercedes.com.ar\/principal\/2018\/09\/30\/el-defensor-bonaerense-recurrira-el-recorte-de-la-tarifa-social-del-gas\/\" aria-label=\"Leer m\u00e1s sobre El Defensor bonaerense recurrir\u00e1 el recorte de la tarifa social del gas\">Leer m\u00e1s<\/a><\/p>\n","protected":false},"author":1,"featured_media":81845,"comment_status":"closed","ping_status":"open","sticky":false,"template":"","format":"standard","meta":{"_monsterinsights_skip_tracking":false,"_monsterinsights_sitenote_active":false,"_monsterinsights_sitenote_note":"","_monsterinsights_sitenote_category":0,"jetpack_post_was_ever_published":false,"_jetpack_newsletter_access":"","_jetpack_dont_email_post_to_subs":false,"_jetpack_newsletter_tier_id":0,"_jetpack_memberships_contains_paywalled_content":false,"_jetpack_memberships_contains_paid_content":false,"footnotes":"","jetpack_publicize_message":"","jetpack_publicize_feature_enabled":true,"jetpack_social_post_already_shared":true,"jetpack_social_options":{"image_generator_settings":{"template":"highway","default_image_id":0,"font":"","enabled":false},"version":2},"_wpas_customize_per_network":false},"categories":[8881],"tags":[8934,9284,1803,8936,13804],"class_list":["post-81841","post","type-post","status-publish","format-standard","has-post-thumbnail","hentry","category-provincia","tag-aumento","tag-defensor-del-pueblo","tag-provincia","tag-tarifa-social","tag-tarifas-de-gas","generate-columns","tablet-grid-50","mobile-grid-100","grid-parent","grid-50"],"jetpack_publicize_connections":[],"jetpack_featured_media_url":"https:\/\/www.hoymercedes.com.ar\/principal\/wp-content\/uploads\/2018\/09\/30-lorenzino.jpg","wps_subtitle":"","jetpack_sharing_enabled":true,"_links":{"self":[{"href":"https:\/\/www.hoymercedes.com.ar\/principal\/wp-json\/wp\/v2\/posts\/81841","targetHints":{"allow":["GET"]}}],"collection":[{"href":"https:\/\/www.hoymercedes.com.ar\/principal\/wp-json\/wp\/v2\/posts"}],"about":[{"href":"https:\/\/www.hoymercedes.com.ar\/principal\/wp-json\/wp\/v2\/types\/post"}],"author":[{"embeddable":true,"href":"https:\/\/www.hoymercedes.com.ar\/principal\/wp-json\/wp\/v2\/users\/1"}],"replies":[{"embeddable":true,"href":"https:\/\/www.hoymercedes.com.ar\/principal\/wp-json\/wp\/v2\/comments?post=81841"}],"version-history":[{"count":0,"href":"https:\/\/www.hoymercedes.com.ar\/principal\/wp-json\/wp\/v2\/posts\/81841\/revisions"}],"wp:featuredmedia":[{"embeddable":true,"href":"https:\/\/www.hoymercedes.com.ar\/principal\/wp-json\/wp\/v2\/media\/81845"}],"wp:attachment":[{"href":"https:\/\/www.hoymercedes.com.ar\/principal\/wp-json\/wp\/v2\/media?parent=81841"}],"wp:term":[{"taxonomy":"category","embeddable":true,"href":"https:\/\/www.hoymercedes.com.ar\/principal\/wp-json\/wp\/v2\/categories?post=81841"},{"taxonomy":"post_tag","embeddable":true,"href":"https:\/\/www.hoymercedes.com.ar\/principal\/wp-json\/wp\/v2\/tags?post=81841"}],"curies":[{"name":"wp","href":"https:\/\/api.w.org\/{rel}","templated":true}]}}