{"id":81883,"date":"2018-10-01T15:30:21","date_gmt":"2018-10-01T18:30:21","guid":{"rendered":"http:\/\/www.hoymercedes.com.ar\/principal\/?p=81883"},"modified":"2018-10-01T14:59:48","modified_gmt":"2018-10-01T17:59:48","slug":"la-biblioteca-sarmiento-difundiendo-la-lectura-en-las-escuelas","status":"publish","type":"post","link":"https:\/\/www.hoymercedes.com.ar\/principal\/2018\/10\/01\/la-biblioteca-sarmiento-difundiendo-la-lectura-en-las-escuelas\/","title":{"rendered":"La Biblioteca Sarmiento difundiendo la lectura en las escuelas"},"content":{"rendered":"<p>En el marco de las actividades de difusi\u00f3n de la lectura que se propone en las instituciones educativas, el viernes pasado, integrantes de la Biblioteca Sarmiento de Mercedes fueron invitados a la jornada de lectura del Colegio San Jos\u00e9 de la ciudad. Los alumnos del nivel inicial y del primario compartieron con escritores mercedinos la jornada educativa.<\/p>\n<p><img loading=\"lazy\" decoding=\"async\" data-attachment-id=\"81884\" data-permalink=\"https:\/\/www.hoymercedes.com.ar\/principal\/2018\/10\/01\/la-biblioteca-sarmiento-difundiendo-la-lectura-en-las-escuelas\/01-biblioteca-1\/#main\" data-orig-file=\"https:\/\/www.hoymercedes.com.ar\/principal\/wp-content\/uploads\/2018\/10\/01-biblioteca-1.jpg\" data-orig-size=\"772,687\" data-comments-opened=\"0\" data-image-meta=\"{&quot;aperture&quot;:&quot;0&quot;,&quot;credit&quot;:&quot;&quot;,&quot;camera&quot;:&quot;&quot;,&quot;caption&quot;:&quot;&quot;,&quot;created_timestamp&quot;:&quot;0&quot;,&quot;copyright&quot;:&quot;&quot;,&quot;focal_length&quot;:&quot;0&quot;,&quot;iso&quot;:&quot;0&quot;,&quot;shutter_speed&quot;:&quot;0&quot;,&quot;title&quot;:&quot;&quot;,&quot;orientation&quot;:&quot;0&quot;}\" data-image-title=\"01 biblioteca 1\" data-image-description=\"\" data-image-caption=\"\" data-large-file=\"https:\/\/www.hoymercedes.com.ar\/principal\/wp-content\/uploads\/2018\/10\/01-biblioteca-1.jpg\" class=\"aligncenter size-medium wp-image-81884\" src=\"https:\/\/www.hoymercedes.com.ar\/principal\/wp-content\/uploads\/2018\/10\/01-biblioteca-1-630x561.jpg\" alt=\"\" width=\"630\" height=\"561\" srcset=\"https:\/\/www.hoymercedes.com.ar\/principal\/wp-content\/uploads\/2018\/10\/01-biblioteca-1-630x561.jpg 630w, https:\/\/www.hoymercedes.com.ar\/principal\/wp-content\/uploads\/2018\/10\/01-biblioteca-1-150x133.jpg 150w, https:\/\/www.hoymercedes.com.ar\/principal\/wp-content\/uploads\/2018\/10\/01-biblioteca-1.jpg 772w\" sizes=\"auto, (max-width: 630px) 100vw, 630px\" \/><\/p>\n<p>Por la ma\u00f1ana, la escritora mercedina de cuentos infantiles Hilda Bascarr\u00e1n deleit\u00f3 a los ni\u00f1os con la lectura de sus cuentos. Seguidamente, la presidenta de la Biblioteca Sarmiento, Leonor Ocampo describi\u00f3 algunas caracter\u00edsticas de la historia de las plazas mercedinas, historias se encuentran en uno de sus libros de investigaci\u00f3n hist\u00f3rica.<\/p>\n<p>Por la tarde, Hugo Capaccio, amante de la lectura seleccion\u00f3 poes\u00edas de Mar\u00edn para leerles a los alumnos. Aprovech\u00f3 la oportunidad para contarles historias del poeta mercedino que durante la infancia vivi\u00f3 en el barrio del Colegio San Jos\u00e9. Luego ser\u00eda Susana Oterm\u00edn la que cant\u00f3 canciones infantiles y leyera algunos de sus cuentos.<\/p>\n<p>Desde la Biblioteca Sarmiento entregaron libros de escritores mercedinos que se sumar\u00e1n a los textos que tiene la biblioteca de la instituci\u00f3n educativa. La entrega de libros se dio en el marco del programa \u201cVolver a o\u00edr la voz del escritor mercedino\u201d que forma parte de las actividades que se desarrollan este a\u00f1o desde la Biblioteca Sarmiento.<\/p>\n<p><img loading=\"lazy\" decoding=\"async\" data-attachment-id=\"81885\" data-permalink=\"https:\/\/www.hoymercedes.com.ar\/principal\/2018\/10\/01\/la-biblioteca-sarmiento-difundiendo-la-lectura-en-las-escuelas\/01-biblioteca-2\/#main\" data-orig-file=\"https:\/\/www.hoymercedes.com.ar\/principal\/wp-content\/uploads\/2018\/10\/01-biblioteca-2.jpg\" data-orig-size=\"750,500\" data-comments-opened=\"0\" data-image-meta=\"{&quot;aperture&quot;:&quot;0&quot;,&quot;credit&quot;:&quot;&quot;,&quot;camera&quot;:&quot;&quot;,&quot;caption&quot;:&quot;&quot;,&quot;created_timestamp&quot;:&quot;0&quot;,&quot;copyright&quot;:&quot;&quot;,&quot;focal_length&quot;:&quot;0&quot;,&quot;iso&quot;:&quot;0&quot;,&quot;shutter_speed&quot;:&quot;0&quot;,&quot;title&quot;:&quot;&quot;,&quot;orientation&quot;:&quot;0&quot;}\" data-image-title=\"01 biblioteca 2\" data-image-description=\"\" data-image-caption=\"\" data-large-file=\"https:\/\/www.hoymercedes.com.ar\/principal\/wp-content\/uploads\/2018\/10\/01-biblioteca-2.jpg\" class=\"aligncenter size-medium wp-image-81885\" src=\"https:\/\/www.hoymercedes.com.ar\/principal\/wp-content\/uploads\/2018\/10\/01-biblioteca-2-630x420.jpg\" alt=\"\" width=\"630\" height=\"420\" srcset=\"https:\/\/www.hoymercedes.com.ar\/principal\/wp-content\/uploads\/2018\/10\/01-biblioteca-2-630x420.jpg 630w, https:\/\/www.hoymercedes.com.ar\/principal\/wp-content\/uploads\/2018\/10\/01-biblioteca-2-150x100.jpg 150w, https:\/\/www.hoymercedes.com.ar\/principal\/wp-content\/uploads\/2018\/10\/01-biblioteca-2.jpg 750w\" sizes=\"auto, (max-width: 630px) 100vw, 630px\" \/><\/p>\n","protected":false},"excerpt":{"rendered":"<p>En el marco de las actividades de difusi\u00f3n de la lectura que se propone en las instituciones educativas, el viernes &#8230; <a title=\"La Biblioteca Sarmiento difundiendo la lectura en las escuelas\" class=\"read-more\" href=\"https:\/\/www.hoymercedes.com.ar\/principal\/2018\/10\/01\/la-biblioteca-sarmiento-difundiendo-la-lectura-en-las-escuelas\/\" aria-label=\"Leer m\u00e1s sobre La Biblioteca Sarmiento difundiendo la lectura en las escuelas\">Leer m\u00e1s<\/a><\/p>\n","protected":false},"author":1,"featured_media":81885,"comment_status":"closed","ping_status":"open","sticky":false,"template":"","format":"standard","meta":{"_monsterinsights_skip_tracking":false,"_monsterinsights_sitenote_active":false,"_monsterinsights_sitenote_note":"","_monsterinsights_sitenote_category":0,"jetpack_post_was_ever_published":false,"_jetpack_newsletter_access":"","_jetpack_dont_email_post_to_subs":false,"_jetpack_newsletter_tier_id":0,"_jetpack_memberships_contains_paywalled_content":false,"_jetpack_memberships_contains_paid_content":false,"footnotes":"","jetpack_publicize_message":"","jetpack_publicize_feature_enabled":true,"jetpack_social_post_already_shared":true,"jetpack_social_options":{"image_generator_settings":{"template":"highway","default_image_id":0,"font":"","enabled":false},"version":2},"_wpas_customize_per_network":false},"categories":[104],"tags":[13809,3066,7805,47,73],"class_list":["post-81883","post","type-post","status-publish","format-standard","has-post-thumbnail","hentry","category-cultura","tag-autores-mercedinos","tag-biblioteca-sarmiento","tag-cultura","tag-educacion-2","tag-literatura","generate-columns","tablet-grid-50","mobile-grid-100","grid-parent","grid-50"],"jetpack_publicize_connections":[],"jetpack_featured_media_url":"https:\/\/www.hoymercedes.com.ar\/principal\/wp-content\/uploads\/2018\/10\/01-biblioteca-2.jpg","wps_subtitle":"Marat\u00f3n de lectura en las escuelas","jetpack_sharing_enabled":true,"_links":{"self":[{"href":"https:\/\/www.hoymercedes.com.ar\/principal\/wp-json\/wp\/v2\/posts\/81883","targetHints":{"allow":["GET"]}}],"collection":[{"href":"https:\/\/www.hoymercedes.com.ar\/principal\/wp-json\/wp\/v2\/posts"}],"about":[{"href":"https:\/\/www.hoymercedes.com.ar\/principal\/wp-json\/wp\/v2\/types\/post"}],"author":[{"embeddable":true,"href":"https:\/\/www.hoymercedes.com.ar\/principal\/wp-json\/wp\/v2\/users\/1"}],"replies":[{"embeddable":true,"href":"https:\/\/www.hoymercedes.com.ar\/principal\/wp-json\/wp\/v2\/comments?post=81883"}],"version-history":[{"count":0,"href":"https:\/\/www.hoymercedes.com.ar\/principal\/wp-json\/wp\/v2\/posts\/81883\/revisions"}],"wp:featuredmedia":[{"embeddable":true,"href":"https:\/\/www.hoymercedes.com.ar\/principal\/wp-json\/wp\/v2\/media\/81885"}],"wp:attachment":[{"href":"https:\/\/www.hoymercedes.com.ar\/principal\/wp-json\/wp\/v2\/media?parent=81883"}],"wp:term":[{"taxonomy":"category","embeddable":true,"href":"https:\/\/www.hoymercedes.com.ar\/principal\/wp-json\/wp\/v2\/categories?post=81883"},{"taxonomy":"post_tag","embeddable":true,"href":"https:\/\/www.hoymercedes.com.ar\/principal\/wp-json\/wp\/v2\/tags?post=81883"}],"curies":[{"name":"wp","href":"https:\/\/api.w.org\/{rel}","templated":true}]}}