{"id":8190,"date":"2011-10-11T20:27:55","date_gmt":"2011-10-11T20:27:55","guid":{"rendered":"http:\/\/www.hoymercedes.com.ar\/principal\/?p=8190"},"modified":"2011-10-11T20:27:55","modified_gmt":"2011-10-11T20:27:55","slug":"entrega-de-maquinaria-a-los-productores-de-durazno","status":"publish","type":"post","link":"https:\/\/www.hoymercedes.com.ar\/principal\/2011\/10\/11\/entrega-de-maquinaria-a-los-productores-de-durazno\/","title":{"rendered":"Entrega de maquinaria a los productores de durazno"},"content":{"rendered":"<p style=\"text-align: center;\"><a href=\"https:\/\/www.hoymercedes.com.ar\/principal\/wp-content\/uploads\/2011\/10\/maquinaria1.jpg\"><img loading=\"lazy\" decoding=\"async\" data-attachment-id=\"8195\" data-permalink=\"https:\/\/www.hoymercedes.com.ar\/principal\/2011\/10\/11\/entrega-de-maquinaria-a-los-productores-de-durazno\/maquinaria-2\/#main\" data-orig-file=\"https:\/\/www.hoymercedes.com.ar\/principal\/wp-content\/uploads\/2011\/10\/maquinaria1.jpg\" data-orig-size=\"640,426\" data-comments-opened=\"1\" data-image-meta=\"{&quot;aperture&quot;:&quot;10&quot;,&quot;credit&quot;:&quot;&quot;,&quot;camera&quot;:&quot;NIKON D50&quot;,&quot;caption&quot;:&quot;&quot;,&quot;created_timestamp&quot;:&quot;1318333240&quot;,&quot;copyright&quot;:&quot;&quot;,&quot;focal_length&quot;:&quot;28&quot;,&quot;iso&quot;:&quot;0&quot;,&quot;shutter_speed&quot;:&quot;0.0025&quot;,&quot;title&quot;:&quot;&quot;}\" data-image-title=\"maquinaria\" data-image-description=\"\" data-image-caption=\"\" data-large-file=\"https:\/\/www.hoymercedes.com.ar\/principal\/wp-content\/uploads\/2011\/10\/maquinaria1.jpg\" class=\"aligncenter size-full wp-image-8195\" title=\"maquinaria\" src=\"https:\/\/www.hoymercedes.com.ar\/principal\/wp-content\/uploads\/2011\/10\/maquinaria1.jpg\" alt=\"\" width=\"612\" height=\"400\" \/><\/a><\/p>\n<p>Ma\u00f1ana al mediod\u00eda, en la puerta del Palacio Municipal, se har\u00e1 la entrega oficial de 2 pulverizadoras para trabajos sanitarios. Las mismas ser\u00e1n otorgadas por la Municipalidad de Mercedes para uso de los productores de duraznos.<\/p>\n<p>Los productores que lo recibir\u00e1n ser\u00e1n, el grupo de Pescio, y el grupo de L\u00f3pez.<\/p>\n<p>Los pulverizadores que se adquirieron son de marca Jacto, Arbus 2000 por un valor aproximado a los $65.000 cada uno. Las mismas son especiales para trabajar en montes de Duraznos, por la altura y por la presi\u00f3n que utilizan, para no da\u00f1ar a la fruta<\/p>\n","protected":false},"excerpt":{"rendered":"<p>Ma\u00f1ana al mediod\u00eda, en la puerta del Palacio Municipal, se har\u00e1 la entrega oficial de 2 pulverizadoras para trabajos sanitarios. &#8230; <a title=\"Entrega de maquinaria a los productores de durazno\" class=\"read-more\" href=\"https:\/\/www.hoymercedes.com.ar\/principal\/2011\/10\/11\/entrega-de-maquinaria-a-los-productores-de-durazno\/\" aria-label=\"Leer m\u00e1s sobre Entrega de maquinaria a los productores de durazno\">Leer m\u00e1s<\/a><\/p>\n","protected":false},"author":1,"featured_media":0,"comment_status":"open","ping_status":"open","sticky":false,"template":"","format":"standard","meta":{"_monsterinsights_skip_tracking":false,"_monsterinsights_sitenote_active":false,"_monsterinsights_sitenote_note":"","_monsterinsights_sitenote_category":0,"jetpack_post_was_ever_published":false,"_jetpack_newsletter_access":"","_jetpack_dont_email_post_to_subs":false,"_jetpack_newsletter_tier_id":0,"_jetpack_memberships_contains_paywalled_content":false,"_jetpack_memberships_contains_paid_content":false,"footnotes":"","jetpack_publicize_message":"","jetpack_publicize_feature_enabled":true,"jetpack_social_post_already_shared":false,"jetpack_social_options":{"image_generator_settings":{"template":"highway","default_image_id":0,"font":"","enabled":false},"version":2},"_wpas_customize_per_network":false},"categories":[30],"tags":[1456],"class_list":["post-8190","post","type-post","status-publish","format-standard","hentry","category-municipio","tag-maquinaria-municipal","generate-columns","tablet-grid-50","mobile-grid-100","grid-parent","grid-50"],"jetpack_publicize_connections":[],"jetpack_featured_media_url":"","wps_subtitle":"","jetpack_sharing_enabled":true,"_links":{"self":[{"href":"https:\/\/www.hoymercedes.com.ar\/principal\/wp-json\/wp\/v2\/posts\/8190","targetHints":{"allow":["GET"]}}],"collection":[{"href":"https:\/\/www.hoymercedes.com.ar\/principal\/wp-json\/wp\/v2\/posts"}],"about":[{"href":"https:\/\/www.hoymercedes.com.ar\/principal\/wp-json\/wp\/v2\/types\/post"}],"author":[{"embeddable":true,"href":"https:\/\/www.hoymercedes.com.ar\/principal\/wp-json\/wp\/v2\/users\/1"}],"replies":[{"embeddable":true,"href":"https:\/\/www.hoymercedes.com.ar\/principal\/wp-json\/wp\/v2\/comments?post=8190"}],"version-history":[{"count":0,"href":"https:\/\/www.hoymercedes.com.ar\/principal\/wp-json\/wp\/v2\/posts\/8190\/revisions"}],"wp:attachment":[{"href":"https:\/\/www.hoymercedes.com.ar\/principal\/wp-json\/wp\/v2\/media?parent=8190"}],"wp:term":[{"taxonomy":"category","embeddable":true,"href":"https:\/\/www.hoymercedes.com.ar\/principal\/wp-json\/wp\/v2\/categories?post=8190"},{"taxonomy":"post_tag","embeddable":true,"href":"https:\/\/www.hoymercedes.com.ar\/principal\/wp-json\/wp\/v2\/tags?post=8190"}],"curies":[{"name":"wp","href":"https:\/\/api.w.org\/{rel}","templated":true}]}}