{"id":81928,"date":"2018-10-03T18:10:19","date_gmt":"2018-10-03T21:10:19","guid":{"rendered":"http:\/\/www.hoymercedes.com.ar\/principal\/?p=81928"},"modified":"2018-10-03T17:26:14","modified_gmt":"2018-10-03T20:26:14","slug":"el-hospital-implemento-un-consultorio-para-adolescentes","status":"publish","type":"post","link":"https:\/\/www.hoymercedes.com.ar\/principal\/2018\/10\/03\/el-hospital-implemento-un-consultorio-para-adolescentes\/","title":{"rendered":"El Hospital implement\u00f3 un consultorio para adolescentes"},"content":{"rendered":"<p>En la l\u00ednea de servicios m\u00e9dicos que tiene el Hospital Blas L. Dubarry, este mi\u00e9rcoles se inici\u00f3 un servicio de consultorio exclusivo para adolescentes. Una m\u00e9dica generalista y un trabajador social atender\u00e1n de manera integral a los adolescentes que realicen consultas m\u00e9dicas en el nosocomio de la calle 12. Atender\u00e1n los d\u00edas mi\u00e9rcoles a partir de la hora 10 con turnos y demandas espont\u00e1neas.<\/p>\n<figure id=\"attachment_81929\" aria-describedby=\"caption-attachment-81929\" style=\"width: 620px\" class=\"wp-caption aligncenter\"><img loading=\"lazy\" decoding=\"async\" data-attachment-id=\"81929\" data-permalink=\"https:\/\/www.hoymercedes.com.ar\/principal\/2018\/10\/03\/el-hospital-implemento-un-consultorio-para-adolescentes\/03-hosp-adolescentes\/#main\" data-orig-file=\"https:\/\/www.hoymercedes.com.ar\/principal\/wp-content\/uploads\/2018\/10\/03-hosp-adolescentes.jpg\" data-orig-size=\"750,500\" data-comments-opened=\"0\" data-image-meta=\"{&quot;aperture&quot;:&quot;2&quot;,&quot;credit&quot;:&quot;&quot;,&quot;camera&quot;:&quot;Moto G (5S) Plus&quot;,&quot;caption&quot;:&quot;&quot;,&quot;created_timestamp&quot;:&quot;1538563923&quot;,&quot;copyright&quot;:&quot;&quot;,&quot;focal_length&quot;:&quot;3.59&quot;,&quot;iso&quot;:&quot;151&quot;,&quot;shutter_speed&quot;:&quot;0.03030303030303&quot;,&quot;title&quot;:&quot;&quot;,&quot;orientation&quot;:&quot;1&quot;}\" data-image-title=\"03 hosp adolescentes\" data-image-description=\"\" data-image-caption=\"&lt;p&gt;El Lic. Esteban Rosli, la Lic. Liliana Gil y la Dra. Anal\u00eda P\u00e9rez, iniciaron la atenci\u00f3n del consultorio para adolescentes. &lt;\/p&gt;\n\" data-large-file=\"https:\/\/www.hoymercedes.com.ar\/principal\/wp-content\/uploads\/2018\/10\/03-hosp-adolescentes.jpg\" class=\"size-medium wp-image-81929\" src=\"https:\/\/www.hoymercedes.com.ar\/principal\/wp-content\/uploads\/2018\/10\/03-hosp-adolescentes-630x420.jpg\" alt=\"\" width=\"630\" height=\"420\" srcset=\"https:\/\/www.hoymercedes.com.ar\/principal\/wp-content\/uploads\/2018\/10\/03-hosp-adolescentes-630x420.jpg 630w, https:\/\/www.hoymercedes.com.ar\/principal\/wp-content\/uploads\/2018\/10\/03-hosp-adolescentes-150x100.jpg 150w, https:\/\/www.hoymercedes.com.ar\/principal\/wp-content\/uploads\/2018\/10\/03-hosp-adolescentes.jpg 750w\" sizes=\"auto, (max-width: 630px) 100vw, 630px\" \/><figcaption id=\"caption-attachment-81929\" class=\"wp-caption-text\">El Lic. Esteban Rosli, la Lic. Liliana Gil y la Dra. Anal\u00eda P\u00e9rez, iniciaron la atenci\u00f3n del consultorio para adolescentes.<\/figcaption><\/figure>\n<p>La directora asociada del Dubarry, Lic. Liliana Gil, acompa\u00f1ada de la m\u00e9dica generalista Dra. Anal\u00eda P\u00e9rez y el Trabajador Social, Lic. Esteban Rosli, explicaron cual es la propuesta del consultorio para adolescente.<\/p>\n<p>\u201cVemos que el adolescente no ten\u00eda un espacio donde pueda hacer una consulta m\u00e9dica amigable. Lo ven\u00edamos pensando al ver que al hospital los adolescentes que ven\u00edan hacer consultas m\u00e9dicas lo hac\u00edan por embarazos o tras un accidente. Este consultorio tiene como objetivo fundamental el control cl\u00ednico del adolescente. Con una mirada integral ser\u00e1 interdisciplinario. Por lo tanto, la consulta ser\u00e1 compartida entre la m\u00e9dica y el trabajador social. La Dra. P\u00e9rez es m\u00e9dica generalista y el Licenciado en Trabajo Social, Esteban Rosli, son los profesionales que atender\u00e1n a los adolescentes\u201d, explic\u00f3 la directora asociada Liliana Gil.<\/p>\n<p>\u201cSi un adolescente viene al hospital para una pr\u00e1ctica determinada habr\u00e1 un pedido de interconsulta con los profesionales del consultorio para adolescentes. Esto permitir\u00e1 abordar el desarrollo saludable de los adolescentes de manera integral. Desde lo f\u00edsico, los psicol\u00f3gico, lo social, o desde lo educativo\u201d, agreg\u00f3 la licenciada Gil.<\/p>\n<p>A su lado, la M\u00e9dica Generalista y el Trabajador Social, explicaron que la atenci\u00f3n cl\u00ednica en los adolescentes se enfoca en \u00e1reas y se trabaja en redes. \u201cCuando hablamos de \u00e1reas y estas redes, nos hacemos referencias al hogar, a los espacios sociales en las que participa como clubes, iglesias, escuelas, a parir de ah\u00ed pueden surgir problemas de salud que hay que tratar\u201d, dijo la Dra P\u00e9rez.<\/p>\n<p>\u201cNo trabajamos en patolog\u00edas concretas, sino que encaramos la salud integral del adolescente. Vamos indagando el por qu\u00e9 de la consulta, tal vez sea un problema de salud, pero seguimos indagando sobre otras situaciones del adolescentes que pueden estar relacionadas. Por ejemplo, si est\u00e1 teniendo alg\u00fan problema en la escuela, o si hace educaci\u00f3n f\u00edsica, tal vez est\u00e9 siendo v\u00edctima de alg\u00fan tipo de violencia. A partir de ah\u00ed, buscamos articular con las \u00e1reas dentro del hospital o con las instituciones que est\u00e1n en el territorio, por fuera del hospital\u201d, agreg\u00f3 el Lic. Rosli.<\/p>\n<p>\u201cEl adolescente puede venir a plantear alg\u00fan problema que tenga. A partir de ah\u00ed iremos trabajando de manera integral. La historia cl\u00ednica que armamos es espec\u00edfica del adolescente. No se llena en un solo d\u00eda. La adolescencia no es algo homog\u00e9neo, sino que debe trabajarse diferentes cuestiones e inquietudes de acuerdo tambi\u00e9n a cada adolescente. Respetamos la autonom\u00eda del adolescente y por eso el espacio est\u00e1 referenciado, cerrado, estaremos nosotros, el padre, si viene, ser\u00e1 dejado afuera como para charlar a solas con el adolescente\u201d, agregaron los profesionales a cargo del consultorio.<\/p>\n<p>Los adolescentes podr\u00e1n ir solos a la atenci\u00f3n con los profesionales, as\u00ed como acompa\u00f1ados por otro adolescente u otra persona, sin ser necesario la presencia de un mayor o uno de sus padres.<\/p>\n<p>En principio atender\u00e1n los d\u00edas mi\u00e9rcoles, desde la hora 10. Lo har\u00e1n a trav\u00e9s de la demanda espont\u00e1nea o los turnos dados previamente. Tambi\u00e9n comenzar\u00e1n a derivar a este consultorio los pacientes que, por su edad, dejen de ser pedi\u00e1tricos.<\/p>\n<p>En el marco del consultorio los profesionales piensan en un futuro armar talleres y actividades para los adolescentes en las escuelas u otros lugares de encuentro de este grupo etario.<\/p>\n<p>Por Clarisa Altieri<\/p>\n","protected":false},"excerpt":{"rendered":"<p>En la l\u00ednea de servicios m\u00e9dicos que tiene el Hospital Blas L. Dubarry, este mi\u00e9rcoles se inici\u00f3 un servicio de &#8230; <a title=\"El Hospital implement\u00f3 un consultorio para adolescentes\" class=\"read-more\" href=\"https:\/\/www.hoymercedes.com.ar\/principal\/2018\/10\/03\/el-hospital-implemento-un-consultorio-para-adolescentes\/\" aria-label=\"Leer m\u00e1s sobre El Hospital implement\u00f3 un consultorio para adolescentes\">Leer m\u00e1s<\/a><\/p>\n","protected":false},"author":1,"featured_media":81929,"comment_status":"closed","ping_status":"open","sticky":false,"template":"","format":"standard","meta":{"_monsterinsights_skip_tracking":false,"_monsterinsights_sitenote_active":false,"_monsterinsights_sitenote_note":"","_monsterinsights_sitenote_category":0,"jetpack_post_was_ever_published":false,"_jetpack_newsletter_access":"","_jetpack_dont_email_post_to_subs":false,"_jetpack_newsletter_tier_id":0,"_jetpack_memberships_contains_paywalled_content":false,"_jetpack_memberships_contains_paid_content":false,"footnotes":"","jetpack_publicize_message":"","jetpack_publicize_feature_enabled":true,"jetpack_social_post_already_shared":true,"jetpack_social_options":{"image_generator_settings":{"template":"highway","default_image_id":0,"font":"","enabled":false},"version":2},"_wpas_customize_per_network":false},"categories":[9791],"tags":[13817,624,10,134],"class_list":["post-81928","post","type-post","status-publish","format-standard","has-post-thumbnail","hentry","category-salud","tag-consultorio-para-adolescentes","tag-hospital-blas-l-dubarry","tag-mercedes","tag-salud","generate-columns","tablet-grid-50","mobile-grid-100","grid-parent","grid-50"],"jetpack_publicize_connections":[],"jetpack_featured_media_url":"https:\/\/www.hoymercedes.com.ar\/principal\/wp-content\/uploads\/2018\/10\/03-hosp-adolescentes.jpg","wps_subtitle":"Atiende los mi\u00e9rcoles","jetpack_sharing_enabled":true,"_links":{"self":[{"href":"https:\/\/www.hoymercedes.com.ar\/principal\/wp-json\/wp\/v2\/posts\/81928","targetHints":{"allow":["GET"]}}],"collection":[{"href":"https:\/\/www.hoymercedes.com.ar\/principal\/wp-json\/wp\/v2\/posts"}],"about":[{"href":"https:\/\/www.hoymercedes.com.ar\/principal\/wp-json\/wp\/v2\/types\/post"}],"author":[{"embeddable":true,"href":"https:\/\/www.hoymercedes.com.ar\/principal\/wp-json\/wp\/v2\/users\/1"}],"replies":[{"embeddable":true,"href":"https:\/\/www.hoymercedes.com.ar\/principal\/wp-json\/wp\/v2\/comments?post=81928"}],"version-history":[{"count":0,"href":"https:\/\/www.hoymercedes.com.ar\/principal\/wp-json\/wp\/v2\/posts\/81928\/revisions"}],"wp:featuredmedia":[{"embeddable":true,"href":"https:\/\/www.hoymercedes.com.ar\/principal\/wp-json\/wp\/v2\/media\/81929"}],"wp:attachment":[{"href":"https:\/\/www.hoymercedes.com.ar\/principal\/wp-json\/wp\/v2\/media?parent=81928"}],"wp:term":[{"taxonomy":"category","embeddable":true,"href":"https:\/\/www.hoymercedes.com.ar\/principal\/wp-json\/wp\/v2\/categories?post=81928"},{"taxonomy":"post_tag","embeddable":true,"href":"https:\/\/www.hoymercedes.com.ar\/principal\/wp-json\/wp\/v2\/tags?post=81928"}],"curies":[{"name":"wp","href":"https:\/\/api.w.org\/{rel}","templated":true}]}}