{"id":81931,"date":"2018-10-03T22:47:54","date_gmt":"2018-10-04T01:47:54","guid":{"rendered":"http:\/\/www.hoymercedes.com.ar\/principal\/?p=81931"},"modified":"2018-10-03T22:47:54","modified_gmt":"2018-10-04T01:47:54","slug":"con-fondos-propios-municipio-inicia-nueva-obra-de-pavimentacion","status":"publish","type":"post","link":"https:\/\/www.hoymercedes.com.ar\/principal\/2018\/10\/03\/con-fondos-propios-municipio-inicia-nueva-obra-de-pavimentacion\/","title":{"rendered":"Con fondos propios municipio inicia nueva obra de pavimentaci\u00f3n"},"content":{"rendered":"<figure id=\"attachment_81932\" aria-describedby=\"caption-attachment-81932\" style=\"width: 620px\" class=\"wp-caption aligncenter\"><img loading=\"lazy\" decoding=\"async\" data-attachment-id=\"81932\" data-permalink=\"https:\/\/www.hoymercedes.com.ar\/principal\/2018\/10\/03\/con-fondos-propios-municipio-inicia-nueva-obra-de-pavimentacion\/pavimento-calle12-2\/#main\" data-orig-file=\"https:\/\/www.hoymercedes.com.ar\/principal\/wp-content\/uploads\/2018\/10\/Pavimento-calle12-2.jpg\" data-orig-size=\"1027,577\" data-comments-opened=\"0\" data-image-meta=\"{&quot;aperture&quot;:&quot;0&quot;,&quot;credit&quot;:&quot;&quot;,&quot;camera&quot;:&quot;&quot;,&quot;caption&quot;:&quot;&quot;,&quot;created_timestamp&quot;:&quot;0&quot;,&quot;copyright&quot;:&quot;&quot;,&quot;focal_length&quot;:&quot;0&quot;,&quot;iso&quot;:&quot;0&quot;,&quot;shutter_speed&quot;:&quot;0&quot;,&quot;title&quot;:&quot;&quot;,&quot;orientation&quot;:&quot;0&quot;}\" data-image-title=\"Pavimento-calle12-2\" data-image-description=\"\" data-image-caption=\"&lt;p&gt;12 entre 1 y 107&lt;\/p&gt;\n\" data-large-file=\"https:\/\/www.hoymercedes.com.ar\/principal\/wp-content\/uploads\/2018\/10\/Pavimento-calle12-2-1024x575.jpg\" class=\"size-medium wp-image-81932\" src=\"https:\/\/www.hoymercedes.com.ar\/principal\/wp-content\/uploads\/2018\/10\/Pavimento-calle12-2-630x354.jpg\" alt=\"\" width=\"630\" height=\"354\" srcset=\"https:\/\/www.hoymercedes.com.ar\/principal\/wp-content\/uploads\/2018\/10\/Pavimento-calle12-2-630x354.jpg 630w, https:\/\/www.hoymercedes.com.ar\/principal\/wp-content\/uploads\/2018\/10\/Pavimento-calle12-2-150x84.jpg 150w, https:\/\/www.hoymercedes.com.ar\/principal\/wp-content\/uploads\/2018\/10\/Pavimento-calle12-2-1024x575.jpg 1024w, https:\/\/www.hoymercedes.com.ar\/principal\/wp-content\/uploads\/2018\/10\/Pavimento-calle12-2.jpg 1027w\" sizes=\"auto, (max-width: 630px) 100vw, 630px\" \/><figcaption id=\"caption-attachment-81932\" class=\"wp-caption-text\">12 entre 1 y 107<\/figcaption><\/figure>\n<p style=\"font-weight: 400;\">Algo que caracteriza y beneficia a todos los vecinos de la ciudad es el amplio plan integral de bacheo y pavimentaci\u00f3n que contin\u00faa desplegando la Municipalidad de Mercedes sumando m\u00e1s de medio centenar de cuadras ya pavimentadas.<\/p>\n<p style=\"font-weight: 400;\">En esta oportunidad, la maquinaria cementera se traslad\u00f3 a la calle 12 -de 1 a 107- donde mano de obra mercedina realizar\u00e1 400 metros de calle en hormig\u00f3n. \u201cEsta importante obra la estamos realizando con recursos ciento por ciento municipales, y esto tiene que ver con el gran saneamiento que hemos logrado de la econom\u00eda del Municipio\u201d destac\u00f3 el jefe de gabinete, Mat\u00edas Dematei.<\/p>\n<p style=\"font-weight: 400;\">Por otro lado, Dematei subray\u00f3 \u201ces importante puntualizar que el municipio sigue en el camino emprendido ya hace tiempo, en momentos donde la econom\u00eda de nuestro pa\u00eds es p\u00e9sima, donde no hay trabajo y la crisis pega de manera muy fuerte, la comuna contin\u00faa con las obras y dando trabajo a tantos mercedinos\u201d.<\/p>\n<p style=\"font-weight: 400;\">Asimismo, Dematei expres\u00f3 \u201cen este caso se presentaron 9 empresas, la que gan\u00f3 fue una empresa local, lo cual no pone muy contentos, porque es dinero que queda en Mercedes\u201d y agreg\u00f3 \u201cpoder palear, de alguna manera, una pol\u00edtica macroecon\u00f3mica que excede la capacidad de un Municipio verdaderamente nos pone muy felices\u201d.<\/p>\n<figure id=\"attachment_81933\" aria-describedby=\"caption-attachment-81933\" style=\"width: 620px\" class=\"wp-caption aligncenter\"><img loading=\"lazy\" decoding=\"async\" data-attachment-id=\"81933\" data-permalink=\"https:\/\/www.hoymercedes.com.ar\/principal\/2018\/10\/03\/con-fondos-propios-municipio-inicia-nueva-obra-de-pavimentacion\/pavimento-calle12-4\/#main\" data-orig-file=\"https:\/\/www.hoymercedes.com.ar\/principal\/wp-content\/uploads\/2018\/10\/Pavimento-calle12-4.jpg\" data-orig-size=\"1027,577\" data-comments-opened=\"0\" data-image-meta=\"{&quot;aperture&quot;:&quot;0&quot;,&quot;credit&quot;:&quot;&quot;,&quot;camera&quot;:&quot;&quot;,&quot;caption&quot;:&quot;&quot;,&quot;created_timestamp&quot;:&quot;0&quot;,&quot;copyright&quot;:&quot;&quot;,&quot;focal_length&quot;:&quot;0&quot;,&quot;iso&quot;:&quot;0&quot;,&quot;shutter_speed&quot;:&quot;0&quot;,&quot;title&quot;:&quot;&quot;,&quot;orientation&quot;:&quot;0&quot;}\" data-image-title=\"Pavimento-calle12-4\" data-image-description=\"\" data-image-caption=\"&lt;p&gt;Desmonte de calles&lt;\/p&gt;\n\" data-large-file=\"https:\/\/www.hoymercedes.com.ar\/principal\/wp-content\/uploads\/2018\/10\/Pavimento-calle12-4-1024x575.jpg\" class=\"size-medium wp-image-81933\" src=\"https:\/\/www.hoymercedes.com.ar\/principal\/wp-content\/uploads\/2018\/10\/Pavimento-calle12-4-630x354.jpg\" alt=\"\" width=\"630\" height=\"354\" srcset=\"https:\/\/www.hoymercedes.com.ar\/principal\/wp-content\/uploads\/2018\/10\/Pavimento-calle12-4-630x354.jpg 630w, https:\/\/www.hoymercedes.com.ar\/principal\/wp-content\/uploads\/2018\/10\/Pavimento-calle12-4-150x84.jpg 150w, https:\/\/www.hoymercedes.com.ar\/principal\/wp-content\/uploads\/2018\/10\/Pavimento-calle12-4-1024x575.jpg 1024w, https:\/\/www.hoymercedes.com.ar\/principal\/wp-content\/uploads\/2018\/10\/Pavimento-calle12-4.jpg 1027w\" sizes=\"auto, (max-width: 630px) 100vw, 630px\" \/><figcaption id=\"caption-attachment-81933\" class=\"wp-caption-text\">Desmonte de calles<\/figcaption><\/figure>\n<p style=\"font-weight: 400;\"><strong>Saneada<\/strong><\/p>\n<p style=\"font-weight: 400;\">\u201cHemos realizado un amplio plan de obras. Calles, Jardines Espacio de Primera Infancia, Casa Valatoria Municipal, Centro de Diagn\u00f3stico, mejoras del espacio urbano, son muchas las obras que hemos encarado\u201d destac\u00f3 el Jefe Comunal Juan Ignacio Ustarroz remarcando que \u201ctiempo atr\u00e1s hab\u00edan criticado la forma en que cuid\u00e1bamos el dinero de todos los mercedinos. Hoy se ve que tomamos una decisi\u00f3n correcta. Los frutos, en beneficio de todos los mercedinos, siendo acciones que durar\u00e1n en el tiempo, est\u00e1n a la vista de todos\u201d, expres\u00f3 ante los medios.<\/p>\n<p style=\"font-weight: 400;\"><strong>Licitaci\u00f3n<\/strong><\/p>\n<p style=\"font-weight: 400;\">Es importante destacar que el Municipio en cada licitaci\u00f3n de obra que hace para la ciudad exige por contrato -si la empresa no es mercedina- que parte de la mano de obra contratada sea local.<\/p>\n<p style=\"font-weight: 400;\">\u201cuna de las virtudes que ha tenido el intendente Ustarroz, fue hacer las adjudicaciones muy r\u00e1pido para que de esa manera las obras se pudieran hacer, previendo una crisis econ\u00f3mica\u201d, narr\u00f3 Dematei y afirm\u00f3 que \u201cla mayor\u00eda son vecinos que hace m\u00e1s de 50 a\u00f1os viven en esta zona, y al hablar con ellos nos comentaban que no esperaban que se hiciera esta obra, estaban muy felices y siempre se pusieron a disposici\u00f3n, lo cual es muy importante ya que es una obra que llevar\u00e1 al menos cuatro meses\u201d remarc\u00f3 el Jefe de Gabinete.<\/p>\n<p style=\"font-weight: 400;\">De esta manera, el Municipio contin\u00faa extendiendo por toda la ciudad, a pesar de un momento econ\u00f3mico muy complicado, el plan integral de obra p\u00fablica por m\u00e1s de 70 millones de pesos.<\/p>\n<p><img loading=\"lazy\" decoding=\"async\" data-attachment-id=\"81934\" data-permalink=\"https:\/\/www.hoymercedes.com.ar\/principal\/2018\/10\/03\/con-fondos-propios-municipio-inicia-nueva-obra-de-pavimentacion\/pavimento-calle12-3\/#main\" data-orig-file=\"https:\/\/www.hoymercedes.com.ar\/principal\/wp-content\/uploads\/2018\/10\/Pavimento-calle12-3.jpg\" data-orig-size=\"1026,577\" data-comments-opened=\"0\" data-image-meta=\"{&quot;aperture&quot;:&quot;0&quot;,&quot;credit&quot;:&quot;&quot;,&quot;camera&quot;:&quot;&quot;,&quot;caption&quot;:&quot;&quot;,&quot;created_timestamp&quot;:&quot;0&quot;,&quot;copyright&quot;:&quot;&quot;,&quot;focal_length&quot;:&quot;0&quot;,&quot;iso&quot;:&quot;0&quot;,&quot;shutter_speed&quot;:&quot;0&quot;,&quot;title&quot;:&quot;&quot;,&quot;orientation&quot;:&quot;0&quot;}\" data-image-title=\"Pavimento-calle12-3\" data-image-description=\"\" data-image-caption=\"\" data-large-file=\"https:\/\/www.hoymercedes.com.ar\/principal\/wp-content\/uploads\/2018\/10\/Pavimento-calle12-3-1024x576.jpg\" class=\"aligncenter size-medium wp-image-81934\" src=\"https:\/\/www.hoymercedes.com.ar\/principal\/wp-content\/uploads\/2018\/10\/Pavimento-calle12-3-630x354.jpg\" alt=\"\" width=\"630\" height=\"354\" srcset=\"https:\/\/www.hoymercedes.com.ar\/principal\/wp-content\/uploads\/2018\/10\/Pavimento-calle12-3-630x354.jpg 630w, https:\/\/www.hoymercedes.com.ar\/principal\/wp-content\/uploads\/2018\/10\/Pavimento-calle12-3-150x84.jpg 150w, https:\/\/www.hoymercedes.com.ar\/principal\/wp-content\/uploads\/2018\/10\/Pavimento-calle12-3-1024x576.jpg 1024w, https:\/\/www.hoymercedes.com.ar\/principal\/wp-content\/uploads\/2018\/10\/Pavimento-calle12-3.jpg 1026w\" sizes=\"auto, (max-width: 630px) 100vw, 630px\" \/><\/p>\n<p><img loading=\"lazy\" decoding=\"async\" data-attachment-id=\"81935\" data-permalink=\"https:\/\/www.hoymercedes.com.ar\/principal\/2018\/10\/03\/con-fondos-propios-municipio-inicia-nueva-obra-de-pavimentacion\/pavimento-calle12-5\/#main\" data-orig-file=\"https:\/\/www.hoymercedes.com.ar\/principal\/wp-content\/uploads\/2018\/10\/Pavimento-calle12-5.jpg\" data-orig-size=\"866,577\" data-comments-opened=\"0\" data-image-meta=\"{&quot;aperture&quot;:&quot;0&quot;,&quot;credit&quot;:&quot;&quot;,&quot;camera&quot;:&quot;&quot;,&quot;caption&quot;:&quot;&quot;,&quot;created_timestamp&quot;:&quot;0&quot;,&quot;copyright&quot;:&quot;&quot;,&quot;focal_length&quot;:&quot;0&quot;,&quot;iso&quot;:&quot;0&quot;,&quot;shutter_speed&quot;:&quot;0&quot;,&quot;title&quot;:&quot;&quot;,&quot;orientation&quot;:&quot;0&quot;}\" data-image-title=\"Pavimento-calle12-5\" data-image-description=\"\" data-image-caption=\"\" data-large-file=\"https:\/\/www.hoymercedes.com.ar\/principal\/wp-content\/uploads\/2018\/10\/Pavimento-calle12-5.jpg\" class=\"aligncenter size-medium wp-image-81935\" src=\"https:\/\/www.hoymercedes.com.ar\/principal\/wp-content\/uploads\/2018\/10\/Pavimento-calle12-5-630x420.jpg\" alt=\"\" width=\"630\" height=\"420\" srcset=\"https:\/\/www.hoymercedes.com.ar\/principal\/wp-content\/uploads\/2018\/10\/Pavimento-calle12-5-630x420.jpg 630w, https:\/\/www.hoymercedes.com.ar\/principal\/wp-content\/uploads\/2018\/10\/Pavimento-calle12-5-150x100.jpg 150w, https:\/\/www.hoymercedes.com.ar\/principal\/wp-content\/uploads\/2018\/10\/Pavimento-calle12-5.jpg 866w\" sizes=\"auto, (max-width: 630px) 100vw, 630px\" \/><\/p>\n<p>Fuente: Sec. de Obras<\/p>\n","protected":false},"excerpt":{"rendered":"<p>Algo que caracteriza y beneficia a todos los vecinos de la ciudad es el amplio plan integral de bacheo y &#8230; <a title=\"Con fondos propios municipio inicia nueva obra de pavimentaci\u00f3n\" class=\"read-more\" href=\"https:\/\/www.hoymercedes.com.ar\/principal\/2018\/10\/03\/con-fondos-propios-municipio-inicia-nueva-obra-de-pavimentacion\/\" aria-label=\"Leer m\u00e1s sobre Con fondos propios municipio inicia nueva obra de pavimentaci\u00f3n\">Leer m\u00e1s<\/a><\/p>\n","protected":false},"author":1,"featured_media":81932,"comment_status":"closed","ping_status":"open","sticky":false,"template":"","format":"standard","meta":{"_monsterinsights_skip_tracking":false,"_monsterinsights_sitenote_active":false,"_monsterinsights_sitenote_note":"","_monsterinsights_sitenote_category":0,"jetpack_post_was_ever_published":false,"_jetpack_newsletter_access":"","_jetpack_dont_email_post_to_subs":false,"_jetpack_newsletter_tier_id":0,"_jetpack_memberships_contains_paywalled_content":false,"_jetpack_memberships_contains_paid_content":false,"footnotes":"","jetpack_publicize_message":"","jetpack_publicize_feature_enabled":true,"jetpack_social_post_already_shared":true,"jetpack_social_options":{"image_generator_settings":{"template":"highway","default_image_id":0,"font":"","enabled":false},"version":2},"_wpas_customize_per_network":false},"categories":[30],"tags":[13819,3810,13371,13818,424],"class_list":["post-81931","post","type-post","status-publish","format-standard","has-post-thumbnail","hentry","category-municipio","tag-fondos-propios","tag-matias-dematei","tag-obra-publica-mercedes","tag-paviemento-mercedes","tag-ustarroz","generate-columns","tablet-grid-50","mobile-grid-100","grid-parent","grid-50"],"jetpack_publicize_connections":[],"jetpack_featured_media_url":"https:\/\/www.hoymercedes.com.ar\/principal\/wp-content\/uploads\/2018\/10\/Pavimento-calle12-2.jpg","wps_subtitle":"Supera las 50 cuadras","jetpack_sharing_enabled":true,"_links":{"self":[{"href":"https:\/\/www.hoymercedes.com.ar\/principal\/wp-json\/wp\/v2\/posts\/81931","targetHints":{"allow":["GET"]}}],"collection":[{"href":"https:\/\/www.hoymercedes.com.ar\/principal\/wp-json\/wp\/v2\/posts"}],"about":[{"href":"https:\/\/www.hoymercedes.com.ar\/principal\/wp-json\/wp\/v2\/types\/post"}],"author":[{"embeddable":true,"href":"https:\/\/www.hoymercedes.com.ar\/principal\/wp-json\/wp\/v2\/users\/1"}],"replies":[{"embeddable":true,"href":"https:\/\/www.hoymercedes.com.ar\/principal\/wp-json\/wp\/v2\/comments?post=81931"}],"version-history":[{"count":0,"href":"https:\/\/www.hoymercedes.com.ar\/principal\/wp-json\/wp\/v2\/posts\/81931\/revisions"}],"wp:featuredmedia":[{"embeddable":true,"href":"https:\/\/www.hoymercedes.com.ar\/principal\/wp-json\/wp\/v2\/media\/81932"}],"wp:attachment":[{"href":"https:\/\/www.hoymercedes.com.ar\/principal\/wp-json\/wp\/v2\/media?parent=81931"}],"wp:term":[{"taxonomy":"category","embeddable":true,"href":"https:\/\/www.hoymercedes.com.ar\/principal\/wp-json\/wp\/v2\/categories?post=81931"},{"taxonomy":"post_tag","embeddable":true,"href":"https:\/\/www.hoymercedes.com.ar\/principal\/wp-json\/wp\/v2\/tags?post=81931"}],"curies":[{"name":"wp","href":"https:\/\/api.w.org\/{rel}","templated":true}]}}