{"id":8207,"date":"2011-10-12T12:20:53","date_gmt":"2011-10-12T12:20:53","guid":{"rendered":"http:\/\/www.hoymercedes.com.ar\/principal\/?p=8207"},"modified":"2011-10-12T12:20:53","modified_gmt":"2011-10-12T12:20:53","slug":"el-concejo-deliberante-concreto-anoche-la-ultima-sesion-antes-de-las-elecciones-del-23","status":"publish","type":"post","link":"https:\/\/www.hoymercedes.com.ar\/principal\/2011\/10\/12\/el-concejo-deliberante-concreto-anoche-la-ultima-sesion-antes-de-las-elecciones-del-23\/","title":{"rendered":"El Concejo Deliberante concret\u00f3  anoche la \u00faltima sesi\u00f3n antes de las elecciones del 23"},"content":{"rendered":"<p>Con un escueto orden del d\u00eda y la ausencia de los tres ediles ahora identificados con el frente Mercedino para la Victoria, el Cuerpo realiz\u00f3 una de las sesiones m\u00e1s cortas en los \u00faltimos a\u00f1os<\/p>\n<p>Con un reducido orden del d\u00eda de temas para tratar y tan solo quince de los 18 integrantes presentes , se reuni\u00f3 anoche el Cuerpo Deliberativo de nuestra ciudad en lo que fue la ultima sesi\u00f3n previa al acto eleccionario que se llevar\u00e1 a cabo el domingo 23 del corriente mes ya que de acuerdo al reglamento interno del HCD, este debe sesionar el segundo y cuarto lunes de cada mes por lo cual la pr\u00f3xima reuni\u00f3n ser\u00e1 el lunes 24, es decir veinticuatro horas despu\u00e9s de las elecciones.. por lo cual no llam\u00f3 la atenci\u00f3n que los tres integrantes del bloque oficialista ahora separado del mismo por pertenecer al Frente Mercedino para la Victoria, es decir Juan Pablo L\u00f3pez, Carlos Ludue\u00f1a y Pablo Banchiero no se hicieran presentes por estar en tareas directamente relacionadas con la campa\u00f1a propiamente dicha.<\/p>\n<p>Por unanimidad anoche el Concejo aprob\u00f3 varios temas entre ellos el proyecto de ordenanza relacionado con el servicio de transportes de pasajeros de la empresa Micro \u00d3mnibus Mercedes para Gowland y Goldney, la declaraci\u00f3n de Inter\u00e9s Municipal del dictado del Curso de capacitaci\u00f3n para enfermeras en problem\u00e1ticas neonatal, el proyecto de Resoluci\u00f3n para que el departamento Ejecutivo informe al concejo acerca de las informaciones conocidas a trav\u00e9s de los medios de prensa de la ciudad relacionadas con situaciones comprometidas en el cementerio de nuestra ciudad concretamente sobre posible profanaciones de sepulturas, y el pedido especial para que la empresa prestataria de la distribuci\u00f3n de la energ\u00eda el\u00e9ctrica en la ciudad, EDEN SA informe acerca del estado actual de los trabajos que se comenzaron a realizar para solucionar los inconvenientes provocados hace ya tiempo por el incendio ocurrido en la c\u00e1mara subterr\u00e1nea ubicada en avenida 17 esquina 18.<\/p>\n<p>Concluido este punto el presidente del HCD, Mart\u00edn Ubaldo Zubeld\u00eda dio por finalizada la sesi\u00f3n al tiempo que los integrantes del bloque de la Coalici\u00f3n C\u00edvica-Ari manifestaban que en el pr\u00f3ximo encuentro, reiteramos el lunes 24 \u201cseguramente habr\u00e1 concejales muy felices y otros demasiado tristes luego de conocerse el resultado de las elecciones\u201d.<\/p>\n","protected":false},"excerpt":{"rendered":"<p>Con un escueto orden del d\u00eda y la ausencia de los tres ediles ahora identificados con el frente Mercedino para &#8230; <a title=\"El Concejo Deliberante concret\u00f3  anoche la \u00faltima sesi\u00f3n antes de las elecciones del 23\" class=\"read-more\" href=\"https:\/\/www.hoymercedes.com.ar\/principal\/2011\/10\/12\/el-concejo-deliberante-concreto-anoche-la-ultima-sesion-antes-de-las-elecciones-del-23\/\" aria-label=\"Leer m\u00e1s sobre El Concejo Deliberante concret\u00f3  anoche la \u00faltima sesi\u00f3n antes de las elecciones del 23\">Leer m\u00e1s<\/a><\/p>\n","protected":false},"author":1,"featured_media":0,"comment_status":"open","ping_status":"open","sticky":false,"template":"","format":"standard","meta":{"_monsterinsights_skip_tracking":false,"_monsterinsights_sitenote_active":false,"_monsterinsights_sitenote_note":"","_monsterinsights_sitenote_category":0,"jetpack_post_was_ever_published":false,"_jetpack_newsletter_access":"","_jetpack_dont_email_post_to_subs":false,"_jetpack_newsletter_tier_id":0,"_jetpack_memberships_contains_paywalled_content":false,"_jetpack_memberships_contains_paid_content":false,"footnotes":"","jetpack_publicize_message":"","jetpack_publicize_feature_enabled":true,"jetpack_social_post_already_shared":false,"jetpack_social_options":{"image_generator_settings":{"template":"highway","default_image_id":0,"font":"","enabled":false},"version":2},"_wpas_customize_per_network":false},"categories":[5],"tags":[236],"class_list":["post-8207","post","type-post","status-publish","format-standard","hentry","category-politica","tag-concejo-deliberante","generate-columns","tablet-grid-50","mobile-grid-100","grid-parent","grid-50"],"jetpack_publicize_connections":[],"jetpack_featured_media_url":"","wps_subtitle":"","jetpack_sharing_enabled":true,"_links":{"self":[{"href":"https:\/\/www.hoymercedes.com.ar\/principal\/wp-json\/wp\/v2\/posts\/8207","targetHints":{"allow":["GET"]}}],"collection":[{"href":"https:\/\/www.hoymercedes.com.ar\/principal\/wp-json\/wp\/v2\/posts"}],"about":[{"href":"https:\/\/www.hoymercedes.com.ar\/principal\/wp-json\/wp\/v2\/types\/post"}],"author":[{"embeddable":true,"href":"https:\/\/www.hoymercedes.com.ar\/principal\/wp-json\/wp\/v2\/users\/1"}],"replies":[{"embeddable":true,"href":"https:\/\/www.hoymercedes.com.ar\/principal\/wp-json\/wp\/v2\/comments?post=8207"}],"version-history":[{"count":0,"href":"https:\/\/www.hoymercedes.com.ar\/principal\/wp-json\/wp\/v2\/posts\/8207\/revisions"}],"wp:attachment":[{"href":"https:\/\/www.hoymercedes.com.ar\/principal\/wp-json\/wp\/v2\/media?parent=8207"}],"wp:term":[{"taxonomy":"category","embeddable":true,"href":"https:\/\/www.hoymercedes.com.ar\/principal\/wp-json\/wp\/v2\/categories?post=8207"},{"taxonomy":"post_tag","embeddable":true,"href":"https:\/\/www.hoymercedes.com.ar\/principal\/wp-json\/wp\/v2\/tags?post=8207"}],"curies":[{"name":"wp","href":"https:\/\/api.w.org\/{rel}","templated":true}]}}