{"id":82073,"date":"2018-10-16T10:30:10","date_gmt":"2018-10-16T13:30:10","guid":{"rendered":"http:\/\/www.hoymercedes.com.ar\/principal\/?p=82073"},"modified":"2018-10-16T10:19:23","modified_gmt":"2018-10-16T13:19:23","slug":"comenzaron-las-obras-en-el-hospital-dubarry","status":"publish","type":"post","link":"https:\/\/www.hoymercedes.com.ar\/principal\/2018\/10\/16\/comenzaron-las-obras-en-el-hospital-dubarry\/","title":{"rendered":"Comenzaron las obras en el Hospital Dubarry"},"content":{"rendered":"<p>El lunes de la semana anterior comenz\u00f3 una de las obras m\u00e1s grande que se efectuar\u00e1n en el Hospital Blas L. Dubarry. Se trata de la remodelaci\u00f3n de la guardia, que implica a su vez, una nueva sala de rayos y nuevos consultorios externos. La obra total tendr\u00e1 un plazo de un a\u00f1o, aunque para mayo estar\u00eda terminada el \u00e1rea de guardia. Durante ese tiempo se har\u00e1n otras dos obras: Una sala para el personal de emergencia y un espacio para un nuevo tom\u00f3grafo que ya fue asignado y adquirido por el Ministerio de Salud Bonaerense.<\/p>\n<p><img loading=\"lazy\" decoding=\"async\" data-attachment-id=\"82522\" data-permalink=\"https:\/\/www.hoymercedes.com.ar\/principal\/2018\/10\/16\/sade-mercedes-y-el-museo-del-cine-premiaron-a-escritores-y-realizadores\/15-hospital-obras-2\/#main\" data-orig-file=\"https:\/\/www.hoymercedes.com.ar\/principal\/wp-content\/uploads\/2018\/10\/15-hospital-obras-2.jpg\" data-orig-size=\"750,563\" data-comments-opened=\"0\" data-image-meta=\"{&quot;aperture&quot;:&quot;2&quot;,&quot;credit&quot;:&quot;&quot;,&quot;camera&quot;:&quot;Moto G (5S) Plus&quot;,&quot;caption&quot;:&quot;&quot;,&quot;created_timestamp&quot;:&quot;1539347330&quot;,&quot;copyright&quot;:&quot;&quot;,&quot;focal_length&quot;:&quot;3.59&quot;,&quot;iso&quot;:&quot;100&quot;,&quot;shutter_speed&quot;:&quot;0.00060496067755596&quot;,&quot;title&quot;:&quot;&quot;,&quot;orientation&quot;:&quot;1&quot;}\" data-image-title=\"15 hospital obras 2\" data-image-description=\"\" data-image-caption=\"\" data-large-file=\"https:\/\/www.hoymercedes.com.ar\/principal\/wp-content\/uploads\/2018\/10\/15-hospital-obras-2.jpg\" class=\"aligncenter size-medium wp-image-82522\" src=\"https:\/\/www.hoymercedes.com.ar\/principal\/wp-content\/uploads\/2018\/10\/15-hospital-obras-2-630x473.jpg\" alt=\"\" width=\"630\" height=\"473\" srcset=\"https:\/\/www.hoymercedes.com.ar\/principal\/wp-content\/uploads\/2018\/10\/15-hospital-obras-2-630x473.jpg 630w, https:\/\/www.hoymercedes.com.ar\/principal\/wp-content\/uploads\/2018\/10\/15-hospital-obras-2-150x113.jpg 150w, https:\/\/www.hoymercedes.com.ar\/principal\/wp-content\/uploads\/2018\/10\/15-hospital-obras-2.jpg 750w\" sizes=\"auto, (max-width: 630px) 100vw, 630px\" \/><\/p>\n<p>Las Directoras Asociadas, Dra. Mariana Ceriotto y la Lic. Liliana Gil, explicaron que son tres obras en simult\u00e1neo las que se realizar\u00e1n durante los meses de verano. La primera arranc\u00f3 la semana pasada, la segunda se iniciar\u00e1 este mi\u00e9rcoles y la tercera, ser\u00e1 la apertura de sobres a fin de octubre para comenzar en noviembre.<\/p>\n<p>\u201cA prop\u00f3sito estamos haciendo todas las obras a la vez. Son tres obras que provienen de fuentes distintas. Las organizamos para que se hagan de manera simult\u00e1nea. Buscamos articular las obras en este per\u00edodo para que no afecte la atenci\u00f3n. Durante el verano baja, en general, la atenci\u00f3n. Adem\u00e1s, son fuentes de financiaci\u00f3n distintas\u201d, dijeron la Dra. Ceriotto y la Lic. Gil.<\/p>\n<p>\u201cPor el Ministerio tenemos la adecuaci\u00f3n de la guardia que implica el servicio de emergencia, m\u00e1s Rayos y nuevos consultorios. Adem\u00e1s hay una obra para hacer el estar del personal de emergencias, un entrepiso que estaba inhabilitado hace diez a\u00f1os. Esta obra es a partir de lo recuperado por SAMO, plata que ingresa por las obras sociales. La obra empieza el mi\u00e9rcoles 17. Por \u00faltimo, la sala de tomograf\u00eda para el nuevo tom\u00f3grafo. En esta primera etapa no se ver\u00e1 afectada la atenci\u00f3n en la guardia\u201d, explic\u00f3 la Dra. Ceriotto dando cuenta de las distintas etapas que tendr\u00e1n cada una de las obras.<\/p>\n<p>La obra iniciada implica modificaciones que se est\u00e1n viendo actualmente en el Hospital Dubarry. La primera es que el \u00e1rea de Salud Mental deja de estar aislada, en otro edificio, y est\u00e1 funcionando en el primer piso del edificio central. El edificio en el que funcionaba ser\u00e1 modificado para que en ese espacio est\u00e9 la emergencia y la atenci\u00f3n a los casos de alta complejidad. A su vez, el proyecto necesit\u00f3 de la extracci\u00f3n del pino que estaba en la esquina de 33 y 12. En ese lugar construir\u00e1n los consultorios externos que se conectar\u00e1n con los que est\u00e1n en la planta baja. Mientras que en el primer piso de esa nueva construcci\u00f3n, el centro de estimulaci\u00f3n temprana tendr\u00e1 un espacio m\u00e1s amplio y externo para trabajar. La obra m\u00e1s grande tambi\u00e9n incluir\u00e1 una reforma en la sala de Rayos para poder instalar el nuevo equipo digital que compr\u00f3 la Cooperadora.<\/p>\n<p><img loading=\"lazy\" decoding=\"async\" data-attachment-id=\"82521\" data-permalink=\"https:\/\/www.hoymercedes.com.ar\/principal\/2018\/10\/16\/sade-mercedes-y-el-museo-del-cine-premiaron-a-escritores-y-realizadores\/15-hospital-obras-1\/#main\" data-orig-file=\"https:\/\/www.hoymercedes.com.ar\/principal\/wp-content\/uploads\/2018\/10\/15-hospital-obras-1.jpg\" data-orig-size=\"750,500\" data-comments-opened=\"0\" data-image-meta=\"{&quot;aperture&quot;:&quot;2&quot;,&quot;credit&quot;:&quot;&quot;,&quot;camera&quot;:&quot;Moto G (5S) Plus&quot;,&quot;caption&quot;:&quot;&quot;,&quot;created_timestamp&quot;:&quot;1539350878&quot;,&quot;copyright&quot;:&quot;&quot;,&quot;focal_length&quot;:&quot;3.59&quot;,&quot;iso&quot;:&quot;100&quot;,&quot;shutter_speed&quot;:&quot;0.0004&quot;,&quot;title&quot;:&quot;&quot;,&quot;orientation&quot;:&quot;1&quot;}\" data-image-title=\"15 hospital obras 1\" data-image-description=\"\" data-image-caption=\"\" data-large-file=\"https:\/\/www.hoymercedes.com.ar\/principal\/wp-content\/uploads\/2018\/10\/15-hospital-obras-1.jpg\" class=\"aligncenter size-medium wp-image-82521\" src=\"https:\/\/www.hoymercedes.com.ar\/principal\/wp-content\/uploads\/2018\/10\/15-hospital-obras-1-630x420.jpg\" alt=\"\" width=\"630\" height=\"420\" srcset=\"https:\/\/www.hoymercedes.com.ar\/principal\/wp-content\/uploads\/2018\/10\/15-hospital-obras-1-630x420.jpg 630w, https:\/\/www.hoymercedes.com.ar\/principal\/wp-content\/uploads\/2018\/10\/15-hospital-obras-1-150x100.jpg 150w, https:\/\/www.hoymercedes.com.ar\/principal\/wp-content\/uploads\/2018\/10\/15-hospital-obras-1.jpg 750w\" sizes=\"auto, (max-width: 630px) 100vw, 630px\" \/><\/p>\n<p>Asimismo, la Dra. Ceriotto cont\u00f3 que \u201cel Ministerio nos adjudic\u00f3 un nuevo tom\u00f3grafo. Por el tipo de tecnolog\u00eda que es, dentro de la remodelaci\u00f3n del \u00e1rea de Rayos, se har\u00e1 una adecuaci\u00f3n para este tom\u00f3grafo, una nueva sala. La licitaci\u00f3n para la adecuaci\u00f3n del lugar se har\u00e1 el 29 de octubre. El tom\u00f3grafo que tenemos est\u00e1 funcionando y funcionar\u00e1 hasta que llegue el otro que ya est\u00e1 comprado a la espera de la nueva sala. Haremos transferencia de tecnolog\u00eda\u201d.<\/p>\n<p>A partir de las tres obras, el Hospital Blas L. Dubarry tendr\u00e1 activo movimiento desde este mes hasta, estiman, mayo de 2019. En esa fecha se pondr\u00e1 en marcha la nueva guardia con un cartel digitalizado que le indicar\u00e1 a los pacientes las complejidades de quienes est\u00e9n siendo atendidos \u2013 servicio similar al que actualmente tiene el Hospital de General Rodr\u00edguez. \u201cLa remodelaci\u00f3n de la guardia incluye, no solo la remodelaci\u00f3n edilicia, sino que tiene un sistema de gesti\u00f3n de la emergencia que va desde la gesti\u00f3n administrativa con un sistema de clasificaci\u00f3n que ser\u00e1 visible para el p\u00fablico. Se implementar\u00e1 el \u2018triaje\u2019, esto es la clasificaci\u00f3n de la consulta a trav\u00e9s de un criterio de gravedad marc\u00e1ndolos con los colores verde, amarillo, naranja y rojo. El p\u00fablico podr\u00e1 ver cu\u00e1ntos pacientes habr\u00e1 en cada uno de los estados de gravedad\u201d, agregaron las directoras asociadas del Dubarry para explicar las modificaciones que se observar\u00e1n en el nosocomio de calle 12 desde el pr\u00f3ximo a\u00f1o.<\/p>\n","protected":false},"excerpt":{"rendered":"<p>El lunes de la semana anterior comenz\u00f3 una de las obras m\u00e1s grande que se efectuar\u00e1n en el Hospital Blas &#8230; <a title=\"Comenzaron las obras en el Hospital Dubarry\" class=\"read-more\" href=\"https:\/\/www.hoymercedes.com.ar\/principal\/2018\/10\/16\/comenzaron-las-obras-en-el-hospital-dubarry\/\" aria-label=\"Leer m\u00e1s sobre Comenzaron las obras en el Hospital Dubarry\">Leer m\u00e1s<\/a><\/p>\n","protected":false},"author":1,"featured_media":82521,"comment_status":"closed","ping_status":"open","sticky":false,"template":"","format":"standard","meta":{"_monsterinsights_skip_tracking":false,"_monsterinsights_sitenote_active":false,"_monsterinsights_sitenote_note":"","_monsterinsights_sitenote_category":0,"jetpack_post_was_ever_published":false,"_jetpack_newsletter_access":"","_jetpack_dont_email_post_to_subs":false,"_jetpack_newsletter_tier_id":0,"_jetpack_memberships_contains_paywalled_content":false,"_jetpack_memberships_contains_paid_content":false,"footnotes":"","jetpack_publicize_message":"","jetpack_publicize_feature_enabled":true,"jetpack_social_post_already_shared":true,"jetpack_social_options":{"image_generator_settings":{"template":"highway","default_image_id":0,"font":"","enabled":false},"version":2},"_wpas_customize_per_network":false},"categories":[9791],"tags":[13880,624,1014,12121,134],"class_list":["post-82073","post","type-post","status-publish","format-standard","has-post-thumbnail","hentry","category-salud","tag-guardia","tag-hospital-blas-l-dubarry","tag-obras","tag-reformas","tag-salud","generate-columns","tablet-grid-50","mobile-grid-100","grid-parent","grid-50"],"jetpack_publicize_connections":[],"jetpack_featured_media_url":"https:\/\/www.hoymercedes.com.ar\/principal\/wp-content\/uploads\/2018\/10\/15-hospital-obras-1.jpg","wps_subtitle":"Har\u00e1n tres obras en paralelo","jetpack_sharing_enabled":true,"_links":{"self":[{"href":"https:\/\/www.hoymercedes.com.ar\/principal\/wp-json\/wp\/v2\/posts\/82073","targetHints":{"allow":["GET"]}}],"collection":[{"href":"https:\/\/www.hoymercedes.com.ar\/principal\/wp-json\/wp\/v2\/posts"}],"about":[{"href":"https:\/\/www.hoymercedes.com.ar\/principal\/wp-json\/wp\/v2\/types\/post"}],"author":[{"embeddable":true,"href":"https:\/\/www.hoymercedes.com.ar\/principal\/wp-json\/wp\/v2\/users\/1"}],"replies":[{"embeddable":true,"href":"https:\/\/www.hoymercedes.com.ar\/principal\/wp-json\/wp\/v2\/comments?post=82073"}],"version-history":[{"count":0,"href":"https:\/\/www.hoymercedes.com.ar\/principal\/wp-json\/wp\/v2\/posts\/82073\/revisions"}],"wp:featuredmedia":[{"embeddable":true,"href":"https:\/\/www.hoymercedes.com.ar\/principal\/wp-json\/wp\/v2\/media\/82521"}],"wp:attachment":[{"href":"https:\/\/www.hoymercedes.com.ar\/principal\/wp-json\/wp\/v2\/media?parent=82073"}],"wp:term":[{"taxonomy":"category","embeddable":true,"href":"https:\/\/www.hoymercedes.com.ar\/principal\/wp-json\/wp\/v2\/categories?post=82073"},{"taxonomy":"post_tag","embeddable":true,"href":"https:\/\/www.hoymercedes.com.ar\/principal\/wp-json\/wp\/v2\/tags?post=82073"}],"curies":[{"name":"wp","href":"https:\/\/api.w.org\/{rel}","templated":true}]}}