{"id":82081,"date":"2018-10-06T11:27:33","date_gmt":"2018-10-06T14:27:33","guid":{"rendered":"http:\/\/www.hoymercedes.com.ar\/principal\/?p=82081"},"modified":"2018-10-06T09:44:51","modified_gmt":"2018-10-06T12:44:51","slug":"el-liberalismo-verde-una-ideologia-que-se-transforma","status":"publish","type":"post","link":"https:\/\/www.hoymercedes.com.ar\/principal\/2018\/10\/06\/el-liberalismo-verde-una-ideologia-que-se-transforma\/","title":{"rendered":"El liberalismo verde, una ideolog\u00eda que se transforma"},"content":{"rendered":"<p>Por Cristi\u00e1n Frers* &#8211; \u00bfEl liberalismo debe acotar al Estado o a los poderes f\u00e1cticos? \u00bfEs una obligaci\u00f3n liberal amar al pa\u00eds propio o a las instituciones democr\u00e1ticas? \u00bfSon los derechos del hombre una expresi\u00f3n masculina o universal? \u00bfDesde qu\u00e9 valores, si no los religiosos, pueden las democracias sancionar conductas?<\/p>\n<p>El liberalismo \u00a0llamado verde tiene al planeta como el valor m\u00e1s importante, la ideolog\u00eda propugna preservar al planeta para que se mantenga de la forma m\u00e1s parecida posible de cara a las generaciones futuras.[ Intentan minimizar el da\u00f1o causado por los humanos\u00a0 en las distintas localidades, regiones y en el mundo, y contribuir en la regeneraci\u00f3n de las zonas da\u00f1adas por la mano del hombre.<\/p>\n<p>La relaci\u00f3n entre el libre mercado y el medio ambiente\u00a0siempre ha sido complicada, pero no por las razones\u00a0que habitualmente se creen.<\/p>\n<p>El Estado, en su alianza con las empresas y su necesidad de crear conformismo en la poblaci\u00f3n, permite la corrupci\u00f3n en el sistema de consumo. Primero a trav\u00e9s de las alianzas con empresas que act\u00faan excediendo las limitaciones de su propiedad, por ejemplo contaminando r\u00edos, tierra o aire que claramente no son de su pertenencia. Pero no nos confundamos, aunque las empresas tambi\u00e9n son culpables, el principal culpable siempre ser\u00e1 el aparato Estatal. Aquel famoso mito de que el Estado perdi\u00f3 el poder frente a las grandes empresas y por eso las deja actuar como prefieran solo sirve para legitimar al Estado en su posici\u00f3n de c\u00f3mplice, en vez de inculparlo. \u00bfC\u00f3mo es posible sino, que se consideren en capacidad de expropiar empresas a su gusto, pero no de limitar la acci\u00f3n de estas a su propiedad? No hay que confundirse, el Estado puede minimizar la contaminaci\u00f3n a gran escala producida por las industrias, y al mismo tiempo mantener el desarrollo del pa\u00eds. Claro que para eso \u00faltimo es necesario crear condiciones favorables de inversi\u00f3n, como estabilidad financiera y social, impuestos bajos y facilidad en la contrataci\u00f3n de personal. Todo eso no existe en Argentina.<\/p>\n<p>Los gobiernos futuros tienen la responsabilidad de tomar un rol fundamental en hacer esto posible y lograr as\u00ed pr\u00e1cticas de desarrollo que tomen conciencia del tema ambiental y favorezcan ambientes sustentables, reconociendo los impactos negativos que traer\u00e1n pol\u00edticas de desarrollo que no tomen conciencia de la variable ambiental y social<\/p>\n<p>Lo bueno del liberalismo es que en su teor\u00eda permite desarrollar un sistema completamente sustentable y racional. El liberalismo busca concientizar dentro del marco hist\u00f3rico actual sobre las limitaciones y extensiones de la propiedad, para que la gente respete los limites racionales de su accionar sobre el planeta.<\/p>\n<p>El verdadero compromiso social con el ambiente, es la parte m\u00e1s sustantiva del proceso social, no se puede hablar de justicia social si no va acompa\u00f1ada de justicia ambiental. No sacamos nada con crear leyes eficientes y protocolos de trabajo, si no tomamos un compromiso serio y responsables como sociedad con conciencia y \u00e9tica del hacer, que a pesar de las necesidades y de lo imperioso de la b\u00fasqueda del desarrollo, debemos proteger y no destruir. Por mucho que tengamos fiscalizadores, multas millonarias y las penas del infierno para las empresas y las personas que toman malas decisiones ambientales, de nada valen si no tomamos conciencia como sociedad de la importancia y del respeto que debemos tener por el ambiente.<\/p>\n<p>Una gesti\u00f3n sana hacia el ambiente, es parte esencial del desarrollo sostenible que debemos buscar. Este es el \u00fanico fundamento de base que toda sociedad con aspiraciones debe realizar. Esto solo se logra con respeto en si mismo y conscientes que el crecimiento puede y debe ir de la mano de la defensa de los recursos naturales, controlando la p\u00e9rdida de la biodiversidad y contrarrestando el uso ilimitado de fuentes de crecimiento contaminantes.<\/p>\n<p>Lamentablemente, hoy en d\u00eda, lo ambiental ha tenido un papel apenas marginal en la teor\u00eda del desarrollo,\u00a0donde ha ocupado una posici\u00f3n subordinada respecto a la prioridad que se otorga al crecimiento econ\u00f3mico.\u00a0De este modo, lo ambiental se ha constituido en el convidado de piedra del desarrollo, un factor aludido y\u00a0eludido al mismo tiempo.<\/p>\n<p>Una gesti\u00f3n sana hacia el ambiente, es parte esencial del desarrollo sostenible que debemos buscar. Es por esto que el ambiente y el liberalismo est\u00e1n estrechamente ligados. Es por esto que el futuro de la humanidad se encuentra en la libertad y el respeto. La libertad funciona, incluso para proteger el medio ambiente.<\/p>\n<p>&nbsp;<\/p>\n<p>*Cristi\u00e1n Frers \u2013 T\u00e9cnico Superior en Gesti\u00f3n Ambiental y T\u00e9cnico Superior en Comunicaci\u00f3n Social (Periodista).<\/p>\n","protected":false},"excerpt":{"rendered":"<p>Por Cristi\u00e1n Frers* &#8211; \u00bfEl liberalismo debe acotar al Estado o a los poderes f\u00e1cticos? \u00bfEs una obligaci\u00f3n liberal amar &#8230; <a title=\"El liberalismo verde, una ideolog\u00eda que se transforma\" class=\"read-more\" href=\"https:\/\/www.hoymercedes.com.ar\/principal\/2018\/10\/06\/el-liberalismo-verde-una-ideologia-que-se-transforma\/\" aria-label=\"Leer m\u00e1s sobre El liberalismo verde, una ideolog\u00eda que se transforma\">Leer m\u00e1s<\/a><\/p>\n","protected":false},"author":1,"featured_media":82082,"comment_status":"closed","ping_status":"open","sticky":false,"template":"","format":"standard","meta":{"_monsterinsights_skip_tracking":false,"_monsterinsights_sitenote_active":false,"_monsterinsights_sitenote_note":"","_monsterinsights_sitenote_category":0,"jetpack_post_was_ever_published":false,"_jetpack_newsletter_access":"","_jetpack_dont_email_post_to_subs":false,"_jetpack_newsletter_tier_id":0,"_jetpack_memberships_contains_paywalled_content":false,"_jetpack_memberships_contains_paid_content":false,"footnotes":"","jetpack_publicize_message":"","jetpack_publicize_feature_enabled":true,"jetpack_social_post_already_shared":true,"jetpack_social_options":{"image_generator_settings":{"template":"highway","default_image_id":0,"font":"","enabled":false},"version":2},"_wpas_customize_per_network":false},"categories":[1],"tags":[43,10,8748],"class_list":["post-82081","post","type-post","status-publish","format-standard","has-post-thumbnail","hentry","category-opinion","tag-medio-ambiente","tag-mercedes","tag-opinion","generate-columns","tablet-grid-50","mobile-grid-100","grid-parent","grid-50"],"jetpack_publicize_connections":[],"jetpack_featured_media_url":"https:\/\/www.hoymercedes.com.ar\/principal\/wp-content\/uploads\/2018\/10\/06-planeta-tierra-e1538782340834.jpg","wps_subtitle":"Medio ambiente","jetpack_sharing_enabled":true,"_links":{"self":[{"href":"https:\/\/www.hoymercedes.com.ar\/principal\/wp-json\/wp\/v2\/posts\/82081","targetHints":{"allow":["GET"]}}],"collection":[{"href":"https:\/\/www.hoymercedes.com.ar\/principal\/wp-json\/wp\/v2\/posts"}],"about":[{"href":"https:\/\/www.hoymercedes.com.ar\/principal\/wp-json\/wp\/v2\/types\/post"}],"author":[{"embeddable":true,"href":"https:\/\/www.hoymercedes.com.ar\/principal\/wp-json\/wp\/v2\/users\/1"}],"replies":[{"embeddable":true,"href":"https:\/\/www.hoymercedes.com.ar\/principal\/wp-json\/wp\/v2\/comments?post=82081"}],"version-history":[{"count":0,"href":"https:\/\/www.hoymercedes.com.ar\/principal\/wp-json\/wp\/v2\/posts\/82081\/revisions"}],"wp:featuredmedia":[{"embeddable":true,"href":"https:\/\/www.hoymercedes.com.ar\/principal\/wp-json\/wp\/v2\/media\/82082"}],"wp:attachment":[{"href":"https:\/\/www.hoymercedes.com.ar\/principal\/wp-json\/wp\/v2\/media?parent=82081"}],"wp:term":[{"taxonomy":"category","embeddable":true,"href":"https:\/\/www.hoymercedes.com.ar\/principal\/wp-json\/wp\/v2\/categories?post=82081"},{"taxonomy":"post_tag","embeddable":true,"href":"https:\/\/www.hoymercedes.com.ar\/principal\/wp-json\/wp\/v2\/tags?post=82081"}],"curies":[{"name":"wp","href":"https:\/\/api.w.org\/{rel}","templated":true}]}}