{"id":82084,"date":"2018-10-06T13:34:08","date_gmt":"2018-10-06T16:34:08","guid":{"rendered":"http:\/\/www.hoymercedes.com.ar\/principal\/?p=82084"},"modified":"2018-10-06T10:14:52","modified_gmt":"2018-10-06T13:14:52","slug":"el-colegio-de-arquitectos-edito-un-libro-sobre-arquitectura-religiosa-regional","status":"publish","type":"post","link":"https:\/\/www.hoymercedes.com.ar\/principal\/2018\/10\/06\/el-colegio-de-arquitectos-edito-un-libro-sobre-arquitectura-religiosa-regional\/","title":{"rendered":"El Colegio de Arquitectos edit\u00f3 un libro sobre Arquitectura Religiosa Regional"},"content":{"rendered":"<p>D\u00edas atr\u00e1s, en la sede local del Colegio de Arquitectos de la Prov. de Buenos Aires, se present\u00f3 el libro de Arquitectura Religiosa regional.\u00a0 All\u00ed estuvieron presentes las autoridades de CAPBA5: Arq. Jorge Alberto Garc\u00eda (Presidente), Arq. Alicia Arata (Secretario), Arq. Fernanda Iparraguirre (Tesorero), y Arq. Jos\u00e9 Serpi (Delegado al Consejo Superior). Tambi\u00e9n estuvo la Coordinadora de Patrimonio, Arqta. Gabriela Arias Capozzo y el artista y arquitecto Gustavo Navone. Asistieron al evento\u00a0el p\u00e1rroco de la Iglesia Catedral de Mercedes Federico Lagoa, el presidente del Colegio de Escribanos, Not. Mariano Castelucci\u00a0y el presidente del Consejo de Ciencias Econ\u00f3micas, Cdor. Roberto Rosello.<\/p>\n<figure id=\"attachment_82085\" aria-describedby=\"caption-attachment-82085\" style=\"width: 620px\" class=\"wp-caption aligncenter\"><img loading=\"lazy\" decoding=\"async\" data-attachment-id=\"82085\" data-permalink=\"https:\/\/www.hoymercedes.com.ar\/principal\/2018\/10\/06\/el-colegio-de-arquitectos-edito-un-libro-sobre-arquitectura-religiosa-regional\/06-arquitectos\/#main\" data-orig-file=\"https:\/\/www.hoymercedes.com.ar\/principal\/wp-content\/uploads\/2018\/10\/06-arquitectos.jpg\" data-orig-size=\"750,500\" data-comments-opened=\"0\" data-image-meta=\"{&quot;aperture&quot;:&quot;0&quot;,&quot;credit&quot;:&quot;&quot;,&quot;camera&quot;:&quot;&quot;,&quot;caption&quot;:&quot;????????????????????????????????????&quot;,&quot;created_timestamp&quot;:&quot;0&quot;,&quot;copyright&quot;:&quot;&quot;,&quot;focal_length&quot;:&quot;0&quot;,&quot;iso&quot;:&quot;0&quot;,&quot;shutter_speed&quot;:&quot;0&quot;,&quot;title&quot;:&quot;&quot;,&quot;orientation&quot;:&quot;0&quot;}\" data-image-title=\"06 arquitectos\" data-image-description=\"\" data-image-caption=\"&lt;p&gt;Cdor. Rosello, Pbto. Lagoa, Not. Castellucci, Arq. Arata, Arq. Serpi, Arq. Garc\u00eda, Arq. Navone, Arq, Arias Capozzo, y Arq. Langellotti.&lt;\/p&gt;\n\" data-large-file=\"https:\/\/www.hoymercedes.com.ar\/principal\/wp-content\/uploads\/2018\/10\/06-arquitectos.jpg\" class=\"size-medium wp-image-82085\" src=\"https:\/\/www.hoymercedes.com.ar\/principal\/wp-content\/uploads\/2018\/10\/06-arquitectos-630x420.jpg\" alt=\"\" width=\"630\" height=\"420\" srcset=\"https:\/\/www.hoymercedes.com.ar\/principal\/wp-content\/uploads\/2018\/10\/06-arquitectos-630x420.jpg 630w, https:\/\/www.hoymercedes.com.ar\/principal\/wp-content\/uploads\/2018\/10\/06-arquitectos-150x100.jpg 150w, https:\/\/www.hoymercedes.com.ar\/principal\/wp-content\/uploads\/2018\/10\/06-arquitectos.jpg 750w\" sizes=\"auto, (max-width: 630px) 100vw, 630px\" \/><figcaption id=\"caption-attachment-82085\" class=\"wp-caption-text\">Cdor. Rosello, Pbto. Lagoa, Not. Castellucci, Arq. Arata, Arq. Serpi, Arq. Garc\u00eda, Arq. Navone, Arq, Arias Capozzo, y Arq. Langellotti.<\/figcaption><\/figure>\n<p>Hizo uso de la palabra en primera instancia el presidente de CAPBA5, Arq. Jorge Garc\u00eda, qui\u00e9n se\u00f1al\u00f3: \u201cDebido a que en gestiones anteriores poco se ha trabajado en la verdadera importancia de la Dimensi\u00f3n Social del Patrimonio, nuestro Distrito 5, decidi\u00f3 generar tambi\u00e9n un aporte en este campo mediante la concientizaci\u00f3n colectiva. Propusimos entonces, y como primer abordaje y desde el Arte, que en un principio consisti\u00f3 en la pintura en vivo de la Iglesia Nuestra Se\u00f1ora de las Mercedes por nuestro Colega y Artista Gustavo Navone. Dada la aceptaci\u00f3n, convocatoria e inter\u00e9s generada en la sociedad por esta actividad, decidimos continuar con la propuesta art\u00edstica pintando todas las Iglesias de nuestro Distrito\u00bb.<\/p>\n<p>\u00abTomada esta decisi\u00f3n, comenzamos a investigar y profundizar sobre este tema, y nos encontramos con que no exist\u00eda un Registro en el cual estuvieran catalogadas o relevadas las Iglesias de las Ciudades que componen nuestro Distrito 5, raz\u00f3n m\u00e1s que suficiente, para que nos replante\u00e1ramos el alcance del trabajo. Entendimos entonces que el aporte concreto que nuestro Distrito deb\u00eda hacer, era no s\u00f3lo dejar testimonio a trav\u00e9s de la pintura de este Patrimonio Arquitect\u00f3nico, sino tambi\u00e9n, realizar un relevamiento y registro desde el punto de vista Patrimonial de toda esta Arquitectura eclesi\u00e1stica\u201d, agreg\u00f3.<\/p>\n<p>Y continu\u00f3: \u201cPara el abordaje de esta tarea, conscientes de la especificidad e importancia del tema, promovimos la firma de un Convenio espec\u00edfico con C.I.C.O.P.-Argentina, favoreciendo de este modo el intercambio y la cooperaci\u00f3n disciplinar entre ambas instituciones. Se plantearon entonces, actividades y Modelos de Gesti\u00f3n estrat\u00e9gica y participativa, donde los diversos actores: Colegio, T\u00e9cnicos, Comunidad, Estado y, mediante un v\u00ednculo din\u00e1mico y de permanente concertaci\u00f3n, generamos e hicimos propia esta Gesti\u00f3n Patrimonial\u00bb.<\/p>\n<p>\u00abDe esta manera, nuestro Distrito 5 del Colegio de Arquitectos de la Provincia de Buenos Aires, pretende presentarse como Promotor de Proyectos para la valoraci\u00f3n del Patrimonio Arquitect\u00f3nico y Urban\u00edstico desde el \u00e1mbito del asesoramiento a Comunidades como a Organismos Gubernamentales y no Gubernamentales. Finalmente, esta publicaci\u00f3n pretende aportar y dejar Testimonio desde la Conjunci\u00f3n del Arte, el Relevamiento Arquitect\u00f3nico y el Registro y Catalogaci\u00f3n de estas Obras de Arquitectura, como as\u00ed tambi\u00e9n, promover la toma de conciencia y valoraci\u00f3n del patrimonio por parte de las comunidades, para luego poder generar as\u00ed, una gesti\u00f3n participativa del mismo\u201d, concluy\u00f3 Garc\u00eda.<\/p>\n<p>El distrito 5 del Colegio de Arquitectos, abarca los partidos de: Alberti, Baradero, Bragado, Campana, Carmen de Areco, Chivilcoy, Exaltaci\u00f3n de la Cruz, Escobar, General Rodr\u00edguez, Las Heras, Lobos, Luj\u00e1n, Marcos Paz, Mercedes, Navarro, Pilar, Roque P\u00e9rez, San Andr\u00e9s de Giles, San Antonio de Areco, Suipacha, 25 de Mayo y Z\u00e1rate.<\/p>\n<p>Cabe adem\u00e1s destacar que para la elaboraci\u00f3n de este libro se\u00a0cont\u00f3 con la colaboraci\u00f3n de:\u00a0Arqs.: Hugo Adesso, Alicia Arata, Liliana\u00a0Bassi, Miguel Brady, Estela Cacace, Liliana\u00a0Citterio, Luis Faillet, Liliana Filippi, Marta\u00a0Garc\u00eda Falco, Jorge Ghezzi, Fernanda Iparraguirre,\u00a0Augusto Rocca, Agustina Rodr\u00edguez Belardinelli , Nora Sanchez, Alicia\u00a0Siciliani, Carlos Timpone,\u00a0Prbo. Hernan Luc\u00eda, Prof. Mirta Santucci,\u00a0Prbo. Federico Lagoa, Sr. Norberto Ferrari,\u00a0Prbo. Luis D. Malaspina, Pbro. Isidro\u00a0Marchueta, Dr. Armando Deferrari, Marcela\u00a0Asprela (Comisi\u00f3n Nacional de Monumentos) y\u00a0Pbro. Fabi\u00e1n Mascarell.\u00a0Se cont\u00f3 adem\u00e1s con la colaboraci\u00f3n de:\u00a0Arquidi\u00f3cesis Mercedes-Luj\u00e1n,\u00a0Di\u00f3cesis Z\u00e1rate-Campana.\u00a0Di\u00f3cesis Azul.<br \/>\nFuente: Prensa Arquitectos<\/p>\n","protected":false},"excerpt":{"rendered":"<p>D\u00edas atr\u00e1s, en la sede local del Colegio de Arquitectos de la Prov. de Buenos Aires, se present\u00f3 el libro &#8230; <a title=\"El Colegio de Arquitectos edit\u00f3 un libro sobre Arquitectura Religiosa Regional\" class=\"read-more\" href=\"https:\/\/www.hoymercedes.com.ar\/principal\/2018\/10\/06\/el-colegio-de-arquitectos-edito-un-libro-sobre-arquitectura-religiosa-regional\/\" aria-label=\"Leer m\u00e1s sobre El Colegio de Arquitectos edit\u00f3 un libro sobre Arquitectura Religiosa Regional\">Leer m\u00e1s<\/a><\/p>\n","protected":false},"author":1,"featured_media":82085,"comment_status":"closed","ping_status":"open","sticky":false,"template":"","format":"standard","meta":{"_monsterinsights_skip_tracking":false,"_monsterinsights_sitenote_active":false,"_monsterinsights_sitenote_note":"","_monsterinsights_sitenote_category":0,"jetpack_post_was_ever_published":false,"_jetpack_newsletter_access":"","_jetpack_dont_email_post_to_subs":false,"_jetpack_newsletter_tier_id":0,"_jetpack_memberships_contains_paywalled_content":false,"_jetpack_memberships_contains_paid_content":false,"footnotes":"","jetpack_publicize_message":"","jetpack_publicize_feature_enabled":true,"jetpack_social_post_already_shared":true,"jetpack_social_options":{"image_generator_settings":{"template":"highway","default_image_id":0,"font":"","enabled":false},"version":2},"_wpas_customize_per_network":false},"categories":[8],"tags":[6816,10724,13827,9322],"class_list":["post-82084","post","type-post","status-publish","format-standard","has-post-thumbnail","hentry","category-sociedad","tag-colegio-de-arquitectos","tag-iglesias","tag-patrimonio-arquitectonico","tag-region","generate-columns","tablet-grid-50","mobile-grid-100","grid-parent","grid-50"],"jetpack_publicize_connections":[],"jetpack_featured_media_url":"https:\/\/www.hoymercedes.com.ar\/principal\/wp-content\/uploads\/2018\/10\/06-arquitectos.jpg","wps_subtitle":"Patrimonio arquitect\u00f3nico","jetpack_sharing_enabled":true,"_links":{"self":[{"href":"https:\/\/www.hoymercedes.com.ar\/principal\/wp-json\/wp\/v2\/posts\/82084","targetHints":{"allow":["GET"]}}],"collection":[{"href":"https:\/\/www.hoymercedes.com.ar\/principal\/wp-json\/wp\/v2\/posts"}],"about":[{"href":"https:\/\/www.hoymercedes.com.ar\/principal\/wp-json\/wp\/v2\/types\/post"}],"author":[{"embeddable":true,"href":"https:\/\/www.hoymercedes.com.ar\/principal\/wp-json\/wp\/v2\/users\/1"}],"replies":[{"embeddable":true,"href":"https:\/\/www.hoymercedes.com.ar\/principal\/wp-json\/wp\/v2\/comments?post=82084"}],"version-history":[{"count":0,"href":"https:\/\/www.hoymercedes.com.ar\/principal\/wp-json\/wp\/v2\/posts\/82084\/revisions"}],"wp:featuredmedia":[{"embeddable":true,"href":"https:\/\/www.hoymercedes.com.ar\/principal\/wp-json\/wp\/v2\/media\/82085"}],"wp:attachment":[{"href":"https:\/\/www.hoymercedes.com.ar\/principal\/wp-json\/wp\/v2\/media?parent=82084"}],"wp:term":[{"taxonomy":"category","embeddable":true,"href":"https:\/\/www.hoymercedes.com.ar\/principal\/wp-json\/wp\/v2\/categories?post=82084"},{"taxonomy":"post_tag","embeddable":true,"href":"https:\/\/www.hoymercedes.com.ar\/principal\/wp-json\/wp\/v2\/tags?post=82084"}],"curies":[{"name":"wp","href":"https:\/\/api.w.org\/{rel}","templated":true}]}}