{"id":82099,"date":"2018-10-06T12:29:15","date_gmt":"2018-10-06T15:29:15","guid":{"rendered":"http:\/\/www.hoymercedes.com.ar\/principal\/?p=82099"},"modified":"2018-10-06T10:13:55","modified_gmt":"2018-10-06T13:13:55","slug":"cambiemos-preocupados-por-situacion-en-las-redes-sanitarias","status":"publish","type":"post","link":"https:\/\/www.hoymercedes.com.ar\/principal\/2018\/10\/06\/cambiemos-preocupados-por-situacion-en-las-redes-sanitarias\/","title":{"rendered":"Cambiemos preocupados por situaci\u00f3n en las redes sanitarias"},"content":{"rendered":"<p><strong><em>Hicieron p\u00fablico un estudio enviado por la Direcci\u00f3n Provincial de Agua y Cloacas en donde se expresa el estado de las redes de nuestra ciudad. \u00a0Pidieron la creaci\u00f3n de una oficina de Obras sanitarias que controle las obras a realizar en esta materia.<\/em><\/strong><\/p>\n<p><img loading=\"lazy\" decoding=\"async\" data-attachment-id=\"82096\" data-permalink=\"https:\/\/www.hoymercedes.com.ar\/principal\/2018\/10\/06\/realizaron-el-sorteo-para-la-construccion-de-diez-viviendas-inscriptos-en-mi-casa\/06-cambiemos-2\/#main\" data-orig-file=\"https:\/\/www.hoymercedes.com.ar\/principal\/wp-content\/uploads\/2018\/10\/06-Cambiemos.jpg\" data-orig-size=\"1044,696\" data-comments-opened=\"0\" data-image-meta=\"{&quot;aperture&quot;:&quot;0&quot;,&quot;credit&quot;:&quot;&quot;,&quot;camera&quot;:&quot;&quot;,&quot;caption&quot;:&quot;&quot;,&quot;created_timestamp&quot;:&quot;0&quot;,&quot;copyright&quot;:&quot;&quot;,&quot;focal_length&quot;:&quot;0&quot;,&quot;iso&quot;:&quot;0&quot;,&quot;shutter_speed&quot;:&quot;0&quot;,&quot;title&quot;:&quot;&quot;,&quot;orientation&quot;:&quot;0&quot;}\" data-image-title=\"06 Cambiemos\" data-image-description=\"\" data-image-caption=\"\" data-large-file=\"https:\/\/www.hoymercedes.com.ar\/principal\/wp-content\/uploads\/2018\/10\/06-Cambiemos-1024x683.jpg\" class=\"aligncenter size-medium wp-image-82096\" src=\"https:\/\/www.hoymercedes.com.ar\/principal\/wp-content\/uploads\/2018\/10\/06-Cambiemos-630x420.jpg\" alt=\"\" width=\"630\" height=\"420\" srcset=\"https:\/\/www.hoymercedes.com.ar\/principal\/wp-content\/uploads\/2018\/10\/06-Cambiemos-630x420.jpg 630w, https:\/\/www.hoymercedes.com.ar\/principal\/wp-content\/uploads\/2018\/10\/06-Cambiemos-150x100.jpg 150w, https:\/\/www.hoymercedes.com.ar\/principal\/wp-content\/uploads\/2018\/10\/06-Cambiemos-1024x683.jpg 1024w, https:\/\/www.hoymercedes.com.ar\/principal\/wp-content\/uploads\/2018\/10\/06-Cambiemos.jpg 1044w\" sizes=\"auto, (max-width: 630px) 100vw, 630px\" \/><\/p>\n<p>A trav\u00e9s de una conferencia de prensa, el bloque de concejales del Frente Cambiemos hizo p\u00fablico un estudio de la situaci\u00f3n de las redes de cloacas y agua de la ciudad. \u201cUn tema preocupante para toda la ciudadan\u00eda porque la situaci\u00f3n no es de ahora, sino de hace mucho tiempo\u201d, expres\u00f3 el presidente del bloque Cambiemos, Edgard Kilmeatte.<\/p>\n<p>\u201cHace m\u00e1s de un a\u00f1o, el Departamento Ejecutivo pidi\u00f3 un estudio sobre el sistema sanitario de la ciudad en materia de cloaca, agua, planta depuradora y desag\u00fces pluviales. Esto se encarg\u00f3 a una consultora que se llama \u20185 de septiembre\u2018 que a su vez se lo presenta a la Direcci\u00f3n Provincial de Aguas y Cloacas, DIPAC. A nosotros nos llega un resumen, nos parece valorable que el Ejecutivo haya pedido este estudio porque no da un diagn\u00f3stico de la situaci\u00f3n en la que estamos\u201d, explic\u00f3 Kilmeatte, acompa\u00f1ado de los concejales Evangelina Cabral, Aida \u201cPety\u201d Laporta, Marilina Bustelo y Walter Cabral.<\/p>\n<p>De acuerdo al informe recibido por los concejales de Cambiemos, la ciudad deber\u00eda hacer una renovaci\u00f3n total de los ca\u00f1os de agua corriente, ya que \u201cel estado estructural es malo y cumplieron con su vida \u00fatil holgadamente\u201d, as\u00ed como una necesaria renovaci\u00f3n de v\u00e1lvulas de esclusas, mejoras en la cloraci\u00f3n del agua, limpieza integral de la red y pozos por la aparici\u00f3n de bacterias o elementos nocivos para la salud que alcanzan, y en algunos casos superan, los l\u00edmites tolerables para el consumo humano.<\/p>\n<p>En cuanto a la red cloacal, el informe tambi\u00e9n expresa una \u201csituaci\u00f3n grave\u201d, ya que el conector desde la planta de 29 y 40 hasta la planta depuradora habr\u00eda que \u201ccambiarlo todo\u201d. Adem\u00e1s destaca que har\u00edan falta m\u00e1s estaciones de bombeo, y la limpieza de la ca\u00f1er\u00eda. \u201cEsta gesti\u00f3n coloc\u00f3 un cambio de pvc de 650 mm y deber\u00edan haber colocado uno de 800 mm. La cloaca confluye ah\u00ed y de ah\u00ed va al troncal. Algunos vecinos se quejan porque no ten\u00eda problemas con las cloacas y ahora s\u00ed\u201d, explic\u00f3 y resalt\u00f3 que el 94% de los reclamos por cloacas es por los desbordes.<\/p>\n<p>En tanto, sobre la planta depuradora, el informe da cuenta de que existe un caudal del 50% que llega a la planta sin ning\u00fan tipo de tratamiento y es vertido directamente al r\u00edo Luj\u00e1n a trav\u00e9s de una zanja construida para tal fin. \u201cCreemos que ello es sumamente preocupante\u201d, agregaron.<\/p>\n<p>&nbsp;<\/p>\n<p><strong>Trabajo urgente<\/strong><\/p>\n<p>\u201cEl diagn\u00f3stico nos parece muy, pero muy preocupante. Creemos que la situaci\u00f3n no da para m\u00e1s y hay que tomar en serio este problema. Debemos trabajar todos juntos como lo hemos hecho, colaborando con el Ejecutivo. Tenemos que buscar una soluci\u00f3n urgente. Y empezar con los trabajos necesarios. Tenemos que analizar las obras, el informe propone algunas, pero debemos en conjunto analizarlas. Debemos tomar las riendas en este tema, todos, y lo que buscamos con esta informaci\u00f3n que estamos dando es que la poblaci\u00f3n de Mercedes es que est\u00e9 al tanto\u201d, resalt\u00f3 Kilmeatte.<\/p>\n<p>\u201cDurante mucho tiempo obras de agua y cloacas no se hicieron, con todo lo que esto implica, afectando principalmente cuestiones de salud. No es un secreto que no hay presi\u00f3n de agua, que las cloacas se desbordan y que el agua no cumple con las condiciones b\u00e1sicas que tiene que cumplir y por eso hay much\u00edsima gente que est\u00e1 contratando dispensers porque no pueden confiar en el agua que sale de la canilla\u201d, resalt\u00f3 Evangelina Cabral.<\/p>\n<p>\u201cNos ponemos a disposici\u00f3n del intendente para gestionar recursos y reuniones y todo lo que se considere necesario porque la salud de los vecinos de Mercedes es una prioridad. A veces vemos que las acciones que est\u00e1n tomando el Ejecutivo no son de fondo, sino de forma, porque compraron un cami\u00f3n desobstructor que se rompi\u00f3. Los problemas que hay son de fondo. Ac\u00e1 hay que hacer obras, e importantes, y al ver las licitaciones que hay para recursos sanitarios son cosas que no llevan a la soluci\u00f3n\u201d, agreg\u00f3 la concejal.<\/p>\n<p>No obstante, Kilmeatte resalt\u00f3 que la problem\u00e1tica de la gesti\u00f3n municipal actual, sino que era una situaci\u00f3n que se arrastra desde hace m\u00e1s de 25 a\u00f1os, pero que nunca se dio una soluci\u00f3n integral y propuso que se recree una oficina de obras sanitarias como supo haber a\u00f1os atr\u00e1s. \u00a0Y remarc\u00f3: \u201cEstamos dispuestos a colaborar. Creemos que es una obra muy grande, pero se puede ir haciendo por etapas. Es importante que todos empecemos a tomar conciencia en este tema. Tenemos que verificar qu\u00e9 estamos arrojando a la cloaca. Tenemos que tener conciencia como ciudadanos de lo que estamos haciendo para tratar de alivianar esta cuesti\u00f3n hasta que se pueda subsanar\u201d.<\/p>\n<p>Por Clarisa Altieri<\/p>\n","protected":false},"excerpt":{"rendered":"<p>Hicieron p\u00fablico un estudio enviado por la Direcci\u00f3n Provincial de Agua y Cloacas en donde se expresa el estado de &#8230; <a title=\"Cambiemos preocupados por situaci\u00f3n en las redes sanitarias\" class=\"read-more\" href=\"https:\/\/www.hoymercedes.com.ar\/principal\/2018\/10\/06\/cambiemos-preocupados-por-situacion-en-las-redes-sanitarias\/\" aria-label=\"Leer m\u00e1s sobre Cambiemos preocupados por situaci\u00f3n en las redes sanitarias\">Leer m\u00e1s<\/a><\/p>\n","protected":false},"author":1,"featured_media":82096,"comment_status":"closed","ping_status":"open","sticky":false,"template":"","format":"standard","meta":{"_monsterinsights_skip_tracking":false,"_monsterinsights_sitenote_active":false,"_monsterinsights_sitenote_note":"","_monsterinsights_sitenote_category":0,"jetpack_post_was_ever_published":false,"_jetpack_newsletter_access":"","_jetpack_dont_email_post_to_subs":false,"_jetpack_newsletter_tier_id":0,"_jetpack_memberships_contains_paywalled_content":false,"_jetpack_memberships_contains_paid_content":false,"footnotes":"","jetpack_publicize_message":"","jetpack_publicize_feature_enabled":true,"jetpack_social_post_already_shared":true,"jetpack_social_options":{"image_generator_settings":{"template":"highway","default_image_id":0,"font":"","enabled":false},"version":2},"_wpas_customize_per_network":false},"categories":[5],"tags":[7492,10,13830,5319],"class_list":["post-82099","post","type-post","status-publish","format-standard","has-post-thumbnail","hentry","category-politica","tag-frente-cambiemos","tag-mercedes","tag-obras-sanitarias","tag-politica-2","generate-columns","tablet-grid-50","mobile-grid-100","grid-parent","grid-50"],"jetpack_publicize_connections":[],"jetpack_featured_media_url":"https:\/\/www.hoymercedes.com.ar\/principal\/wp-content\/uploads\/2018\/10\/06-Cambiemos.jpg","wps_subtitle":"Proponen arreglos urgentes","jetpack_sharing_enabled":true,"_links":{"self":[{"href":"https:\/\/www.hoymercedes.com.ar\/principal\/wp-json\/wp\/v2\/posts\/82099","targetHints":{"allow":["GET"]}}],"collection":[{"href":"https:\/\/www.hoymercedes.com.ar\/principal\/wp-json\/wp\/v2\/posts"}],"about":[{"href":"https:\/\/www.hoymercedes.com.ar\/principal\/wp-json\/wp\/v2\/types\/post"}],"author":[{"embeddable":true,"href":"https:\/\/www.hoymercedes.com.ar\/principal\/wp-json\/wp\/v2\/users\/1"}],"replies":[{"embeddable":true,"href":"https:\/\/www.hoymercedes.com.ar\/principal\/wp-json\/wp\/v2\/comments?post=82099"}],"version-history":[{"count":0,"href":"https:\/\/www.hoymercedes.com.ar\/principal\/wp-json\/wp\/v2\/posts\/82099\/revisions"}],"wp:featuredmedia":[{"embeddable":true,"href":"https:\/\/www.hoymercedes.com.ar\/principal\/wp-json\/wp\/v2\/media\/82096"}],"wp:attachment":[{"href":"https:\/\/www.hoymercedes.com.ar\/principal\/wp-json\/wp\/v2\/media?parent=82099"}],"wp:term":[{"taxonomy":"category","embeddable":true,"href":"https:\/\/www.hoymercedes.com.ar\/principal\/wp-json\/wp\/v2\/categories?post=82099"},{"taxonomy":"post_tag","embeddable":true,"href":"https:\/\/www.hoymercedes.com.ar\/principal\/wp-json\/wp\/v2\/tags?post=82099"}],"curies":[{"name":"wp","href":"https:\/\/api.w.org\/{rel}","templated":true}]}}