{"id":82110,"date":"2018-10-06T16:02:14","date_gmt":"2018-10-06T19:02:14","guid":{"rendered":"http:\/\/www.hoymercedes.com.ar\/principal\/?p=82110"},"modified":"2018-10-06T16:02:14","modified_gmt":"2018-10-06T19:02:14","slug":"el-festival-de-cerveceros-mercedinos-promete-ser-una-gran-fiesta-para-todos","status":"publish","type":"post","link":"https:\/\/www.hoymercedes.com.ar\/principal\/2018\/10\/06\/el-festival-de-cerveceros-mercedinos-promete-ser-una-gran-fiesta-para-todos\/","title":{"rendered":"El Festival de Cerveceros Mercedinos promete ser una gran fiesta para todos"},"content":{"rendered":"<p><img loading=\"lazy\" decoding=\"async\" data-attachment-id=\"82111\" data-permalink=\"https:\/\/www.hoymercedes.com.ar\/principal\/2018\/10\/06\/el-festival-de-cerveceros-mercedinos-promete-ser-una-gran-fiesta-para-todos\/cerveceros-mercedinos\/#main\" data-orig-file=\"https:\/\/www.hoymercedes.com.ar\/principal\/wp-content\/uploads\/2018\/10\/cerveceros-mercedinos.jpg\" data-orig-size=\"985,657\" data-comments-opened=\"0\" data-image-meta=\"{&quot;aperture&quot;:&quot;0&quot;,&quot;credit&quot;:&quot;&quot;,&quot;camera&quot;:&quot;&quot;,&quot;caption&quot;:&quot;&quot;,&quot;created_timestamp&quot;:&quot;0&quot;,&quot;copyright&quot;:&quot;&quot;,&quot;focal_length&quot;:&quot;0&quot;,&quot;iso&quot;:&quot;0&quot;,&quot;shutter_speed&quot;:&quot;0&quot;,&quot;title&quot;:&quot;&quot;,&quot;orientation&quot;:&quot;0&quot;}\" data-image-title=\"cerveceros-mercedinos\" data-image-description=\"\" data-image-caption=\"\" data-large-file=\"https:\/\/www.hoymercedes.com.ar\/principal\/wp-content\/uploads\/2018\/10\/cerveceros-mercedinos.jpg\" class=\"aligncenter size-medium wp-image-82111\" src=\"https:\/\/www.hoymercedes.com.ar\/principal\/wp-content\/uploads\/2018\/10\/cerveceros-mercedinos-630x420.jpg\" alt=\"\" width=\"630\" height=\"420\" srcset=\"https:\/\/www.hoymercedes.com.ar\/principal\/wp-content\/uploads\/2018\/10\/cerveceros-mercedinos-630x420.jpg 630w, https:\/\/www.hoymercedes.com.ar\/principal\/wp-content\/uploads\/2018\/10\/cerveceros-mercedinos-150x100.jpg 150w, https:\/\/www.hoymercedes.com.ar\/principal\/wp-content\/uploads\/2018\/10\/cerveceros-mercedinos.jpg 985w\" sizes=\"auto, (max-width: 630px) 100vw, 630px\" \/><\/p>\n<p>El Municipio junto a productores locales impulsan un nuevo evento que unir\u00e1 a los vecinos de nuestra ciudad, el turismo y el trabajo. Se trata del \u201cFestival de Cerveceros Mercedinos\u201d.<\/p>\n<p>Este acontecimiento, que vuelve a poner a Mercedes como principal exponente tur\u00edstico de la regi\u00f3n, se realizar\u00e1 en el Parque Municipal (nuevo) este s\u00e1bado 13 y domingo 14 de octubre. La idea principal es que se conozcan las excelentes producciones locales de cerveza artesanal, la comunidad pueda disfrutarlas y pasar un excelente momento.<\/p>\n<p><strong>Historia<\/strong><\/p>\n<p>El lanzamiento se realiz\u00f3 en el Museo hist\u00f3rico Municipal \u201cV\u00edctor e. M\u00edguez\u201d donde los productores efectuaron una peque\u00f1a muestra de sus impresionantes productos y se concret\u00f3 all\u00ed junto a la familia de Carlos Sexauer, productor de cerveza mercedina a fines del siglo XIX quien marc\u00f3 todo un hito en la provincia. Se expusieron sus viejos botellones, hoy toda una reliquia. Estuvo presente Berta Sexauer, su nieta.<\/p>\n<p><span class=\"embed-youtube\" style=\"text-align:center; display: block;\"><iframe loading=\"lazy\" class=\"youtube-player\" width=\"1200\" height=\"675\" src=\"https:\/\/www.youtube.com\/embed\/M-Bo4g7tb_E?version=3&#038;rel=1&#038;showsearch=0&#038;showinfo=1&#038;iv_load_policy=1&#038;fs=1&#038;hl=es-ES&#038;autohide=2&#038;wmode=transparent\" allowfullscreen=\"true\" style=\"border:0;\" sandbox=\"allow-scripts allow-same-origin allow-popups allow-presentation allow-popups-to-escape-sandbox\"><\/iframe><\/span><\/p>\n<p><strong>Novedosa<\/strong><\/p>\n<p>El secretario de Gobierno de la Municipalidad de Mercedes, Dr. Juan Pablo L\u00f3pez, sostuvo \u201ccomo nos tiene acostumbrado la gesti\u00f3n del intendente Ustarroz, se ha generado una nueva propuesta, misma que crea oportunidades de trabajo para nuestros vecinos, y donde de alguna manera hacemos conocer nuestra producci\u00f3n, nuestras costumbres y ra\u00edces\u201d.<\/p>\n<p>\u201cEl municipio se complace que este primer festival cervecero pueda ser llevado a cabo durante nuestra gesti\u00f3n, brind\u00e1ndoles todo el apoyo y despliegue que los vecinos ya est\u00e1n acostumbrados\u201d.<\/p>\n<p>Adem\u00e1s, el Secretario de Gobierno asegur\u00f3 \u201cesta ser\u00e1 una propuesta cultural y recreativa en un marco inigualable, en nuestro parque Municipal, que cada d\u00eda est\u00e1 m\u00e1s lindo y jerarquizado\u201d.<\/p>\n<p><strong>Primera persona<\/strong><\/p>\n<p>Por su parte, uno de los productores, Francisco Scheitler expres\u00f3 \u201csoy el primer cervecero artesanal de nuestra querida ciudad -quince a\u00f1os elaborando cerveza- estoy viviendo algo \u00fanico, muy emocionante\u201d.<\/p>\n<p>Asimismo, el productor local agradeci\u00f3 \u201ca todo el municipio, nunca pens\u00e9 que ten\u00edan semejante equipo de trabajo, la verdad que son muy buenos y nos est\u00e1n dando una mano inmensa, sin ellos no habr\u00eda sido posible esta fiesta\u201d.<\/p>\n<p>E hizo hincapi\u00e9 \u201cno solo es hacer un evento cervecero para pasar un grato momento, esto trae algo mucho m\u00e1s grande, que son fuentes de trabajo en nuestra ciudad\u201d.<\/p>\n<p>\u201cDe la forma que estamos encarando y trabajando esta fiesta, creemos que a\u00f1o a a\u00f1o su trascendencia ser\u00e1 muy grande\u201d y a su vez especific\u00f3 \u201cla verdad que estoy viviendo el sue\u00f1o de todo cervecero, poder tener su evento. Much\u00edsimas gracias al municipio, a los compa\u00f1eros de trabajo y a todo el p\u00fablico\u201d.<\/p>\n<p><span class=\"embed-youtube\" style=\"text-align:center; display: block;\"><iframe loading=\"lazy\" class=\"youtube-player\" width=\"1200\" height=\"675\" src=\"https:\/\/www.youtube.com\/embed\/46SBQWXxeFc?version=3&#038;rel=1&#038;showsearch=0&#038;showinfo=1&#038;iv_load_policy=1&#038;fs=1&#038;hl=es-ES&#038;autohide=2&#038;wmode=transparent\" allowfullscreen=\"true\" style=\"border:0;\" sandbox=\"allow-scripts allow-same-origin allow-popups allow-presentation allow-popups-to-escape-sandbox\"><\/iframe><\/span><\/p>\n<p><strong>Productores<\/strong><\/p>\n<p>El Director de Turismo de la Municipalidad de Mercedes, Mart\u00edn Boragno destac\u00f3 \u201cquiero agradecer a los productores de micro cervecer\u00edas de nuestra ciudad por tener siempre buena predisposici\u00f3n a la hora de pensar y organizar esta fiesta. Y en lo personal, quiero agradecer al intendente Ustarroz, porque durante su gesti\u00f3n se pudo visibilizar una gran cantidad de actividades que realzan y ponen en valor muchas producciones culturales y trabajos locales que congregan y unen a las familias mercedinas\u201d.<\/p>\n<p>\u201cEsperamos que los vecinos y los turistas nos den el apoyo que todos necesitamos, como municipio y productores de cerveza para poder pensar a futuro una nueva realizaci\u00f3n\u201d sostuvo el Director de Turismo.<\/p>\n<p><strong>Atractivos<\/strong><\/p>\n<p>La fiesta tendr\u00e1 patios de comidas t\u00edpicas, 18 Food Trucks y una gran feria de artesanos locales que seguramente le dar\u00e1n color al predio. Adem\u00e1s, habr\u00e1 montado un gran escenario donde se podr\u00e1 disfrutar de bandas en vivo, DJs y muchas sorpresas.<\/p>\n<p>Juanito y Juan de \u201cLos Cocineros\u201d, Frith Irish &amp; Scoth Folk, Soirse danzas irlandesas, Comensales, Mamabora, Doble Carolina, Lastronauta, Margot, Phaway y Tano Ver\u00f3n ser\u00e1n parte de los atractivos, adem\u00e1s de Fedezz Dj en vivo siendo una fiesta bien distinta a las ya conocidas por los vecinos.<\/p>\n<p><strong>Entrada<\/strong><\/p>\n<p>-Anticipadas (ingreso para los dos d\u00edas) $100 c\/ consumici\u00f3n.<\/p>\n<p>-Al ingresar el predio $50 por d\u00eda, sin consumici\u00f3n.<\/p>\n<p>Las mismas se pueden adquirir en la Direcci\u00f3n de Turismo, Av. 29 y 26, hasta el viernes 12 de octubre.<\/p>\n","protected":false},"excerpt":{"rendered":"<p>El Municipio junto a productores locales impulsan un nuevo evento que unir\u00e1 a los vecinos de nuestra ciudad, el turismo &#8230; <a title=\"El Festival de Cerveceros Mercedinos promete ser una gran fiesta para todos\" class=\"read-more\" href=\"https:\/\/www.hoymercedes.com.ar\/principal\/2018\/10\/06\/el-festival-de-cerveceros-mercedinos-promete-ser-una-gran-fiesta-para-todos\/\" aria-label=\"Leer m\u00e1s sobre El Festival de Cerveceros Mercedinos promete ser una gran fiesta para todos\">Leer m\u00e1s<\/a><\/p>\n","protected":false},"author":1,"featured_media":82111,"comment_status":"closed","ping_status":"open","sticky":false,"template":"","format":"standard","meta":{"_monsterinsights_skip_tracking":false,"_monsterinsights_sitenote_active":false,"_monsterinsights_sitenote_note":"","_monsterinsights_sitenote_category":0,"jetpack_post_was_ever_published":false,"_jetpack_newsletter_access":"","_jetpack_dont_email_post_to_subs":false,"_jetpack_newsletter_tier_id":0,"_jetpack_memberships_contains_paywalled_content":false,"_jetpack_memberships_contains_paid_content":false,"footnotes":"","jetpack_publicize_message":"","jetpack_publicize_feature_enabled":true,"jetpack_social_post_already_shared":true,"jetpack_social_options":{"image_generator_settings":{"template":"highway","default_image_id":0,"font":"","enabled":false},"version":2},"_wpas_customize_per_network":false},"categories":[104],"tags":[13832,13831],"class_list":["post-82110","post","type-post","status-publish","format-standard","has-post-thumbnail","hentry","category-cultura","tag-cerveceros-mercedinos","tag-festival-de-la-cerveza","generate-columns","tablet-grid-50","mobile-grid-100","grid-parent","grid-50"],"jetpack_publicize_connections":[],"jetpack_featured_media_url":"https:\/\/www.hoymercedes.com.ar\/principal\/wp-content\/uploads\/2018\/10\/cerveceros-mercedinos.jpg","wps_subtitle":"Fiestas Populares","jetpack_sharing_enabled":true,"_links":{"self":[{"href":"https:\/\/www.hoymercedes.com.ar\/principal\/wp-json\/wp\/v2\/posts\/82110","targetHints":{"allow":["GET"]}}],"collection":[{"href":"https:\/\/www.hoymercedes.com.ar\/principal\/wp-json\/wp\/v2\/posts"}],"about":[{"href":"https:\/\/www.hoymercedes.com.ar\/principal\/wp-json\/wp\/v2\/types\/post"}],"author":[{"embeddable":true,"href":"https:\/\/www.hoymercedes.com.ar\/principal\/wp-json\/wp\/v2\/users\/1"}],"replies":[{"embeddable":true,"href":"https:\/\/www.hoymercedes.com.ar\/principal\/wp-json\/wp\/v2\/comments?post=82110"}],"version-history":[{"count":0,"href":"https:\/\/www.hoymercedes.com.ar\/principal\/wp-json\/wp\/v2\/posts\/82110\/revisions"}],"wp:featuredmedia":[{"embeddable":true,"href":"https:\/\/www.hoymercedes.com.ar\/principal\/wp-json\/wp\/v2\/media\/82111"}],"wp:attachment":[{"href":"https:\/\/www.hoymercedes.com.ar\/principal\/wp-json\/wp\/v2\/media?parent=82110"}],"wp:term":[{"taxonomy":"category","embeddable":true,"href":"https:\/\/www.hoymercedes.com.ar\/principal\/wp-json\/wp\/v2\/categories?post=82110"},{"taxonomy":"post_tag","embeddable":true,"href":"https:\/\/www.hoymercedes.com.ar\/principal\/wp-json\/wp\/v2\/tags?post=82110"}],"curies":[{"name":"wp","href":"https:\/\/api.w.org\/{rel}","templated":true}]}}