{"id":82114,"date":"2018-10-06T21:46:36","date_gmt":"2018-10-07T00:46:36","guid":{"rendered":"http:\/\/www.hoymercedes.com.ar\/principal\/?p=82114"},"modified":"2018-10-07T16:31:15","modified_gmt":"2018-10-07T19:31:15","slug":"proteccion-civil-monto-puesto-de-acompanamiento-a-mercedinos-en-peregrinacion-a-lujan","status":"publish","type":"post","link":"https:\/\/www.hoymercedes.com.ar\/principal\/2018\/10\/06\/proteccion-civil-monto-puesto-de-acompanamiento-a-mercedinos-en-peregrinacion-a-lujan\/","title":{"rendered":"Protecci\u00f3n Civil mont\u00f3 puesto de acompa\u00f1amiento a mercedinos en Peregrinaci\u00f3n a Luj\u00e1n"},"content":{"rendered":"<figure id=\"attachment_82115\" aria-describedby=\"caption-attachment-82115\" style=\"width: 620px\" class=\"wp-caption aligncenter\"><img loading=\"lazy\" decoding=\"async\" data-attachment-id=\"82115\" data-permalink=\"https:\/\/www.hoymercedes.com.ar\/principal\/2018\/10\/06\/proteccion-civil-monto-puesto-de-acompanamiento-a-mercedinos-en-peregrinacion-a-lujan\/1-12\/#main\" data-orig-file=\"https:\/\/www.hoymercedes.com.ar\/principal\/wp-content\/uploads\/2018\/10\/1.jpeg\" data-orig-size=\"1058,885\" data-comments-opened=\"0\" data-image-meta=\"{&quot;aperture&quot;:&quot;0&quot;,&quot;credit&quot;:&quot;&quot;,&quot;camera&quot;:&quot;&quot;,&quot;caption&quot;:&quot;&quot;,&quot;created_timestamp&quot;:&quot;0&quot;,&quot;copyright&quot;:&quot;&quot;,&quot;focal_length&quot;:&quot;0&quot;,&quot;iso&quot;:&quot;0&quot;,&quot;shutter_speed&quot;:&quot;0&quot;,&quot;title&quot;:&quot;&quot;,&quot;orientation&quot;:&quot;0&quot;}\" data-image-title=\"1\" data-image-description=\"\" data-image-caption=\"&lt;p&gt;Protecci\u00f3n Civil&lt;\/p&gt;\n\" data-large-file=\"https:\/\/www.hoymercedes.com.ar\/principal\/wp-content\/uploads\/2018\/10\/1-1024x857.jpeg\" class=\"size-medium wp-image-82115\" src=\"https:\/\/www.hoymercedes.com.ar\/principal\/wp-content\/uploads\/2018\/10\/1-630x527.jpeg\" alt=\"\" width=\"630\" height=\"527\" srcset=\"https:\/\/www.hoymercedes.com.ar\/principal\/wp-content\/uploads\/2018\/10\/1-630x527.jpeg 630w, https:\/\/www.hoymercedes.com.ar\/principal\/wp-content\/uploads\/2018\/10\/1-150x125.jpeg 150w, https:\/\/www.hoymercedes.com.ar\/principal\/wp-content\/uploads\/2018\/10\/1-1024x857.jpeg 1024w, https:\/\/www.hoymercedes.com.ar\/principal\/wp-content\/uploads\/2018\/10\/1.jpeg 1058w\" sizes=\"auto, (max-width: 630px) 100vw, 630px\" \/><figcaption id=\"caption-attachment-82115\" class=\"wp-caption-text\">Protecci\u00f3n Civil<\/figcaption><\/figure>\n<p style=\"font-weight: 400;\">La Direcci\u00f3n de Protecci\u00f3n Civil mont\u00f3 un puesto de atenci\u00f3n y asistencia en la 44\u00b0 Peregrinaci\u00f3n a la Virgen de Luj\u00e1n. Lo hizo pensando en la importante cantidad de mercedinos que asistir\u00e1n y que tomaron el espacio como punto de encuentro y referencia. Adem\u00e1s se hizo en coordinaci\u00f3n con la Arquidi\u00f3cesis Mercedes \u2013 Luj\u00e1n. Como cada a\u00f1o se esperan cientos de miles de visitantes a la vecina ciudad de Luj\u00e1n.<\/p>\n<p style=\"font-weight: 400;\">\u201cEfectivamente, a pedido de nuestra Arquidi\u00f3cesis montamos, como el a\u00f1o anterior, un puesto de asistencia y auxilio y que adem\u00e1s se convirti\u00f3 en punto de referencia y encuentro para los mercedinos, que son muchos, los que vienen a rendir homenaje a la virgen\u201d, cont\u00f3 Estaban Chal\u00e1, director del \u00e1rea.<\/p>\n<p><img loading=\"lazy\" decoding=\"async\" data-attachment-id=\"82116\" data-permalink=\"https:\/\/www.hoymercedes.com.ar\/principal\/2018\/10\/06\/proteccion-civil-monto-puesto-de-acompanamiento-a-mercedinos-en-peregrinacion-a-lujan\/3-9\/#main\" data-orig-file=\"https:\/\/www.hoymercedes.com.ar\/principal\/wp-content\/uploads\/2018\/10\/3.jpeg\" data-orig-size=\"1280,960\" data-comments-opened=\"0\" data-image-meta=\"{&quot;aperture&quot;:&quot;0&quot;,&quot;credit&quot;:&quot;&quot;,&quot;camera&quot;:&quot;&quot;,&quot;caption&quot;:&quot;&quot;,&quot;created_timestamp&quot;:&quot;0&quot;,&quot;copyright&quot;:&quot;&quot;,&quot;focal_length&quot;:&quot;0&quot;,&quot;iso&quot;:&quot;0&quot;,&quot;shutter_speed&quot;:&quot;0&quot;,&quot;title&quot;:&quot;&quot;,&quot;orientation&quot;:&quot;0&quot;}\" data-image-title=\"3\" data-image-description=\"\" data-image-caption=\"\" data-large-file=\"https:\/\/www.hoymercedes.com.ar\/principal\/wp-content\/uploads\/2018\/10\/3-1024x768.jpeg\" class=\"aligncenter size-medium wp-image-82116\" src=\"https:\/\/www.hoymercedes.com.ar\/principal\/wp-content\/uploads\/2018\/10\/3-630x473.jpeg\" alt=\"\" width=\"630\" height=\"473\" srcset=\"https:\/\/www.hoymercedes.com.ar\/principal\/wp-content\/uploads\/2018\/10\/3-630x473.jpeg 630w, https:\/\/www.hoymercedes.com.ar\/principal\/wp-content\/uploads\/2018\/10\/3-150x113.jpeg 150w, https:\/\/www.hoymercedes.com.ar\/principal\/wp-content\/uploads\/2018\/10\/3-1024x768.jpeg 1024w, https:\/\/www.hoymercedes.com.ar\/principal\/wp-content\/uploads\/2018\/10\/3.jpeg 1280w\" sizes=\"auto, (max-width: 630px) 100vw, 630px\" \/><\/p>\n<p style=\"font-weight: 400;\">El puesto fue montado en un lugar clave, en la avenida principal de ingreso, Nuestra Se\u00f1ora de Luj\u00e1n, camino directo a la Bas\u00edlica.<\/p>\n<p style=\"font-weight: 400;\">\u201cNuestro puesto es cardio protegido desde hace unos quince d\u00edas, cuando el intendente Usatarroz nos hizo entrega de un valioso desfibrilador externo autom\u00e1tico con un monitor multiparam\u00e9trico, adem\u00e1s de las nuevas gradas, el veh\u00edculo, es decir, tenemos cada d\u00eda m\u00e1s recursos y ese apoyo lo agradecemos, porque verdaderamente somos un apoyo y asistencia para los mercedinos\u201d, coment\u00f3 Chal\u00e1 desde el puesto montado en Luj\u00e1n.<\/p>\n<p style=\"font-weight: 400;\">La tarea tiene una fruct\u00edfera experiencia el a\u00f1o pasado con lo que motiv\u00f3 que sean nuevamente convocados los representantes e Protecci\u00f3n Civil por la organizaci\u00f3n exponi\u00e9ndose como referencia a todos los mercedinos feligreses cat\u00f3licos que viajaron a la peregrinaci\u00f3n.<\/p>\n<p>&nbsp;<\/p>\n","protected":false},"excerpt":{"rendered":"<p>La Direcci\u00f3n de Protecci\u00f3n Civil mont\u00f3 un puesto de atenci\u00f3n y asistencia en la 44\u00b0 Peregrinaci\u00f3n a la Virgen de &#8230; <a title=\"Protecci\u00f3n Civil mont\u00f3 puesto de acompa\u00f1amiento a mercedinos en Peregrinaci\u00f3n a Luj\u00e1n\" class=\"read-more\" href=\"https:\/\/www.hoymercedes.com.ar\/principal\/2018\/10\/06\/proteccion-civil-monto-puesto-de-acompanamiento-a-mercedinos-en-peregrinacion-a-lujan\/\" aria-label=\"Leer m\u00e1s sobre Protecci\u00f3n Civil mont\u00f3 puesto de acompa\u00f1amiento a mercedinos en Peregrinaci\u00f3n a Luj\u00e1n\">Leer m\u00e1s<\/a><\/p>\n","protected":false},"author":1,"featured_media":82116,"comment_status":"closed","ping_status":"open","sticky":false,"template":"","format":"standard","meta":{"_monsterinsights_skip_tracking":false,"_monsterinsights_sitenote_active":false,"_monsterinsights_sitenote_note":"","_monsterinsights_sitenote_category":0,"jetpack_post_was_ever_published":false,"_jetpack_newsletter_access":"","_jetpack_dont_email_post_to_subs":false,"_jetpack_newsletter_tier_id":0,"_jetpack_memberships_contains_paywalled_content":false,"_jetpack_memberships_contains_paid_content":false,"footnotes":"","jetpack_publicize_message":"","jetpack_publicize_feature_enabled":true,"jetpack_social_post_already_shared":true,"jetpack_social_options":{"image_generator_settings":{"template":"highway","default_image_id":0,"font":"","enabled":false},"version":2},"_wpas_customize_per_network":false},"categories":[30],"tags":[244,11991,9122],"class_list":["post-82114","post","type-post","status-publish","format-standard","has-post-thumbnail","hentry","category-municipio","tag-municipio-2","tag-peregrinacion-a-lujan","tag-proteccion-civil","generate-columns","tablet-grid-50","mobile-grid-100","grid-parent","grid-50"],"jetpack_publicize_connections":[],"jetpack_featured_media_url":"https:\/\/www.hoymercedes.com.ar\/principal\/wp-content\/uploads\/2018\/10\/3.jpeg","wps_subtitle":"En Luj\u00e1n","jetpack_sharing_enabled":true,"_links":{"self":[{"href":"https:\/\/www.hoymercedes.com.ar\/principal\/wp-json\/wp\/v2\/posts\/82114","targetHints":{"allow":["GET"]}}],"collection":[{"href":"https:\/\/www.hoymercedes.com.ar\/principal\/wp-json\/wp\/v2\/posts"}],"about":[{"href":"https:\/\/www.hoymercedes.com.ar\/principal\/wp-json\/wp\/v2\/types\/post"}],"author":[{"embeddable":true,"href":"https:\/\/www.hoymercedes.com.ar\/principal\/wp-json\/wp\/v2\/users\/1"}],"replies":[{"embeddable":true,"href":"https:\/\/www.hoymercedes.com.ar\/principal\/wp-json\/wp\/v2\/comments?post=82114"}],"version-history":[{"count":0,"href":"https:\/\/www.hoymercedes.com.ar\/principal\/wp-json\/wp\/v2\/posts\/82114\/revisions"}],"wp:featuredmedia":[{"embeddable":true,"href":"https:\/\/www.hoymercedes.com.ar\/principal\/wp-json\/wp\/v2\/media\/82116"}],"wp:attachment":[{"href":"https:\/\/www.hoymercedes.com.ar\/principal\/wp-json\/wp\/v2\/media?parent=82114"}],"wp:term":[{"taxonomy":"category","embeddable":true,"href":"https:\/\/www.hoymercedes.com.ar\/principal\/wp-json\/wp\/v2\/categories?post=82114"},{"taxonomy":"post_tag","embeddable":true,"href":"https:\/\/www.hoymercedes.com.ar\/principal\/wp-json\/wp\/v2\/tags?post=82114"}],"curies":[{"name":"wp","href":"https:\/\/api.w.org\/{rel}","templated":true}]}}