{"id":82118,"date":"2018-10-07T12:47:19","date_gmt":"2018-10-07T15:47:19","guid":{"rendered":"http:\/\/www.hoymercedes.com.ar\/principal\/?p=82118"},"modified":"2018-10-07T16:30:48","modified_gmt":"2018-10-07T19:30:48","slug":"se-inauguro-oficialmente-la-expo-rural-2018","status":"publish","type":"post","link":"https:\/\/www.hoymercedes.com.ar\/principal\/2018\/10\/07\/se-inauguro-oficialmente-la-expo-rural-2018\/","title":{"rendered":"Se inaugur\u00f3 oficialmente la Expo Rural 2018"},"content":{"rendered":"<p>Cerca del mediod\u00eda de este domingo se llev\u00f3 a cabo el tradicional acto inaugural de la Expo Rural 2018. Inici\u00f3, como todos los a\u00f1os con el desfile gaucho, acompa\u00f1ados por la banda de Gendarmer\u00eda Nacional.<\/p>\n<p>Tras el izamiento de la bandera nacional y la entonaci\u00f3n del Himno, se dio lugar a las palabras de las autoridades presentes. Entre ellos se encontraban el diputado nacional Eduardo de Pedro, el intendente Juan Ustarroz, entre otros y el p\u00fablico presente.<\/p>\n<p>&nbsp;<\/p>\n<p><img loading=\"lazy\" decoding=\"async\" data-attachment-id=\"82120\" data-permalink=\"https:\/\/www.hoymercedes.com.ar\/principal\/2018\/10\/07\/se-inauguro-oficialmente-la-expo-rural-2018\/rural1\/#main\" data-orig-file=\"https:\/\/www.hoymercedes.com.ar\/principal\/wp-content\/uploads\/2018\/10\/RURAL1.jpg\" data-orig-size=\"800,600\" data-comments-opened=\"0\" data-image-meta=\"{&quot;aperture&quot;:&quot;0&quot;,&quot;credit&quot;:&quot;&quot;,&quot;camera&quot;:&quot;&quot;,&quot;caption&quot;:&quot;&quot;,&quot;created_timestamp&quot;:&quot;0&quot;,&quot;copyright&quot;:&quot;&quot;,&quot;focal_length&quot;:&quot;0&quot;,&quot;iso&quot;:&quot;0&quot;,&quot;shutter_speed&quot;:&quot;0&quot;,&quot;title&quot;:&quot;&quot;,&quot;orientation&quot;:&quot;0&quot;}\" data-image-title=\"RURAL1\" data-image-description=\"\" data-image-caption=\"\" data-large-file=\"https:\/\/www.hoymercedes.com.ar\/principal\/wp-content\/uploads\/2018\/10\/RURAL1.jpg\" class=\"aligncenter size-medium wp-image-82120\" src=\"https:\/\/www.hoymercedes.com.ar\/principal\/wp-content\/uploads\/2018\/10\/RURAL1-630x473.jpg\" alt=\"\" width=\"630\" height=\"473\" srcset=\"https:\/\/www.hoymercedes.com.ar\/principal\/wp-content\/uploads\/2018\/10\/RURAL1-630x473.jpg 630w, https:\/\/www.hoymercedes.com.ar\/principal\/wp-content\/uploads\/2018\/10\/RURAL1-150x113.jpg 150w, https:\/\/www.hoymercedes.com.ar\/principal\/wp-content\/uploads\/2018\/10\/RURAL1.jpg 800w\" sizes=\"auto, (max-width: 630px) 100vw, 630px\" \/><\/p>\n<p>Acto seguido, el presidente de la Sociedad Rural de Mercedes, Jos\u00e9 Luis Casaretto, expres\u00f3: \u201cHoy inauguramos la 72\u00b0 Exposici\u00f3n de Agricultura, Ganader\u00eda, Industria y Comercio orgullosos de poder realizar todos los a\u00f1os esta muestra donde el campo, la ciudad de Mercedes y muchas ciudades vecinas nos acompa\u00f1an participando y exponiendo sus producciones en constante crecimiento a nivel local, provincial y nacional\u201d.<\/p>\n<p>Tras hacer un recuento de la historia de la entidad, y la exposici\u00f3n ininterrumpida, se refiri\u00f3 a la dif\u00edcil situaci\u00f3n que atraviesan los distintos sectores vinculados al campo.<\/p>\n<p>\u201cEs fundamental apoyar a todas las producciones agropecuarias que trabajan y realizan inversiones en nuestras tierras, a\u00fan m\u00e1s a los peque\u00f1os y medianos productores que son la parte vulnerable de esta cadena, a todas las econom\u00edas regionales que son riqueza para el pa\u00eds, y a todas las pymes e industrias que con el esfuerzo diario y las adversidades trabajan simplemente porque su cultura es el trabajo e invierten constantemente en tecnolog\u00eda para poder producir cada d\u00eda m\u00e1s. Todos ellos apuestan al pa\u00eds, al crecimiento e invierten en \u00e9l\u201d, manifest\u00f3 y pidi\u00f3 un Estado m\u00e1s presente para proteger al peque\u00f1o y mediano productor, entre otros conceptos.<\/p>\n<p><strong>\u00a0<img loading=\"lazy\" decoding=\"async\" data-attachment-id=\"82119\" data-permalink=\"https:\/\/www.hoymercedes.com.ar\/principal\/2018\/10\/07\/se-inauguro-oficialmente-la-expo-rural-2018\/rural\/#main\" data-orig-file=\"https:\/\/www.hoymercedes.com.ar\/principal\/wp-content\/uploads\/2018\/10\/RURAL.jpg\" data-orig-size=\"800,600\" data-comments-opened=\"0\" data-image-meta=\"{&quot;aperture&quot;:&quot;0&quot;,&quot;credit&quot;:&quot;&quot;,&quot;camera&quot;:&quot;&quot;,&quot;caption&quot;:&quot;&quot;,&quot;created_timestamp&quot;:&quot;0&quot;,&quot;copyright&quot;:&quot;&quot;,&quot;focal_length&quot;:&quot;0&quot;,&quot;iso&quot;:&quot;0&quot;,&quot;shutter_speed&quot;:&quot;0&quot;,&quot;title&quot;:&quot;&quot;,&quot;orientation&quot;:&quot;0&quot;}\" data-image-title=\"RURAL\" data-image-description=\"\" data-image-caption=\"\" data-large-file=\"https:\/\/www.hoymercedes.com.ar\/principal\/wp-content\/uploads\/2018\/10\/RURAL.jpg\" class=\"aligncenter size-medium wp-image-82119\" src=\"https:\/\/www.hoymercedes.com.ar\/principal\/wp-content\/uploads\/2018\/10\/RURAL-630x473.jpg\" alt=\"\" width=\"630\" height=\"473\" srcset=\"https:\/\/www.hoymercedes.com.ar\/principal\/wp-content\/uploads\/2018\/10\/RURAL-630x473.jpg 630w, https:\/\/www.hoymercedes.com.ar\/principal\/wp-content\/uploads\/2018\/10\/RURAL-150x113.jpg 150w, https:\/\/www.hoymercedes.com.ar\/principal\/wp-content\/uploads\/2018\/10\/RURAL.jpg 800w\" sizes=\"auto, (max-width: 630px) 100vw, 630px\" \/><\/strong><\/p>\n<p>&nbsp;<\/p>\n<p><strong>Agradecimiento<\/strong><\/p>\n<p>Finalmente, Casaretto hizo extensivo el agradecimiento a todos los que han participado para la realizaci\u00f3n de la exposici\u00f3n. As\u00ed enumer\u00f3 al municipio, en cabeza del intendente, a Gendarmer\u00eda nacional, a la Polic\u00eda federal Argentina, a la Secretar\u00eda de Agroindustria de la Naci\u00f3n, al ministro de Agroindustria de la provincia, Leonardo Sarqu\u00eds, a los Bomberos Voluntarios de Mercedes, a los productores que integran la carpa de salame quintero, a la C\u00e1mara Econ\u00f3mica Mercedina, las caba\u00f1as participantes, los productores de la carpa de granja, al Club H\u00edpico de la Sociedad Rural, a los comerciantes e industriales que se hacen presentes, a los amigos de la cupecitas, al Rotary Club, Club de Leones y Lalcec, a los artesanos, escuelas rurales y centros educativos, CAIDIM, las Agrupaciones gauchas, fuerzas de seguridad, al periodismo, a los integrantes de la comisi\u00f3n de la Sociedad Rural.<\/p>\n<p>\u201cA todos much\u00edsimas gracias por el apoyo incondicional que le dan a esta querida instituci\u00f3n y desde ya las puertas de la Sociedad Rural est\u00e1 abiertas a todos, como as\u00ed tambi\u00e9n nosotros como instituci\u00f3n estamos a vuestra predisposici\u00f3n para colaborar con lo que sea necesario para la unidad y crecimiento de nuestra ciudad\u201d, concluy\u00f3.<\/p>\n<p>&nbsp;<\/p>\n<p><img loading=\"lazy\" decoding=\"async\" data-attachment-id=\"82124\" data-permalink=\"https:\/\/www.hoymercedes.com.ar\/principal\/2018\/10\/07\/se-inauguro-oficialmente-la-expo-rural-2018\/iza\/#main\" data-orig-file=\"https:\/\/www.hoymercedes.com.ar\/principal\/wp-content\/uploads\/2018\/10\/iza.jpg\" data-orig-size=\"676,600\" data-comments-opened=\"0\" data-image-meta=\"{&quot;aperture&quot;:&quot;0&quot;,&quot;credit&quot;:&quot;&quot;,&quot;camera&quot;:&quot;&quot;,&quot;caption&quot;:&quot;&quot;,&quot;created_timestamp&quot;:&quot;0&quot;,&quot;copyright&quot;:&quot;&quot;,&quot;focal_length&quot;:&quot;0&quot;,&quot;iso&quot;:&quot;0&quot;,&quot;shutter_speed&quot;:&quot;0&quot;,&quot;title&quot;:&quot;&quot;,&quot;orientation&quot;:&quot;0&quot;}\" data-image-title=\"iza\" data-image-description=\"\" data-image-caption=\"\" data-large-file=\"https:\/\/www.hoymercedes.com.ar\/principal\/wp-content\/uploads\/2018\/10\/iza.jpg\" class=\"aligncenter size-medium wp-image-82124\" src=\"https:\/\/www.hoymercedes.com.ar\/principal\/wp-content\/uploads\/2018\/10\/iza-630x559.jpg\" alt=\"\" width=\"630\" height=\"559\" srcset=\"https:\/\/www.hoymercedes.com.ar\/principal\/wp-content\/uploads\/2018\/10\/iza-630x559.jpg 630w, https:\/\/www.hoymercedes.com.ar\/principal\/wp-content\/uploads\/2018\/10\/iza-150x133.jpg 150w, https:\/\/www.hoymercedes.com.ar\/principal\/wp-content\/uploads\/2018\/10\/iza.jpg 676w\" sizes=\"auto, (max-width: 630px) 100vw, 630px\" \/><\/p>\n<p><strong>Crecimiento<\/strong><\/p>\n<p>Posteriormente, fue el turno del intendente Ustarroz, quien tras manifestar su benepl\u00e1cito por el crecimiento de la exposici\u00f3n y el acompa\u00f1amiento del p\u00fablico expres\u00f3: \u201cCreo que esa es la clave para que las cosas funcionen, y bien. Reci\u00e9n Jos\u00e9 Luis hac\u00eda referencia a situaciones cr\u00edticas, entre ellas el del sector porcino. Adem\u00e1s de todo el problema que bien describi\u00f3, la ca\u00edda en el salario de los ciudadanos hace que caiga el consumo. De hecho, en nuestro pa\u00eds cay\u00f3 el consumo de leche, y eso no se debe \u2013 a como intentan algunos \u2013 a otros h\u00e1bitos alimenticios. Ninguno desconocemos el potencial nutritivo que tiene la leche. Y otro tema interesante es el tema de los costos. Quiero llamarle la atenci\u00f3n a los gobernantes sobre un punto, con respecto a los tarifazos. Es in\u00e9dito que todo el pueblo se haga cargo se haga cargo del impacto de la devaluaci\u00f3n en la tarifa del gas. Parece mentira que luego de haber autorizado tarifazos, ahora en 24 cuotas \u2013 adem\u00e1s de pagar tarifas elevadas \u2013 tengamos que agregarle el impacto de la devaluaci\u00f3n\u201d.<\/p>\n<p>\u201cPero uno tambi\u00e9n es autocr\u00edtico. Nosotros como municipio tenemos una obligaci\u00f3n insoslayable que es la de mantenimiento de los caminos rurales que conectan a toda nuestra ciudad con nuestros pueblos, y a la producci\u00f3n con la ciudad. M\u00e1s all\u00e1 de los esfuerzos que se han hecho en la adquisici\u00f3n de maquinaria soy consciente de que todav\u00eda falta y que necesitamos de la conciencia y del buen uso de todos los usuarios. Estamos haciendo todos los esfuerzos, y es de destacar la existencia de un grupo de productores que siempre est\u00e1n aportando y colaborando desde la cr\u00edtica constructiva su visi\u00f3n\u201d, a\u00f1adi\u00f3.<\/p>\n<p>Finalmente, destac\u00f3 \u201cel crecimiento de esta exposici\u00f3n. Esto se debe al esfuerzo y compromiso de un pu\u00f1ado de gente, pero tambi\u00e9n de toda la comunidad. Tenemos muchas instituciones presentes, que hist\u00f3ricamente han estado, y adem\u00e1s de estar presente la producci\u00f3n, la industria y el comercio tambi\u00e9n se apunta a la solidaridad. Hoy est\u00e1n los bomberos, los productores de salame quintero y tenemos muy logrados stands. Mucha gente volvi\u00f3 a la exposici\u00f3n, y con un mejor stand a\u00fan. Y ese es el talante de nuestros productores que hacen que, a pesar de la crisis, sigamos creciendo como ciudad y como Estado\u201d, y agradeci\u00f3 a todos los que fueron parte de la Exposici\u00f3n. \u201cCreemos que la forma de construir es entre todos. Felicitaciones por esta gran exposici\u00f3n rural\u201d, concluy\u00f3.<\/p>\n<p><img loading=\"lazy\" decoding=\"async\" data-attachment-id=\"82121\" data-permalink=\"https:\/\/www.hoymercedes.com.ar\/principal\/2018\/10\/07\/se-inauguro-oficialmente-la-expo-rural-2018\/rural2\/#main\" data-orig-file=\"https:\/\/www.hoymercedes.com.ar\/principal\/wp-content\/uploads\/2018\/10\/RURAL2.jpg\" data-orig-size=\"800,600\" data-comments-opened=\"0\" data-image-meta=\"{&quot;aperture&quot;:&quot;0&quot;,&quot;credit&quot;:&quot;&quot;,&quot;camera&quot;:&quot;&quot;,&quot;caption&quot;:&quot;&quot;,&quot;created_timestamp&quot;:&quot;0&quot;,&quot;copyright&quot;:&quot;&quot;,&quot;focal_length&quot;:&quot;0&quot;,&quot;iso&quot;:&quot;0&quot;,&quot;shutter_speed&quot;:&quot;0&quot;,&quot;title&quot;:&quot;&quot;,&quot;orientation&quot;:&quot;0&quot;}\" data-image-title=\"RURAL2\" data-image-description=\"\" data-image-caption=\"\" data-large-file=\"https:\/\/www.hoymercedes.com.ar\/principal\/wp-content\/uploads\/2018\/10\/RURAL2.jpg\" class=\"aligncenter size-medium wp-image-82121\" src=\"https:\/\/www.hoymercedes.com.ar\/principal\/wp-content\/uploads\/2018\/10\/RURAL2-630x473.jpg\" alt=\"\" width=\"630\" height=\"473\" srcset=\"https:\/\/www.hoymercedes.com.ar\/principal\/wp-content\/uploads\/2018\/10\/RURAL2-630x473.jpg 630w, https:\/\/www.hoymercedes.com.ar\/principal\/wp-content\/uploads\/2018\/10\/RURAL2-150x113.jpg 150w, https:\/\/www.hoymercedes.com.ar\/principal\/wp-content\/uploads\/2018\/10\/RURAL2.jpg 800w\" sizes=\"auto, (max-width: 630px) 100vw, 630px\" \/><\/p>\n<p><strong>Misa de campa\u00f1a<\/strong><\/p>\n<p>Como todos los a\u00f1os, los presentes posteriormente se dirigieron a la carpa donde se realiza la Misa de Campa\u00f1a a cargo de Monse\u00f1or Dur\u00e1n. Posteriormente se llevar\u00e1 a cabo el desfile de campeones y entrega de premios.<\/p>\n<p>Durante la tarde habr\u00e1 prueba de riendas a caballo, demostraciones de perros border collie, jineteada y n\u00fameros art\u00edsticos.<\/p>\n","protected":false},"excerpt":{"rendered":"<p>Cerca del mediod\u00eda de este domingo se llev\u00f3 a cabo el tradicional acto inaugural de la Expo Rural 2018. Inici\u00f3, &#8230; <a title=\"Se inaugur\u00f3 oficialmente la Expo Rural 2018\" class=\"read-more\" href=\"https:\/\/www.hoymercedes.com.ar\/principal\/2018\/10\/07\/se-inauguro-oficialmente-la-expo-rural-2018\/\" aria-label=\"Leer m\u00e1s sobre Se inaugur\u00f3 oficialmente la Expo Rural 2018\">Leer m\u00e1s<\/a><\/p>\n","protected":false},"author":1,"featured_media":0,"comment_status":"closed","ping_status":"open","sticky":false,"template":"","format":"standard","meta":{"_monsterinsights_skip_tracking":false,"_monsterinsights_sitenote_active":false,"_monsterinsights_sitenote_note":"","_monsterinsights_sitenote_category":0,"jetpack_post_was_ever_published":false,"_jetpack_newsletter_access":"","_jetpack_dont_email_post_to_subs":false,"_jetpack_newsletter_tier_id":0,"_jetpack_memberships_contains_paywalled_content":false,"_jetpack_memberships_contains_paid_content":false,"footnotes":"","jetpack_publicize_message":"","jetpack_publicize_feature_enabled":true,"jetpack_social_post_already_shared":true,"jetpack_social_options":{"image_generator_settings":{"template":"highway","default_image_id":0,"font":"","enabled":false},"version":2},"_wpas_customize_per_network":false},"categories":[8],"tags":[13834,9248],"class_list":["post-82118","post","type-post","status-publish","format-standard","hentry","category-sociedad","tag-exposicion-rural-de-mercedes","tag-inauguracion","generate-columns","tablet-grid-50","mobile-grid-100","grid-parent","grid-50"],"jetpack_publicize_connections":[],"jetpack_featured_media_url":"","wps_subtitle":"Este mediod\u00eda","jetpack_sharing_enabled":true,"_links":{"self":[{"href":"https:\/\/www.hoymercedes.com.ar\/principal\/wp-json\/wp\/v2\/posts\/82118","targetHints":{"allow":["GET"]}}],"collection":[{"href":"https:\/\/www.hoymercedes.com.ar\/principal\/wp-json\/wp\/v2\/posts"}],"about":[{"href":"https:\/\/www.hoymercedes.com.ar\/principal\/wp-json\/wp\/v2\/types\/post"}],"author":[{"embeddable":true,"href":"https:\/\/www.hoymercedes.com.ar\/principal\/wp-json\/wp\/v2\/users\/1"}],"replies":[{"embeddable":true,"href":"https:\/\/www.hoymercedes.com.ar\/principal\/wp-json\/wp\/v2\/comments?post=82118"}],"version-history":[{"count":0,"href":"https:\/\/www.hoymercedes.com.ar\/principal\/wp-json\/wp\/v2\/posts\/82118\/revisions"}],"wp:attachment":[{"href":"https:\/\/www.hoymercedes.com.ar\/principal\/wp-json\/wp\/v2\/media?parent=82118"}],"wp:term":[{"taxonomy":"category","embeddable":true,"href":"https:\/\/www.hoymercedes.com.ar\/principal\/wp-json\/wp\/v2\/categories?post=82118"},{"taxonomy":"post_tag","embeddable":true,"href":"https:\/\/www.hoymercedes.com.ar\/principal\/wp-json\/wp\/v2\/tags?post=82118"}],"curies":[{"name":"wp","href":"https:\/\/api.w.org\/{rel}","templated":true}]}}