{"id":82129,"date":"2018-10-07T18:32:09","date_gmt":"2018-10-07T21:32:09","guid":{"rendered":"http:\/\/www.hoymercedes.com.ar\/principal\/?p=82129"},"modified":"2018-10-07T17:14:31","modified_gmt":"2018-10-07T20:14:31","slug":"municipio-firma-nuevo-convenio-con-facultad-de-veterinaria-de-uba","status":"publish","type":"post","link":"https:\/\/www.hoymercedes.com.ar\/principal\/2018\/10\/07\/municipio-firma-nuevo-convenio-con-facultad-de-veterinaria-de-uba\/","title":{"rendered":"Municipio firma nuevo convenio con Facultad de Veterinaria de UBA"},"content":{"rendered":"<p>El d\u00eda viernes, el Jefe Comunal Juan Ignacio Ustarroz se reuni\u00f3 con el Decano de la Facultad de Ciencias Veterinarias de la UBA, el mercedino m\u00e9dico veterinario Alejo Perez Carrera, con quien firmaron un acuerdo rec\u00edproco para fomentar y fortalecer la investigaci\u00f3n cient\u00edfica.<\/p>\n<p><img loading=\"lazy\" decoding=\"async\" data-attachment-id=\"82130\" data-permalink=\"https:\/\/www.hoymercedes.com.ar\/principal\/2018\/10\/07\/municipio-firma-nuevo-convenio-con-facultad-de-veterinaria-de-uba\/07-convenio-uba-4\/#main\" data-orig-file=\"https:\/\/www.hoymercedes.com.ar\/principal\/wp-content\/uploads\/2018\/10\/07-convenio-uba-4.jpg\" data-orig-size=\"750,501\" data-comments-opened=\"0\" data-image-meta=\"{&quot;aperture&quot;:&quot;0&quot;,&quot;credit&quot;:&quot;&quot;,&quot;camera&quot;:&quot;&quot;,&quot;caption&quot;:&quot;&quot;,&quot;created_timestamp&quot;:&quot;0&quot;,&quot;copyright&quot;:&quot;&quot;,&quot;focal_length&quot;:&quot;0&quot;,&quot;iso&quot;:&quot;0&quot;,&quot;shutter_speed&quot;:&quot;0&quot;,&quot;title&quot;:&quot;&quot;,&quot;orientation&quot;:&quot;0&quot;}\" data-image-title=\"07 convenio-uba-4\" data-image-description=\"\" data-image-caption=\"\" data-large-file=\"https:\/\/www.hoymercedes.com.ar\/principal\/wp-content\/uploads\/2018\/10\/07-convenio-uba-4.jpg\" class=\"aligncenter size-medium wp-image-82130\" src=\"https:\/\/www.hoymercedes.com.ar\/principal\/wp-content\/uploads\/2018\/10\/07-convenio-uba-4-630x421.jpg\" alt=\"\" width=\"630\" height=\"421\" srcset=\"https:\/\/www.hoymercedes.com.ar\/principal\/wp-content\/uploads\/2018\/10\/07-convenio-uba-4-630x421.jpg 630w, https:\/\/www.hoymercedes.com.ar\/principal\/wp-content\/uploads\/2018\/10\/07-convenio-uba-4-150x100.jpg 150w, https:\/\/www.hoymercedes.com.ar\/principal\/wp-content\/uploads\/2018\/10\/07-convenio-uba-4.jpg 750w\" sizes=\"auto, (max-width: 630px) 100vw, 630px\" \/><\/p>\n<p>\u201cCuando Alejo P\u00e9rez Carrera asumi\u00f3, hace poco tiempo, hablamos sobre qu\u00e9 se puede hacer en la ciudad, en qu\u00e9 la Universidad pod\u00eda colaborar. De manera r\u00e1pida puso a disposici\u00f3n de toda la ciudadan\u00eda de Mercedes, el conocimiento y el trabajo de la Universidad de Bueno Aires\u201d, explic\u00f3 Ustarroz.<\/p>\n<p>Por su parte, P\u00e9rez Carrera, cont\u00f3 que tienen \u00abdos objetivos desde la universidad, crear l\u00edneas de investigaci\u00f3n \u00fatil -a m\u00ed me gusta llamarlas as\u00ed- que generen datos e informaci\u00f3n que permita resolver problem\u00e1ticas que tiene la sociedad. Y por otro, la extensi\u00f3n universitaria, creo que una universidad p\u00fablica como la UBA, tiene la obligaci\u00f3n y el deber de dialogar con la sociedad, entender sus problem\u00e1ticas y aportar su conocimiento y profesionales para atender esos requerimientos\u201d.<\/p>\n<p>\u201cEn el caso de Mercedes nos sumamos a colaborar en lo que necesiten, en este caso, a trav\u00e9s de la Secretar\u00eda de Extensi\u00f3n en la tem\u00e1tica de tenencia responsable de mascotas (la responsabilidad que conlleva tener una mascota, sanidad, riesgos de enfermedades, etc) un enfoque que tiene que ver con el due\u00f1o de la mascota vinculado con su responsabilidad hacia el animal. Adem\u00e1s de la parte sanitaria, que tiene que ver con castraci\u00f3n y vacunaci\u00f3n\u201d, agreg\u00f3 el Decano.<\/p>\n<p>Un dato a tener en cuenta es que alrededor de un 70 por ciento de las enfermedades son zoonosis, es decir, son enfermedades que se transmiten de los animales al hombre. La idea de este convenio es abordar esa problem\u00e1tica de la salud de una manera interdisciplinaria, entendiendo que la salud es una. \u201cParte de ese trabajo es el aporte que tiene y debe tener nuestra facultad hacia la sociedad\u201d remarc\u00f3 P\u00e9rez Carrera.<\/p>\n<p>El secretario de salud Pablo Cassiani tambi\u00e9n agradeci\u00f3 esta nueva incorporaci\u00f3n al mecanismo de trabajo a nivel salud que existe en Mercedes y aclar\u00f3 \u201ceste convenio que hoy se pone en papel, ya est\u00e1 en marcha, las castraciones en quir\u00f3fanos m\u00f3viles son parte de esto, las cuales se suman a nuestro plan de castraciones barriales. Sumado, adem\u00e1s, a esta idea de una tenencia responsable de las mascotas\u201d.<\/p>\n","protected":false},"excerpt":{"rendered":"<p>El d\u00eda viernes, el Jefe Comunal Juan Ignacio Ustarroz se reuni\u00f3 con el Decano de la Facultad de Ciencias Veterinarias &#8230; <a title=\"Municipio firma nuevo convenio con Facultad de Veterinaria de UBA\" class=\"read-more\" href=\"https:\/\/www.hoymercedes.com.ar\/principal\/2018\/10\/07\/municipio-firma-nuevo-convenio-con-facultad-de-veterinaria-de-uba\/\" aria-label=\"Leer m\u00e1s sobre Municipio firma nuevo convenio con Facultad de Veterinaria de UBA\">Leer m\u00e1s<\/a><\/p>\n","protected":false},"author":1,"featured_media":82130,"comment_status":"closed","ping_status":"open","sticky":false,"template":"","format":"standard","meta":{"_monsterinsights_skip_tracking":false,"_monsterinsights_sitenote_active":false,"_monsterinsights_sitenote_note":"","_monsterinsights_sitenote_category":0,"jetpack_post_was_ever_published":false,"_jetpack_newsletter_access":"","_jetpack_dont_email_post_to_subs":false,"_jetpack_newsletter_tier_id":0,"_jetpack_memberships_contains_paywalled_content":false,"_jetpack_memberships_contains_paid_content":false,"footnotes":"","jetpack_publicize_message":"","jetpack_publicize_feature_enabled":true,"jetpack_social_post_already_shared":true,"jetpack_social_options":{"image_generator_settings":{"template":"highway","default_image_id":0,"font":"","enabled":false},"version":2},"_wpas_customize_per_network":false},"categories":[30],"tags":[12116,244,1206],"class_list":["post-82129","post","type-post","status-publish","format-standard","has-post-thumbnail","hentry","category-municipio","tag-facultad-de-veterinaria","tag-municipio-2","tag-uba","generate-columns","tablet-grid-50","mobile-grid-100","grid-parent","grid-50"],"jetpack_publicize_connections":[],"jetpack_featured_media_url":"https:\/\/www.hoymercedes.com.ar\/principal\/wp-content\/uploads\/2018\/10\/07-convenio-uba-4.jpg","wps_subtitle":"Para trabajar en zoonosis","jetpack_sharing_enabled":true,"_links":{"self":[{"href":"https:\/\/www.hoymercedes.com.ar\/principal\/wp-json\/wp\/v2\/posts\/82129","targetHints":{"allow":["GET"]}}],"collection":[{"href":"https:\/\/www.hoymercedes.com.ar\/principal\/wp-json\/wp\/v2\/posts"}],"about":[{"href":"https:\/\/www.hoymercedes.com.ar\/principal\/wp-json\/wp\/v2\/types\/post"}],"author":[{"embeddable":true,"href":"https:\/\/www.hoymercedes.com.ar\/principal\/wp-json\/wp\/v2\/users\/1"}],"replies":[{"embeddable":true,"href":"https:\/\/www.hoymercedes.com.ar\/principal\/wp-json\/wp\/v2\/comments?post=82129"}],"version-history":[{"count":0,"href":"https:\/\/www.hoymercedes.com.ar\/principal\/wp-json\/wp\/v2\/posts\/82129\/revisions"}],"wp:featuredmedia":[{"embeddable":true,"href":"https:\/\/www.hoymercedes.com.ar\/principal\/wp-json\/wp\/v2\/media\/82130"}],"wp:attachment":[{"href":"https:\/\/www.hoymercedes.com.ar\/principal\/wp-json\/wp\/v2\/media?parent=82129"}],"wp:term":[{"taxonomy":"category","embeddable":true,"href":"https:\/\/www.hoymercedes.com.ar\/principal\/wp-json\/wp\/v2\/categories?post=82129"},{"taxonomy":"post_tag","embeddable":true,"href":"https:\/\/www.hoymercedes.com.ar\/principal\/wp-json\/wp\/v2\/tags?post=82129"}],"curies":[{"name":"wp","href":"https:\/\/api.w.org\/{rel}","templated":true}]}}