{"id":8213,"date":"2011-10-13T01:30:50","date_gmt":"2011-10-13T01:30:50","guid":{"rendered":"http:\/\/www.hoymercedes.com.ar\/principal\/?p=8213"},"modified":"2011-10-13T01:30:50","modified_gmt":"2011-10-13T01:30:50","slug":"el-programa-participar-para-cambiar-sigue-en-marcha","status":"publish","type":"post","link":"https:\/\/www.hoymercedes.com.ar\/principal\/2011\/10\/13\/el-programa-participar-para-cambiar-sigue-en-marcha\/","title":{"rendered":"El Programa Participar para Cambiar sigue en marcha"},"content":{"rendered":"<p><a href=\"https:\/\/www.hoymercedes.com.ar\/principal\/wp-content\/uploads\/2011\/10\/ProgramaParticiparparaCambiar.jpg\"><img loading=\"lazy\" decoding=\"async\" data-attachment-id=\"8215\" data-permalink=\"https:\/\/www.hoymercedes.com.ar\/principal\/2011\/10\/13\/el-programa-participar-para-cambiar-sigue-en-marcha\/olympus-digital-camera-6\/#main\" data-orig-file=\"https:\/\/www.hoymercedes.com.ar\/principal\/wp-content\/uploads\/2011\/10\/ProgramaParticiparparaCambiar.jpg\" data-orig-size=\"612,459\" data-comments-opened=\"1\" data-image-meta=\"{&quot;aperture&quot;:&quot;2.6&quot;,&quot;credit&quot;:&quot;&quot;,&quot;camera&quot;:&quot;FE4000,X920,X925&quot;,&quot;caption&quot;:&quot;&quot;,&quot;created_timestamp&quot;:&quot;1316779095&quot;,&quot;copyright&quot;:&quot;&quot;,&quot;focal_length&quot;:&quot;4.65&quot;,&quot;iso&quot;:&quot;125&quot;,&quot;shutter_speed&quot;:&quot;0.04&quot;,&quot;title&quot;:&quot;OLYMPUS DIGITAL CAMERA&quot;}\" data-image-title=\"Programa Participar para Cambiar\" data-image-description=\"\" data-image-caption=\"\" data-large-file=\"https:\/\/www.hoymercedes.com.ar\/principal\/wp-content\/uploads\/2011\/10\/ProgramaParticiparparaCambiar.jpg\" class=\"aligncenter size-full wp-image-8215\" title=\"Programa Participar para Cambiar\" src=\"https:\/\/www.hoymercedes.com.ar\/principal\/wp-content\/uploads\/2011\/10\/ProgramaParticiparparaCambiar.jpg\" alt=\"\" width=\"612\" height=\"459\" \/><\/a><\/p>\n<p>Debemos recordar que el Programa comienza su actividad luego de la muerte de Dar\u00edo Duarte en el mes de Abril del a\u00f1o 2010 por iniciativa de la Concejal D\u00e9bora Lacasa y el entonces secretario de Control Urbano, Dr. Ariel Fusco. Muchas instituciones fueron convocadas a participar y a desarrollar actividades conjuntas. Hoy son tres los ejes de trabajo, la Productora de Eventos de los chicos, la Red Padres y los Talleres en los colegios.<\/p>\n<p>Sobre esta \u00faltima actividad consultamos a la Lic. Caludia Fraile Directora del Centro de Prevenci\u00f3n de las Adicciones que nos comentaba \u201cLos talleres pertenecen al programa general de Participar para Cambiar y son el proyecto \u00abVeni a Expresarte\u00bb. Los venimos desarrollando en los \u00faltimos a\u00f1os de las escuelas secundarias. El equipo de trabajo esta formado por Las Lic. Silvia Just y Patricia Demaio del Centro de Referencia al que se suman los artistas pl\u00e1sticos como Cesar Lalla y Eugenia Scioli.\u201d<\/p>\n<p>Consultada sobre las \u00faltimas actividades la Lic Just nos explicaba que en el mes de septiembre se realizaron dos encuentros. Uno el 23 de septiembre en la escuela Secundaria de Altamira con los j\u00f3venes de 4\u00ba y 5 a\u00f1o y otro el viernes 30 en la escuela San Jose Obrero. \u201cqueremos agradecer la apertura y disposici\u00f3n de la actual Directora la Sra Adriana Pagliaro de Altamira que nos permiti\u00f3 desarrollar las actividades en las instalaciones de dicho establecimiento y por supuesto tambi\u00e9n a Alejandra Marquez directora del otro establecimientos que visitamos\u201d<\/p>\n<p>El trabajo que realizan los j\u00f3venes es a partir de los estandartes de los artistas Mercedinos que acompa\u00f1aron las marchas por Dar\u00edo Duarte. Cesar Lalla les cuenta a los alumnos qu\u00e9 simbolizaban cada uno de los estandartes, cu\u00e1les son las t\u00e9cnicas empleadas y los modos de expresi\u00f3n de distintas tem\u00e1ticas como, la violencia, la indiferencia social, el duelo, la tolerancia social, la justicia etc. Adem\u00e1s les cuenta como trabajaron en cada uno de ellos para que fuera una producci\u00f3n colectiva.<\/p>\n<p>A partir de all\u00ed, en un segundo momento las Licenciadas les facilitan a los estudiantes la lectura de un cuento Los Tres astronautas de Umberto Eco proponente el trabajo en peque\u00f1os grupos reflexionando y debatiendo para luego hacer una puesta en com\u00fan.<\/p>\n<p>\u201cLos temas que se abordaron fueron la discriminaci\u00f3n, la violencia en los j\u00f3venes, los prejuicios, las representaciones sociales, las adicciones y su asociaci\u00f3n con situaciones de la vida cotidiana, teniendo como eje trasversal los Derechos Humanos y la resoluci\u00f3n de los conflictos de formas alternativas a la violencia, apuntando a promover la participaci\u00f3n y capacidad de los j\u00f3venes de transformar la realidad, su realidad.\u201d Expresaba Patricia Demaio tercer integrante del grupo profesional a cargo de los talleres<\/p>\n<p>Por ultimo los j\u00f3venes realizaron una producci\u00f3n art\u00edstica donde plasmaron su mensaje y se expresaron tomando el arte como herramienta realizando sus propios estandartes.<\/p>\n<p>\u201cLa idea es a fin de a\u00f1o hace una muestra con las producciones realizadas por los j\u00f3venes en todos los colegios para que puedan compartir sus experiencias y sus trabajos\u201d cerraba la nota la lic. Claudia Fraile.<\/p>\n","protected":false},"excerpt":{"rendered":"<p>Debemos recordar que el Programa comienza su actividad luego de la muerte de Dar\u00edo Duarte en el mes de Abril &#8230; <a title=\"El Programa Participar para Cambiar sigue en marcha\" class=\"read-more\" href=\"https:\/\/www.hoymercedes.com.ar\/principal\/2011\/10\/13\/el-programa-participar-para-cambiar-sigue-en-marcha\/\" aria-label=\"Leer m\u00e1s sobre El Programa Participar para Cambiar sigue en marcha\">Leer m\u00e1s<\/a><\/p>\n","protected":false},"author":1,"featured_media":0,"comment_status":"open","ping_status":"open","sticky":false,"template":"","format":"standard","meta":{"_monsterinsights_skip_tracking":false,"_monsterinsights_sitenote_active":false,"_monsterinsights_sitenote_note":"","_monsterinsights_sitenote_category":0,"jetpack_post_was_ever_published":false,"_jetpack_newsletter_access":"","_jetpack_dont_email_post_to_subs":false,"_jetpack_newsletter_tier_id":0,"_jetpack_memberships_contains_paywalled_content":false,"_jetpack_memberships_contains_paid_content":false,"footnotes":"","jetpack_publicize_message":"","jetpack_publicize_feature_enabled":true,"jetpack_social_post_already_shared":false,"jetpack_social_options":{"image_generator_settings":{"template":"highway","default_image_id":0,"font":"","enabled":false},"version":2},"_wpas_customize_per_network":false},"categories":[8],"tags":[1459],"class_list":["post-8213","post","type-post","status-publish","format-standard","hentry","category-sociedad","tag-programa-participar-para-cambiar","generate-columns","tablet-grid-50","mobile-grid-100","grid-parent","grid-50"],"jetpack_publicize_connections":[],"jetpack_featured_media_url":"","wps_subtitle":"","jetpack_sharing_enabled":true,"_links":{"self":[{"href":"https:\/\/www.hoymercedes.com.ar\/principal\/wp-json\/wp\/v2\/posts\/8213","targetHints":{"allow":["GET"]}}],"collection":[{"href":"https:\/\/www.hoymercedes.com.ar\/principal\/wp-json\/wp\/v2\/posts"}],"about":[{"href":"https:\/\/www.hoymercedes.com.ar\/principal\/wp-json\/wp\/v2\/types\/post"}],"author":[{"embeddable":true,"href":"https:\/\/www.hoymercedes.com.ar\/principal\/wp-json\/wp\/v2\/users\/1"}],"replies":[{"embeddable":true,"href":"https:\/\/www.hoymercedes.com.ar\/principal\/wp-json\/wp\/v2\/comments?post=8213"}],"version-history":[{"count":0,"href":"https:\/\/www.hoymercedes.com.ar\/principal\/wp-json\/wp\/v2\/posts\/8213\/revisions"}],"wp:attachment":[{"href":"https:\/\/www.hoymercedes.com.ar\/principal\/wp-json\/wp\/v2\/media?parent=8213"}],"wp:term":[{"taxonomy":"category","embeddable":true,"href":"https:\/\/www.hoymercedes.com.ar\/principal\/wp-json\/wp\/v2\/categories?post=8213"},{"taxonomy":"post_tag","embeddable":true,"href":"https:\/\/www.hoymercedes.com.ar\/principal\/wp-json\/wp\/v2\/tags?post=8213"}],"curies":[{"name":"wp","href":"https:\/\/api.w.org\/{rel}","templated":true}]}}