{"id":82132,"date":"2018-10-07T17:13:35","date_gmt":"2018-10-07T20:13:35","guid":{"rendered":"http:\/\/www.hoymercedes.com.ar\/principal\/?p=82132"},"modified":"2018-10-07T17:13:35","modified_gmt":"2018-10-07T20:13:35","slug":"en-mercedes-timbreo-el-ministro-de-agroindustria-leonardo-sarquis","status":"publish","type":"post","link":"https:\/\/www.hoymercedes.com.ar\/principal\/2018\/10\/07\/en-mercedes-timbreo-el-ministro-de-agroindustria-leonardo-sarquis\/","title":{"rendered":"En Mercedes timbre\u00f3 el Ministro de Agroindustria, Leonardo Sarquis"},"content":{"rendered":"<p>En la ma\u00f1ana del s\u00e1bado, los militantes del Frente Cambiemos realizaron un nuevo timbreo, al igual que en toda la provincia. junto al Ministro Provincial de Agroindustria, Leonardo Sarquis, que se hizo presente en el marco de ese timbreo provincial, recorrieron los\u00a0barrios Pe\u00f1aloza y San Jos\u00e9.<\/p>\n<p><img loading=\"lazy\" decoding=\"async\" data-attachment-id=\"82133\" data-permalink=\"https:\/\/www.hoymercedes.com.ar\/principal\/2018\/10\/07\/en-mercedes-timbreo-el-ministro-de-agroindustria-leonardo-sarquis\/07-cambiemos-1\/#main\" data-orig-file=\"https:\/\/www.hoymercedes.com.ar\/principal\/wp-content\/uploads\/2018\/10\/07-cambiemos-1.jpg\" data-orig-size=\"750,500\" data-comments-opened=\"0\" data-image-meta=\"{&quot;aperture&quot;:&quot;0&quot;,&quot;credit&quot;:&quot;&quot;,&quot;camera&quot;:&quot;&quot;,&quot;caption&quot;:&quot;&quot;,&quot;created_timestamp&quot;:&quot;0&quot;,&quot;copyright&quot;:&quot;&quot;,&quot;focal_length&quot;:&quot;0&quot;,&quot;iso&quot;:&quot;0&quot;,&quot;shutter_speed&quot;:&quot;0&quot;,&quot;title&quot;:&quot;&quot;,&quot;orientation&quot;:&quot;0&quot;}\" data-image-title=\"07 cambiemos 1\" data-image-description=\"\" data-image-caption=\"\" data-large-file=\"https:\/\/www.hoymercedes.com.ar\/principal\/wp-content\/uploads\/2018\/10\/07-cambiemos-1.jpg\" class=\"aligncenter size-medium wp-image-82133\" src=\"https:\/\/www.hoymercedes.com.ar\/principal\/wp-content\/uploads\/2018\/10\/07-cambiemos-1-630x420.jpg\" alt=\"\" width=\"630\" height=\"420\" srcset=\"https:\/\/www.hoymercedes.com.ar\/principal\/wp-content\/uploads\/2018\/10\/07-cambiemos-1-630x420.jpg 630w, https:\/\/www.hoymercedes.com.ar\/principal\/wp-content\/uploads\/2018\/10\/07-cambiemos-1-150x100.jpg 150w, https:\/\/www.hoymercedes.com.ar\/principal\/wp-content\/uploads\/2018\/10\/07-cambiemos-1.jpg 750w\" sizes=\"auto, (max-width: 630px) 100vw, 630px\" \/><\/p>\n<p>Concejales de Mercedes, funcionarios provinciales y funcionarios de organismos nacionales, acompa\u00f1aron al ministro en su recorrida, en el di\u00e1logo con los vecinos y recibiendo cr\u00edticas, muchas, y algunos halagos.\u00a0Luego del timbreo, el Ministro acompa\u00f1ado de referente de Cambiemos recorri\u00f3 las instalaciones de la Sociedad Rural de Mercedes.<\/p>\n<p><img loading=\"lazy\" decoding=\"async\" data-attachment-id=\"82134\" data-permalink=\"https:\/\/www.hoymercedes.com.ar\/principal\/2018\/10\/07\/en-mercedes-timbreo-el-ministro-de-agroindustria-leonardo-sarquis\/07-cambiemos-2\/#main\" data-orig-file=\"https:\/\/www.hoymercedes.com.ar\/principal\/wp-content\/uploads\/2018\/10\/07-cambiemos-2.jpg\" data-orig-size=\"750,499\" data-comments-opened=\"0\" data-image-meta=\"{&quot;aperture&quot;:&quot;0&quot;,&quot;credit&quot;:&quot;&quot;,&quot;camera&quot;:&quot;&quot;,&quot;caption&quot;:&quot;&quot;,&quot;created_timestamp&quot;:&quot;0&quot;,&quot;copyright&quot;:&quot;&quot;,&quot;focal_length&quot;:&quot;0&quot;,&quot;iso&quot;:&quot;0&quot;,&quot;shutter_speed&quot;:&quot;0&quot;,&quot;title&quot;:&quot;&quot;,&quot;orientation&quot;:&quot;0&quot;}\" data-image-title=\"07 cambiemos 2\" data-image-description=\"\" data-image-caption=\"\" data-large-file=\"https:\/\/www.hoymercedes.com.ar\/principal\/wp-content\/uploads\/2018\/10\/07-cambiemos-2.jpg\" class=\"aligncenter size-medium wp-image-82134\" src=\"https:\/\/www.hoymercedes.com.ar\/principal\/wp-content\/uploads\/2018\/10\/07-cambiemos-2-630x419.jpg\" alt=\"\" width=\"630\" height=\"419\" srcset=\"https:\/\/www.hoymercedes.com.ar\/principal\/wp-content\/uploads\/2018\/10\/07-cambiemos-2-630x419.jpg 630w, https:\/\/www.hoymercedes.com.ar\/principal\/wp-content\/uploads\/2018\/10\/07-cambiemos-2-150x100.jpg 150w, https:\/\/www.hoymercedes.com.ar\/principal\/wp-content\/uploads\/2018\/10\/07-cambiemos-2.jpg 750w\" sizes=\"auto, (max-width: 630px) 100vw, 630px\" \/><\/p>\n<p>&nbsp;<\/p>\n<p>&nbsp;<\/p>\n","protected":false},"excerpt":{"rendered":"<p>En la ma\u00f1ana del s\u00e1bado, los militantes del Frente Cambiemos realizaron un nuevo timbreo, al igual que en toda la &#8230; <a title=\"En Mercedes timbre\u00f3 el Ministro de Agroindustria, Leonardo Sarquis\" class=\"read-more\" href=\"https:\/\/www.hoymercedes.com.ar\/principal\/2018\/10\/07\/en-mercedes-timbreo-el-ministro-de-agroindustria-leonardo-sarquis\/\" aria-label=\"Leer m\u00e1s sobre En Mercedes timbre\u00f3 el Ministro de Agroindustria, Leonardo Sarquis\">Leer m\u00e1s<\/a><\/p>\n","protected":false},"author":1,"featured_media":82135,"comment_status":"closed","ping_status":"open","sticky":false,"template":"","format":"standard","meta":{"_monsterinsights_skip_tracking":false,"_monsterinsights_sitenote_active":false,"_monsterinsights_sitenote_note":"","_monsterinsights_sitenote_category":0,"jetpack_post_was_ever_published":false,"_jetpack_newsletter_access":"","_jetpack_dont_email_post_to_subs":false,"_jetpack_newsletter_tier_id":0,"_jetpack_memberships_contains_paywalled_content":false,"_jetpack_memberships_contains_paid_content":false,"footnotes":"","jetpack_publicize_message":"","jetpack_publicize_feature_enabled":true,"jetpack_social_post_already_shared":true,"jetpack_social_options":{"image_generator_settings":{"template":"highway","default_image_id":0,"font":"","enabled":false},"version":2},"_wpas_customize_per_network":false},"categories":[5],"tags":[7492,10,5319,13835],"class_list":["post-82132","post","type-post","status-publish","format-standard","has-post-thumbnail","hentry","category-politica","tag-frente-cambiemos","tag-mercedes","tag-politica-2","tag-timbreo-provincial","generate-columns","tablet-grid-50","mobile-grid-100","grid-parent","grid-50"],"jetpack_publicize_connections":[],"jetpack_featured_media_url":"https:\/\/www.hoymercedes.com.ar\/principal\/wp-content\/uploads\/2018\/10\/07-cambiemos-3.jpg","wps_subtitle":"Junto a militantes de Cambiemos","jetpack_sharing_enabled":true,"_links":{"self":[{"href":"https:\/\/www.hoymercedes.com.ar\/principal\/wp-json\/wp\/v2\/posts\/82132","targetHints":{"allow":["GET"]}}],"collection":[{"href":"https:\/\/www.hoymercedes.com.ar\/principal\/wp-json\/wp\/v2\/posts"}],"about":[{"href":"https:\/\/www.hoymercedes.com.ar\/principal\/wp-json\/wp\/v2\/types\/post"}],"author":[{"embeddable":true,"href":"https:\/\/www.hoymercedes.com.ar\/principal\/wp-json\/wp\/v2\/users\/1"}],"replies":[{"embeddable":true,"href":"https:\/\/www.hoymercedes.com.ar\/principal\/wp-json\/wp\/v2\/comments?post=82132"}],"version-history":[{"count":0,"href":"https:\/\/www.hoymercedes.com.ar\/principal\/wp-json\/wp\/v2\/posts\/82132\/revisions"}],"wp:featuredmedia":[{"embeddable":true,"href":"https:\/\/www.hoymercedes.com.ar\/principal\/wp-json\/wp\/v2\/media\/82135"}],"wp:attachment":[{"href":"https:\/\/www.hoymercedes.com.ar\/principal\/wp-json\/wp\/v2\/media?parent=82132"}],"wp:term":[{"taxonomy":"category","embeddable":true,"href":"https:\/\/www.hoymercedes.com.ar\/principal\/wp-json\/wp\/v2\/categories?post=82132"},{"taxonomy":"post_tag","embeddable":true,"href":"https:\/\/www.hoymercedes.com.ar\/principal\/wp-json\/wp\/v2\/tags?post=82132"}],"curies":[{"name":"wp","href":"https:\/\/api.w.org\/{rel}","templated":true}]}}