{"id":82185,"date":"2018-10-09T11:40:27","date_gmt":"2018-10-09T14:40:27","guid":{"rendered":"http:\/\/www.hoymercedes.com.ar\/principal\/?p=82185"},"modified":"2018-10-08T21:29:22","modified_gmt":"2018-10-09T00:29:22","slug":"thiago-pernas-campeon-nacional-en-neuquen","status":"publish","type":"post","link":"https:\/\/www.hoymercedes.com.ar\/principal\/2018\/10\/09\/thiago-pernas-campeon-nacional-en-neuquen\/","title":{"rendered":"Thiago Pernas, campe\u00f3n nacional en Neuqu\u00e9n"},"content":{"rendered":"<div>Desde el martes 2 hasta el s\u00e1bado 6, se jug\u00f3 en la provincia de Neuquen el \u00faltimo y m\u00e1s importante torneo del a\u00f1o de menores de la Argentina, hasta comienzos de este a\u00f1o denominado Grado 1.<\/div>\n<div><\/div>\n<div><img loading=\"lazy\" decoding=\"async\" data-attachment-id=\"82186\" data-permalink=\"https:\/\/www.hoymercedes.com.ar\/principal\/2018\/10\/09\/thiago-pernas-campeon-nacional-en-neuquen\/img-20181006-wa0012\/#main\" data-orig-file=\"https:\/\/www.hoymercedes.com.ar\/principal\/wp-content\/uploads\/2018\/10\/IMG-20181006-WA0012.jpg\" data-orig-size=\"960,1280\" data-comments-opened=\"0\" data-image-meta=\"{&quot;aperture&quot;:&quot;0&quot;,&quot;credit&quot;:&quot;&quot;,&quot;camera&quot;:&quot;&quot;,&quot;caption&quot;:&quot;&quot;,&quot;created_timestamp&quot;:&quot;0&quot;,&quot;copyright&quot;:&quot;&quot;,&quot;focal_length&quot;:&quot;0&quot;,&quot;iso&quot;:&quot;0&quot;,&quot;shutter_speed&quot;:&quot;0&quot;,&quot;title&quot;:&quot;&quot;,&quot;orientation&quot;:&quot;0&quot;}\" data-image-title=\"IMG-20181006-WA0012\" data-image-description=\"\" data-image-caption=\"\" data-large-file=\"https:\/\/www.hoymercedes.com.ar\/principal\/wp-content\/uploads\/2018\/10\/IMG-20181006-WA0012-768x1024.jpg\" class=\"aligncenter size-medium wp-image-82186\" src=\"https:\/\/www.hoymercedes.com.ar\/principal\/wp-content\/uploads\/2018\/10\/IMG-20181006-WA0012-465x620.jpg\" alt=\"\" width=\"465\" height=\"620\" srcset=\"https:\/\/www.hoymercedes.com.ar\/principal\/wp-content\/uploads\/2018\/10\/IMG-20181006-WA0012-465x620.jpg 465w, https:\/\/www.hoymercedes.com.ar\/principal\/wp-content\/uploads\/2018\/10\/IMG-20181006-WA0012-113x150.jpg 113w, https:\/\/www.hoymercedes.com.ar\/principal\/wp-content\/uploads\/2018\/10\/IMG-20181006-WA0012-768x1024.jpg 768w, https:\/\/www.hoymercedes.com.ar\/principal\/wp-content\/uploads\/2018\/10\/IMG-20181006-WA0012.jpg 960w\" sizes=\"auto, (max-width: 465px) 100vw, 465px\" \/><\/div>\n<div><\/div>\n<div>Dicho torneo estuvo regado por los mejores jugadores de nuestro pa\u00eds, quienes persegu\u00edan poder llevarse, (como dicen los tenistas, el 1).<\/div>\n<div><\/div>\n<div>Nuestro representante volvi\u00f3 con todo, luego de luchar este a\u00f1o contra diversas lesiones y situaciones que no le permit\u00eda plasmar en cancha todo lo que nos tiene acostumbrados.<\/div>\n<div><\/div>\n<div>Debemos reconocer que la suerte le fue esquiva en otra parte del a\u00f1o, ya que Thiago logr\u00f3 llegar a diversas finales dentro del profesionalismo, la \u00faltima fue la semana anterior en el club N\u00e1utico Hacoaj de la ciudad de Tigre, perdiendo con uno de los profesionales m\u00e1s destacados de nuestro pa\u00eds.<\/div>\n<div><\/div>\n<div>Recuperado y afianzado, con much\u00edsimas horas de trabajo diarias, se trajo este triunfo importante y esta alegr\u00eda para seguir sumando experiencia y a la espera de lo que vendr\u00e1.<\/div>\n<div><\/div>\n<div>Este es el resumen del torneo.<\/div>\n<div>Primera ronda a Augusto Carugatti 6 2 y 6 0<\/div>\n<div>Octavos a Juan Gil Rodr\u00edguez 6 2 y 6 2<\/div>\n<div>Cuartos a Lucas Cotler 6 2 y 7 6<\/div>\n<div>Semis a Agust\u00edn Tupalle (n\u00famero 4 del pa\u00eds) 6 2 y 6 2<\/div>\n<div>Final a Ezequiel Simonit 6 1 y 6 0.<\/div>\n<div><\/div>\n<div>No cedi\u00f3 ning\u00fan set en todo el torneo.<\/div>\n<div><\/div>\n<div>Thiago agradece a su medico Dr Fernando Cruz Cooke, a su Psicol\u00f3go deport\u00f3logo Dr Jorge Rocco, a sus entrenadores, preparador f\u00edsico, familia, amigos y a Pablo Massa a Juan Martin Silvestre, a toda la Secretar\u00eda de Deportes de la ciudad, quienes propician los viajes y todo lo que siempre esta a su alcance para que Thiago pueda seguir compitiendo y al intendente Dr Juan Ignacio Ustarroz.<\/div>\n","protected":false},"excerpt":{"rendered":"<p>Desde el martes 2 hasta el s\u00e1bado 6, se jug\u00f3 en la provincia de Neuquen el \u00faltimo y m\u00e1s importante &#8230; <a title=\"Thiago Pernas, campe\u00f3n nacional en Neuqu\u00e9n\" class=\"read-more\" href=\"https:\/\/www.hoymercedes.com.ar\/principal\/2018\/10\/09\/thiago-pernas-campeon-nacional-en-neuquen\/\" aria-label=\"Leer m\u00e1s sobre Thiago Pernas, campe\u00f3n nacional en Neuqu\u00e9n\">Leer m\u00e1s<\/a><\/p>\n","protected":false},"author":1,"featured_media":82186,"comment_status":"closed","ping_status":"open","sticky":false,"template":"","format":"standard","meta":{"_monsterinsights_skip_tracking":false,"_monsterinsights_sitenote_active":false,"_monsterinsights_sitenote_note":"","_monsterinsights_sitenote_category":0,"jetpack_post_was_ever_published":false,"_jetpack_newsletter_access":"","_jetpack_dont_email_post_to_subs":false,"_jetpack_newsletter_tier_id":0,"_jetpack_memberships_contains_paywalled_content":false,"_jetpack_memberships_contains_paid_content":false,"footnotes":"","jetpack_publicize_message":"","jetpack_publicize_feature_enabled":true,"jetpack_social_post_already_shared":true,"jetpack_social_options":{"image_generator_settings":{"template":"highway","default_image_id":0,"font":"","enabled":false},"version":2},"_wpas_customize_per_network":false},"categories":[21],"tags":[204,6924,6430,11519],"class_list":["post-82185","post","type-post","status-publish","format-standard","has-post-thumbnail","hentry","category-deportes","tag-deportes-2","tag-tenis","tag-thiago-pernas","tag-torneo-nacional","generate-columns","tablet-grid-50","mobile-grid-100","grid-parent","grid-50"],"jetpack_publicize_connections":[],"jetpack_featured_media_url":"https:\/\/www.hoymercedes.com.ar\/principal\/wp-content\/uploads\/2018\/10\/IMG-20181006-WA0012.jpg","wps_subtitle":"Tenis","jetpack_sharing_enabled":true,"_links":{"self":[{"href":"https:\/\/www.hoymercedes.com.ar\/principal\/wp-json\/wp\/v2\/posts\/82185","targetHints":{"allow":["GET"]}}],"collection":[{"href":"https:\/\/www.hoymercedes.com.ar\/principal\/wp-json\/wp\/v2\/posts"}],"about":[{"href":"https:\/\/www.hoymercedes.com.ar\/principal\/wp-json\/wp\/v2\/types\/post"}],"author":[{"embeddable":true,"href":"https:\/\/www.hoymercedes.com.ar\/principal\/wp-json\/wp\/v2\/users\/1"}],"replies":[{"embeddable":true,"href":"https:\/\/www.hoymercedes.com.ar\/principal\/wp-json\/wp\/v2\/comments?post=82185"}],"version-history":[{"count":0,"href":"https:\/\/www.hoymercedes.com.ar\/principal\/wp-json\/wp\/v2\/posts\/82185\/revisions"}],"wp:featuredmedia":[{"embeddable":true,"href":"https:\/\/www.hoymercedes.com.ar\/principal\/wp-json\/wp\/v2\/media\/82186"}],"wp:attachment":[{"href":"https:\/\/www.hoymercedes.com.ar\/principal\/wp-json\/wp\/v2\/media?parent=82185"}],"wp:term":[{"taxonomy":"category","embeddable":true,"href":"https:\/\/www.hoymercedes.com.ar\/principal\/wp-json\/wp\/v2\/categories?post=82185"},{"taxonomy":"post_tag","embeddable":true,"href":"https:\/\/www.hoymercedes.com.ar\/principal\/wp-json\/wp\/v2\/tags?post=82185"}],"curies":[{"name":"wp","href":"https:\/\/api.w.org\/{rel}","templated":true}]}}