{"id":82193,"date":"2018-10-08T20:30:15","date_gmt":"2018-10-08T23:30:15","guid":{"rendered":"http:\/\/www.hoymercedes.com.ar\/principal\/?p=82193"},"modified":"2018-10-08T21:24:03","modified_gmt":"2018-10-09T00:24:03","slug":"municipio-compro-los-colectivos-para-el-transporte-urbano-de-pasajeros","status":"publish","type":"post","link":"https:\/\/www.hoymercedes.com.ar\/principal\/2018\/10\/08\/municipio-compro-los-colectivos-para-el-transporte-urbano-de-pasajeros\/","title":{"rendered":"Municipio compr\u00f3 los colectivos para el transporte urbano de pasajeros"},"content":{"rendered":"<figure id=\"attachment_82194\" aria-describedby=\"caption-attachment-82194\" style=\"width: 620px\" class=\"wp-caption aligncenter\"><img loading=\"lazy\" decoding=\"async\" data-attachment-id=\"82194\" data-permalink=\"https:\/\/www.hoymercedes.com.ar\/principal\/2018\/10\/08\/municipio-compro-los-colectivos-para-el-transporte-urbano-de-pasajeros\/1-14\/#main\" data-orig-file=\"https:\/\/www.hoymercedes.com.ar\/principal\/wp-content\/uploads\/2018\/10\/1.jpg\" data-orig-size=\"915,608\" data-comments-opened=\"0\" data-image-meta=\"{&quot;aperture&quot;:&quot;0&quot;,&quot;credit&quot;:&quot;SEBASTIAN_AMBROSSIO&quot;,&quot;camera&quot;:&quot;&quot;,&quot;caption&quot;:&quot;&quot;,&quot;created_timestamp&quot;:&quot;0&quot;,&quot;copyright&quot;:&quot;Sebastian Ambrossio_&quot;,&quot;focal_length&quot;:&quot;0&quot;,&quot;iso&quot;:&quot;0&quot;,&quot;shutter_speed&quot;:&quot;0&quot;,&quot;title&quot;:&quot;&quot;,&quot;orientation&quot;:&quot;0&quot;}\" data-image-title=\"Colectivos Mercedes, Buenos Aires\" data-image-description=\"&lt;p&gt;Colectivos Mercedes, Buenos Aires&lt;\/p&gt;\n\" data-image-caption=\"&lt;p&gt;Colectivos Mercedes, Buenos Aires&lt;\/p&gt;\n\" data-large-file=\"https:\/\/www.hoymercedes.com.ar\/principal\/wp-content\/uploads\/2018\/10\/1.jpg\" class=\"size-medium wp-image-82194\" src=\"https:\/\/www.hoymercedes.com.ar\/principal\/wp-content\/uploads\/2018\/10\/1-630x419.jpg\" alt=\"\" width=\"630\" height=\"419\" srcset=\"https:\/\/www.hoymercedes.com.ar\/principal\/wp-content\/uploads\/2018\/10\/1-630x419.jpg 630w, https:\/\/www.hoymercedes.com.ar\/principal\/wp-content\/uploads\/2018\/10\/1-150x100.jpg 150w, https:\/\/www.hoymercedes.com.ar\/principal\/wp-content\/uploads\/2018\/10\/1.jpg 915w\" sizes=\"auto, (max-width: 630px) 100vw, 630px\" \/><figcaption id=\"caption-attachment-82194\" class=\"wp-caption-text\">Colectivos locales<\/figcaption><\/figure>\n<p style=\"font-weight: 400;\">Tras desatarse la crisis del transporte por los cambios en el sistema de subsidios efectuado por el Gobierno Nacional y con ello el retiro de la empresa que brindaba el servicio urbano de pasajeros en la ciudad el Departamento Ejecutivo decidi\u00f3 su municipalizaci\u00f3n. Por ello debi\u00f3 intervenir y entre otras acciones comprar los veh\u00edculos.<\/p>\n<p style=\"font-weight: 400;\">Se supo que esta semana procedi\u00f3 el intendente Ustarroz por casi un mill\u00f3n y medio de pesos a adquirir las cuatro unidades que Atl\u00e1ntida utilizaba en Mercedes para que la Comuna pueda seguir dando a los vecinos el servicio.<\/p>\n<p style=\"font-weight: 400;\"><strong>Presupuesto<\/strong><\/p>\n<p style=\"font-weight: 400;\">Por otro lado se supo que se est\u00e1n haciendo todos los c\u00e1lculos presupuestarios porque si bien se cuenta con el dinero del Estacionamiento Medido los costos se dispararon exponencialmente en el \u00faltimo tiempo siendo un claro ejemplo el combustible cuyo aumento cada 15 d\u00edas hace sumamente dif\u00edcil una proyecci\u00f3n real. Tal como hab\u00edan expuesto Ustarroz junto al secretario de econom\u00eda tiempo atr\u00e1s, que las proyecciones cambiaban de una semana a la otra y que con la \u00faltima \u201cmega\u201d devaluaci\u00f3n se elev\u00f3 much\u00edsimo el gasto operativo.<\/p>\n<p style=\"font-weight: 400;\"><strong>Esfuerzo<\/strong><\/p>\n<p style=\"font-weight: 400;\">El hecho fue confirmado por la Sub Secretaria de Seguridad, de donde depende el \u00e1rea de transporte, que dej\u00f3 en claro que \u201cel esfuerzo que hace la Municipalidad es inmenso. En un momento en que se cae el transporte urbano en todo el interior del pa\u00eds, donde las empresas cierran por quita de subsidios y las comunas no se hacen cargo en Mercedes se lo toma como un bien com\u00fan, como un servicio p\u00fablico muy importante, que es parte de las planificaciones de seguridad vial y que es necesario para trabajadores, estudiantes, para todos\u201d y record\u00f3 que \u201chemos efectuado todos los caminos para salvarlo, gestionado reuniones en el Ministerio de Transporte, abierto el debate a todas las fuerzas pol\u00edtica tal como se vivi\u00f3 tiempo atr\u00e1s en Capital Federal. Entendemos es un asunto de Estado, por eso lo trabajamos con la responsabilidad y seriedad que se merece\u201d.<\/p>\n<p style=\"font-weight: 400;\"><strong>Fondos<\/strong><\/p>\n<p style=\"font-weight: 400;\">Antes de finalizar sostuvo que \u201cla compra se hizo con los fondos del Estacionamiento medido que el intendente Ustarroz municipaliz\u00f3 para que sus fondos queden a los mercedinos y no se vayan de la ciudad, que retornen en bienes y servicios, tal como se observa, aun sabiendo que posiblemente no alcancen porque esta todo cada d\u00eda m\u00e1s dif\u00edcil en t\u00e9rminos econ\u00f3micos con una crisis enorme\u201d<\/p>\n<p>&nbsp;<\/p>\n<p>Info: Sec. de Seguridad<\/p>\n","protected":false},"excerpt":{"rendered":"<p>Tras desatarse la crisis del transporte por los cambios en el sistema de subsidios efectuado por el Gobierno Nacional y &#8230; <a title=\"Municipio compr\u00f3 los colectivos para el transporte urbano de pasajeros\" class=\"read-more\" href=\"https:\/\/www.hoymercedes.com.ar\/principal\/2018\/10\/08\/municipio-compro-los-colectivos-para-el-transporte-urbano-de-pasajeros\/\" aria-label=\"Leer m\u00e1s sobre Municipio compr\u00f3 los colectivos para el transporte urbano de pasajeros\">Leer m\u00e1s<\/a><\/p>\n","protected":false},"author":1,"featured_media":82194,"comment_status":"closed","ping_status":"open","sticky":false,"template":"","format":"standard","meta":{"_monsterinsights_skip_tracking":false,"_monsterinsights_sitenote_active":false,"_monsterinsights_sitenote_note":"","_monsterinsights_sitenote_category":0,"jetpack_post_was_ever_published":false,"_jetpack_newsletter_access":"","_jetpack_dont_email_post_to_subs":false,"_jetpack_newsletter_tier_id":0,"_jetpack_memberships_contains_paywalled_content":false,"_jetpack_memberships_contains_paid_content":false,"footnotes":"","jetpack_publicize_message":"","jetpack_publicize_feature_enabled":true,"jetpack_social_post_already_shared":true,"jetpack_social_options":{"image_generator_settings":{"template":"highway","default_image_id":0,"font":"","enabled":false},"version":2},"_wpas_customize_per_network":false},"categories":[30],"tags":[11910,905,424],"class_list":["post-82193","post","type-post","status-publish","format-standard","has-post-thumbnail","hentry","category-municipio","tag-clara-zunino","tag-colectivos-mercedes","tag-ustarroz","generate-columns","tablet-grid-50","mobile-grid-100","grid-parent","grid-50"],"jetpack_publicize_connections":[],"jetpack_featured_media_url":"https:\/\/www.hoymercedes.com.ar\/principal\/wp-content\/uploads\/2018\/10\/1.jpg","wps_subtitle":"Crisis del transporte","jetpack_sharing_enabled":true,"_links":{"self":[{"href":"https:\/\/www.hoymercedes.com.ar\/principal\/wp-json\/wp\/v2\/posts\/82193","targetHints":{"allow":["GET"]}}],"collection":[{"href":"https:\/\/www.hoymercedes.com.ar\/principal\/wp-json\/wp\/v2\/posts"}],"about":[{"href":"https:\/\/www.hoymercedes.com.ar\/principal\/wp-json\/wp\/v2\/types\/post"}],"author":[{"embeddable":true,"href":"https:\/\/www.hoymercedes.com.ar\/principal\/wp-json\/wp\/v2\/users\/1"}],"replies":[{"embeddable":true,"href":"https:\/\/www.hoymercedes.com.ar\/principal\/wp-json\/wp\/v2\/comments?post=82193"}],"version-history":[{"count":0,"href":"https:\/\/www.hoymercedes.com.ar\/principal\/wp-json\/wp\/v2\/posts\/82193\/revisions"}],"wp:featuredmedia":[{"embeddable":true,"href":"https:\/\/www.hoymercedes.com.ar\/principal\/wp-json\/wp\/v2\/media\/82194"}],"wp:attachment":[{"href":"https:\/\/www.hoymercedes.com.ar\/principal\/wp-json\/wp\/v2\/media?parent=82193"}],"wp:term":[{"taxonomy":"category","embeddable":true,"href":"https:\/\/www.hoymercedes.com.ar\/principal\/wp-json\/wp\/v2\/categories?post=82193"},{"taxonomy":"post_tag","embeddable":true,"href":"https:\/\/www.hoymercedes.com.ar\/principal\/wp-json\/wp\/v2\/tags?post=82193"}],"curies":[{"name":"wp","href":"https:\/\/api.w.org\/{rel}","templated":true}]}}