{"id":82197,"date":"2018-10-09T08:37:06","date_gmt":"2018-10-09T11:37:06","guid":{"rendered":"http:\/\/www.hoymercedes.com.ar\/principal\/?p=82197"},"modified":"2018-10-08T21:56:23","modified_gmt":"2018-10-09T00:56:23","slug":"puratierra-aplaudido-en-el-museo-de-arte","status":"publish","type":"post","link":"https:\/\/www.hoymercedes.com.ar\/principal\/2018\/10\/09\/puratierra-aplaudido-en-el-museo-de-arte\/","title":{"rendered":"Puratierra aplaudido en el Museo de Arte"},"content":{"rendered":"<p>En la sala B del Museo de Arte se present\u00f3 Puratierra. El grupo de m\u00fasica latinoamericana fue invitado en el ciclo de ac\u00fasticos MAMMusic a sala llena.<\/p>\n<p>Poco despu\u00e9s de las 19 del \u00faltimo domingo, Esteban Ismael (Guitarra y Voz) junto a Laura Ferrero (voz), Maxi Rodr\u00edguez (Percusi\u00f3n) y Javier Mazzota (viol\u00edn) salieron a escena en la Sala B del Museo.<\/p>\n<p><img loading=\"lazy\" decoding=\"async\" data-attachment-id=\"82198\" data-permalink=\"https:\/\/www.hoymercedes.com.ar\/principal\/2018\/10\/09\/puratierra-aplaudido-en-el-museo-de-arte\/09-puratierra-mamm\/#main\" data-orig-file=\"https:\/\/www.hoymercedes.com.ar\/principal\/wp-content\/uploads\/2018\/10\/09-puratierra-mamm.jpg\" data-orig-size=\"750,500\" data-comments-opened=\"0\" data-image-meta=\"{&quot;aperture&quot;:&quot;4&quot;,&quot;credit&quot;:&quot;&quot;,&quot;camera&quot;:&quot;Canon EOS 60D&quot;,&quot;caption&quot;:&quot;&quot;,&quot;created_timestamp&quot;:&quot;1538941471&quot;,&quot;copyright&quot;:&quot;&quot;,&quot;focal_length&quot;:&quot;85&quot;,&quot;iso&quot;:&quot;1600&quot;,&quot;shutter_speed&quot;:&quot;0.008&quot;,&quot;title&quot;:&quot;&quot;,&quot;orientation&quot;:&quot;0&quot;}\" data-image-title=\"09 puratierra mamm\" data-image-description=\"\" data-image-caption=\"\" data-large-file=\"https:\/\/www.hoymercedes.com.ar\/principal\/wp-content\/uploads\/2018\/10\/09-puratierra-mamm.jpg\" class=\"aligncenter size-medium wp-image-82198\" src=\"https:\/\/www.hoymercedes.com.ar\/principal\/wp-content\/uploads\/2018\/10\/09-puratierra-mamm-630x420.jpg\" alt=\"\" width=\"630\" height=\"420\" srcset=\"https:\/\/www.hoymercedes.com.ar\/principal\/wp-content\/uploads\/2018\/10\/09-puratierra-mamm-630x420.jpg 630w, https:\/\/www.hoymercedes.com.ar\/principal\/wp-content\/uploads\/2018\/10\/09-puratierra-mamm-150x100.jpg 150w, https:\/\/www.hoymercedes.com.ar\/principal\/wp-content\/uploads\/2018\/10\/09-puratierra-mamm.jpg 750w\" sizes=\"auto, (max-width: 630px) 100vw, 630px\" \/><\/p>\n<p>Puratierra, inici\u00f3 con \u201cAl Amanecer\u201d para luego darle paso a la lista de temas\u00a0 que incluy\u00f3 \u201cSiembra\u00bb, canci\u00f3n de Rub\u00e9n Blades: \u00abBorra de mi tristeza\u201d de Luis Pastor y la nueva composici\u00f3n de Esteban Ismael, \u201cHuella esperanza\u201d. Siguieron con la chacarera \u201cMi estrella\u201d.\u00a0M\u00e1s tarde, \u201cDulce melod\u00eda\u00bb dedicado a la hija del d\u00fao de voces.<\/p>\n<p>Entre los m\u00fasicos invitados estuvieron\u00a0Santiago Su\u00e1rez y Franco Brienza que acompa\u00f1aron a Puratierra en distintas interpretaciones en un concierto ac\u00fastico que cosech\u00f3 miles de aplausos de los presentes.<\/p>\n<p>El pr\u00f3ximo encuentro ser\u00e1 el 28 de octubre, donde el p\u00fablico podr\u00e1 disfrutar de la vuelta de los Belladona a los escenarios, esta vez con un formato ac\u00fastico pocas veces mostrado en Mercedes, como siempre, de manera libre y gratuita.<\/p>\n","protected":false},"excerpt":{"rendered":"<p>En la sala B del Museo de Arte se present\u00f3 Puratierra. El grupo de m\u00fasica latinoamericana fue invitado en el &#8230; <a title=\"Puratierra aplaudido en el Museo de Arte\" class=\"read-more\" href=\"https:\/\/www.hoymercedes.com.ar\/principal\/2018\/10\/09\/puratierra-aplaudido-en-el-museo-de-arte\/\" aria-label=\"Leer m\u00e1s sobre Puratierra aplaudido en el Museo de Arte\">Leer m\u00e1s<\/a><\/p>\n","protected":false},"author":1,"featured_media":82198,"comment_status":"closed","ping_status":"open","sticky":false,"template":"","format":"standard","meta":{"_monsterinsights_skip_tracking":false,"_monsterinsights_sitenote_active":false,"_monsterinsights_sitenote_note":"","_monsterinsights_sitenote_category":0,"jetpack_post_was_ever_published":false,"_jetpack_newsletter_access":"","_jetpack_dont_email_post_to_subs":false,"_jetpack_newsletter_tier_id":0,"_jetpack_memberships_contains_paywalled_content":false,"_jetpack_memberships_contains_paid_content":false,"footnotes":"","jetpack_publicize_message":"","jetpack_publicize_feature_enabled":true,"jetpack_social_post_already_shared":true,"jetpack_social_options":{"image_generator_settings":{"template":"highway","default_image_id":0,"font":"","enabled":false},"version":2},"_wpas_customize_per_network":false},"categories":[104],"tags":[13841,7805,8674,8539],"class_list":["post-82197","post","type-post","status-publish","format-standard","has-post-thumbnail","hentry","category-cultura","tag-acustico","tag-cultura","tag-mamm","tag-musica","generate-columns","tablet-grid-50","mobile-grid-100","grid-parent","grid-50"],"jetpack_publicize_connections":[],"jetpack_featured_media_url":"https:\/\/www.hoymercedes.com.ar\/principal\/wp-content\/uploads\/2018\/10\/09-puratierra-mamm.jpg","wps_subtitle":"El domingo por la noche","jetpack_sharing_enabled":true,"_links":{"self":[{"href":"https:\/\/www.hoymercedes.com.ar\/principal\/wp-json\/wp\/v2\/posts\/82197","targetHints":{"allow":["GET"]}}],"collection":[{"href":"https:\/\/www.hoymercedes.com.ar\/principal\/wp-json\/wp\/v2\/posts"}],"about":[{"href":"https:\/\/www.hoymercedes.com.ar\/principal\/wp-json\/wp\/v2\/types\/post"}],"author":[{"embeddable":true,"href":"https:\/\/www.hoymercedes.com.ar\/principal\/wp-json\/wp\/v2\/users\/1"}],"replies":[{"embeddable":true,"href":"https:\/\/www.hoymercedes.com.ar\/principal\/wp-json\/wp\/v2\/comments?post=82197"}],"version-history":[{"count":0,"href":"https:\/\/www.hoymercedes.com.ar\/principal\/wp-json\/wp\/v2\/posts\/82197\/revisions"}],"wp:featuredmedia":[{"embeddable":true,"href":"https:\/\/www.hoymercedes.com.ar\/principal\/wp-json\/wp\/v2\/media\/82198"}],"wp:attachment":[{"href":"https:\/\/www.hoymercedes.com.ar\/principal\/wp-json\/wp\/v2\/media?parent=82197"}],"wp:term":[{"taxonomy":"category","embeddable":true,"href":"https:\/\/www.hoymercedes.com.ar\/principal\/wp-json\/wp\/v2\/categories?post=82197"},{"taxonomy":"post_tag","embeddable":true,"href":"https:\/\/www.hoymercedes.com.ar\/principal\/wp-json\/wp\/v2\/tags?post=82197"}],"curies":[{"name":"wp","href":"https:\/\/api.w.org\/{rel}","templated":true}]}}