{"id":82201,"date":"2018-10-08T22:30:35","date_gmt":"2018-10-09T01:30:35","guid":{"rendered":"http:\/\/www.hoymercedes.com.ar\/principal\/?p=82201"},"modified":"2018-10-08T21:59:53","modified_gmt":"2018-10-09T00:59:53","slug":"acto-publico-designacion-de-personal-auxiliar","status":"publish","type":"post","link":"https:\/\/www.hoymercedes.com.ar\/principal\/2018\/10\/08\/acto-publico-designacion-de-personal-auxiliar\/","title":{"rendered":"Acto P\u00fablico: Designaci\u00f3n de personal auxiliar"},"content":{"rendered":"<p>El Consejo Escolar de Mercedes comunica a todos los aspirantes a porteros y peones de cocina que el d\u00eda jueves 11 de octubre, 14 horas, se llevar\u00e1 a cabo el acto p\u00fablico para la cobertura de dos cargos del agrupamiento personal de servicio en car\u00e1cter \u201cTemporario Transitorio\u201d y los correspondientes movimientos previos.<\/p>\n<p><span style=\"text-decoration: underline;\"><strong>Cronograma<\/strong><\/span><\/p>\n<p>14.00 hs: movimientos de titulares y temporarios transitorios (mensualizados).<\/p>\n<p>Una vez finalizados los movimientos se realizar\u00e1 el acto p\u00fablico con listado oficial<\/p>\n<p>Los interesados deber\u00e1n presentar la siguiente documentaci\u00f3n:<\/p>\n<p><span style=\"text-decoration: underline;\">Para realizar movimientos:\u00a0 (solo titulares y mensualizados)<\/span><\/p>\n<p>\u2022 cuaderno de actuaci\u00f3n<\/p>\n<p>\u2022 DNI y fotocopia del mismo<\/p>\n<p>\u2022 couli (recibo de sueldo)<\/p>\n<p>Se recuerda que para realizar movimientos los agentes no deben estar en uso de licencia ni haber hecho movimientos durante el \u00faltimo a\u00f1o.<\/p>\n<p><span style=\"text-decoration: underline;\">Para las designaciones:<\/span><\/p>\n<p>\u2022 cuaderno de actuaci\u00f3n, en caso que estuviese trabajando.<\/p>\n<p>\u2022 DNI y fotocopia del mismo.<\/p>\n<p>\u2022 los aspirantes no deben estar en uso de licencia.<\/p>\n<p>&nbsp;<\/p>\n<p>Una vez finalizadas las designaciones, se cubrir\u00e1n los reemplazos.<\/p>\n<p>El acto p\u00fablico se realizar\u00e1 en el Consejo Escolar: calle 6 entre 9 y 11<\/p>\n","protected":false},"excerpt":{"rendered":"<p>El Consejo Escolar de Mercedes comunica a todos los aspirantes a porteros y peones de cocina que el d\u00eda jueves &#8230; <a title=\"Acto P\u00fablico: Designaci\u00f3n de personal auxiliar\" class=\"read-more\" href=\"https:\/\/www.hoymercedes.com.ar\/principal\/2018\/10\/08\/acto-publico-designacion-de-personal-auxiliar\/\" aria-label=\"Leer m\u00e1s sobre Acto P\u00fablico: Designaci\u00f3n de personal auxiliar\">Leer m\u00e1s<\/a><\/p>\n","protected":false},"author":1,"featured_media":73047,"comment_status":"closed","ping_status":"open","sticky":false,"template":"","format":"standard","meta":{"_monsterinsights_skip_tracking":false,"_monsterinsights_sitenote_active":false,"_monsterinsights_sitenote_note":"","_monsterinsights_sitenote_category":0,"jetpack_post_was_ever_published":false,"_jetpack_newsletter_access":"","_jetpack_dont_email_post_to_subs":false,"_jetpack_newsletter_tier_id":0,"_jetpack_memberships_contains_paywalled_content":false,"_jetpack_memberships_contains_paid_content":false,"footnotes":"","jetpack_publicize_message":"","jetpack_publicize_feature_enabled":true,"jetpack_social_post_already_shared":true,"jetpack_social_options":{"image_generator_settings":{"template":"highway","default_image_id":0,"font":"","enabled":false},"version":2},"_wpas_customize_per_network":false},"categories":[23],"tags":[1380,11792,1317,10],"class_list":["post-82201","post","type-post","status-publish","format-standard","has-post-thumbnail","hentry","category-educacion","tag-acto-publico","tag-auxiliares-de-educacion","tag-consejo-escolar","tag-mercedes","generate-columns","tablet-grid-50","mobile-grid-100","grid-parent","grid-50"],"jetpack_publicize_connections":[],"jetpack_featured_media_url":"https:\/\/www.hoymercedes.com.ar\/principal\/wp-content\/uploads\/2018\/02\/28-portero.png","wps_subtitle":"Consejo Escolar ","jetpack_sharing_enabled":true,"_links":{"self":[{"href":"https:\/\/www.hoymercedes.com.ar\/principal\/wp-json\/wp\/v2\/posts\/82201","targetHints":{"allow":["GET"]}}],"collection":[{"href":"https:\/\/www.hoymercedes.com.ar\/principal\/wp-json\/wp\/v2\/posts"}],"about":[{"href":"https:\/\/www.hoymercedes.com.ar\/principal\/wp-json\/wp\/v2\/types\/post"}],"author":[{"embeddable":true,"href":"https:\/\/www.hoymercedes.com.ar\/principal\/wp-json\/wp\/v2\/users\/1"}],"replies":[{"embeddable":true,"href":"https:\/\/www.hoymercedes.com.ar\/principal\/wp-json\/wp\/v2\/comments?post=82201"}],"version-history":[{"count":0,"href":"https:\/\/www.hoymercedes.com.ar\/principal\/wp-json\/wp\/v2\/posts\/82201\/revisions"}],"wp:featuredmedia":[{"embeddable":true,"href":"https:\/\/www.hoymercedes.com.ar\/principal\/wp-json\/wp\/v2\/media\/73047"}],"wp:attachment":[{"href":"https:\/\/www.hoymercedes.com.ar\/principal\/wp-json\/wp\/v2\/media?parent=82201"}],"wp:term":[{"taxonomy":"category","embeddable":true,"href":"https:\/\/www.hoymercedes.com.ar\/principal\/wp-json\/wp\/v2\/categories?post=82201"},{"taxonomy":"post_tag","embeddable":true,"href":"https:\/\/www.hoymercedes.com.ar\/principal\/wp-json\/wp\/v2\/tags?post=82201"}],"curies":[{"name":"wp","href":"https:\/\/api.w.org\/{rel}","templated":true}]}}