{"id":8222,"date":"2011-10-13T11:22:36","date_gmt":"2011-10-13T11:22:36","guid":{"rendered":"http:\/\/www.hoymercedes.com.ar\/principal\/?p=8222"},"modified":"2011-10-13T11:22:36","modified_gmt":"2011-10-13T11:22:36","slug":"selva-%e2%80%9ctenemos-una-militancia-muy-valiosa%e2%80%9d","status":"publish","type":"post","link":"https:\/\/www.hoymercedes.com.ar\/principal\/2011\/10\/13\/selva-%e2%80%9ctenemos-una-militancia-muy-valiosa%e2%80%9d\/","title":{"rendered":"Selva: \u201cTenemos una militancia muy valiosa\u201d"},"content":{"rendered":"<p><a href=\"https:\/\/www.hoymercedes.com.ar\/principal\/wp-content\/uploads\/2011\/10\/Selva-Militancia.jpg\"><img loading=\"lazy\" decoding=\"async\" data-attachment-id=\"8224\" data-permalink=\"https:\/\/www.hoymercedes.com.ar\/principal\/2011\/10\/13\/selva-%e2%80%9ctenemos-una-militancia-muy-valiosa%e2%80%9d\/selva-militancia\/#main\" data-orig-file=\"https:\/\/www.hoymercedes.com.ar\/principal\/wp-content\/uploads\/2011\/10\/Selva-Militancia.jpg\" data-orig-size=\"612,459\" data-comments-opened=\"1\" data-image-meta=\"{&quot;aperture&quot;:&quot;0&quot;,&quot;credit&quot;:&quot;&quot;,&quot;camera&quot;:&quot;&quot;,&quot;caption&quot;:&quot;&quot;,&quot;created_timestamp&quot;:&quot;0&quot;,&quot;copyright&quot;:&quot;&quot;,&quot;focal_length&quot;:&quot;0&quot;,&quot;iso&quot;:&quot;0&quot;,&quot;shutter_speed&quot;:&quot;0&quot;,&quot;title&quot;:&quot;&quot;}\" data-image-title=\"Selva-Militancia\" data-image-description=\"\" data-image-caption=\"\" data-large-file=\"https:\/\/www.hoymercedes.com.ar\/principal\/wp-content\/uploads\/2011\/10\/Selva-Militancia.jpg\" class=\"aligncenter size-full wp-image-8224\" title=\"Selva-Militancia\" src=\"https:\/\/www.hoymercedes.com.ar\/principal\/wp-content\/uploads\/2011\/10\/Selva-Militancia.jpg\" alt=\"\" width=\"612\" height=\"459\" \/><\/a><\/p>\n<p>Lo expreso el presidente del Partido Justicialista y la Agrupaci\u00f3n 17 de Octubre, Carlos Selva en la tradicional reuni\u00f3n de los mi\u00e9rcoles. Adem\u00e1s se mostro sorprendido por la falta de boletas, \u201clas cosas que hacen para intentar frenarnos\u201d.<\/p>\n<p>Como es tradicional, este mi\u00e9rcoles hubo una nueva reuni\u00f3n de la Agrupaci\u00f3n 17 de Octubre en la sede del Partido Justicialista de Mercedes, donde el conductor del movimiento lleva adelante una charla con los militantes sobre el accionar de la fuerza pol\u00edtica de cara al futuro de la ciudad.<\/p>\n<p>En esta oportunidad, Carlos Selva manifest\u00f3 que \u201ctenemos una militancia muy valiosa, todos est\u00e1n caminando los barrios y acerc\u00e1ndose al vecino de diferentes maneras, tanto las mesas como otras variantes\u201d. Adem\u00e1s agreg\u00f3 que \u201cestamos llegando a toda la poblaci\u00f3n con las distintas propuestas y sobre todo canalizando las necesidades y problem\u00e1ticas de los vecinos. Siempre dijimos que si prometemos, es porque sabemos que cumplimos\u201d.<\/p>\n<p>En relaci\u00f3n a las boletas para los comicios del 23 de octubre, el presidente del PJ local coment\u00f3 que \u201ctodos los municipios de la 1\u00ba y 3\u00ba secci\u00f3n electoral las tienen, a nosotros nos llama la atenci\u00f3n las cosas que hacen para intentar frenarnos, antes fue el fraude ahora la falta de boletas\u201d.<\/p>\n<p><strong>Acto D\u00eda de la Lealtad<\/strong><\/p>\n<p>El pr\u00f3ximo lunes 17 de Octubre se conmemora el D\u00eda de la Lealtad Peronista, para esta ocasi\u00f3n desde el Partido Justicialista invitan a participar del Acto alusivo que tendr\u00e1 lugar el pr\u00f3ximo domingo desde las 19 horas en la sede ubicada en Avenida 29 entre 20 y 22. Est\u00e1 previsto proyectar un video acorde a la fecha y disfrutar otras actividades especiales.<\/p>\n<p><span style=\"color: #888888;\">Fuente: Agrup. 17 de octubre<\/span><\/p>\n","protected":false},"excerpt":{"rendered":"<p>Lo expreso el presidente del Partido Justicialista y la Agrupaci\u00f3n 17 de Octubre, Carlos Selva en la tradicional reuni\u00f3n de &#8230; <a title=\"Selva: \u201cTenemos una militancia muy valiosa\u201d\" class=\"read-more\" href=\"https:\/\/www.hoymercedes.com.ar\/principal\/2011\/10\/13\/selva-%e2%80%9ctenemos-una-militancia-muy-valiosa%e2%80%9d\/\" aria-label=\"Leer m\u00e1s sobre Selva: \u201cTenemos una militancia muy valiosa\u201d\">Leer m\u00e1s<\/a><\/p>\n","protected":false},"author":1,"featured_media":0,"comment_status":"open","ping_status":"open","sticky":false,"template":"","format":"standard","meta":{"_monsterinsights_skip_tracking":false,"_monsterinsights_sitenote_active":false,"_monsterinsights_sitenote_note":"","_monsterinsights_sitenote_category":0,"jetpack_post_was_ever_published":false,"_jetpack_newsletter_access":"","_jetpack_dont_email_post_to_subs":false,"_jetpack_newsletter_tier_id":0,"_jetpack_memberships_contains_paywalled_content":false,"_jetpack_memberships_contains_paid_content":false,"footnotes":"","jetpack_publicize_message":"","jetpack_publicize_feature_enabled":true,"jetpack_social_post_already_shared":false,"jetpack_social_options":{"image_generator_settings":{"template":"highway","default_image_id":0,"font":"","enabled":false},"version":2},"_wpas_customize_per_network":false},"categories":[5],"tags":[1142,18],"class_list":["post-8222","post","type-post","status-publish","format-standard","hentry","category-politica","tag-militancia","tag-selva","generate-columns","tablet-grid-50","mobile-grid-100","grid-parent","grid-50"],"jetpack_publicize_connections":[],"jetpack_featured_media_url":"","wps_subtitle":"","jetpack_sharing_enabled":true,"_links":{"self":[{"href":"https:\/\/www.hoymercedes.com.ar\/principal\/wp-json\/wp\/v2\/posts\/8222","targetHints":{"allow":["GET"]}}],"collection":[{"href":"https:\/\/www.hoymercedes.com.ar\/principal\/wp-json\/wp\/v2\/posts"}],"about":[{"href":"https:\/\/www.hoymercedes.com.ar\/principal\/wp-json\/wp\/v2\/types\/post"}],"author":[{"embeddable":true,"href":"https:\/\/www.hoymercedes.com.ar\/principal\/wp-json\/wp\/v2\/users\/1"}],"replies":[{"embeddable":true,"href":"https:\/\/www.hoymercedes.com.ar\/principal\/wp-json\/wp\/v2\/comments?post=8222"}],"version-history":[{"count":0,"href":"https:\/\/www.hoymercedes.com.ar\/principal\/wp-json\/wp\/v2\/posts\/8222\/revisions"}],"wp:attachment":[{"href":"https:\/\/www.hoymercedes.com.ar\/principal\/wp-json\/wp\/v2\/media?parent=8222"}],"wp:term":[{"taxonomy":"category","embeddable":true,"href":"https:\/\/www.hoymercedes.com.ar\/principal\/wp-json\/wp\/v2\/categories?post=8222"},{"taxonomy":"post_tag","embeddable":true,"href":"https:\/\/www.hoymercedes.com.ar\/principal\/wp-json\/wp\/v2\/tags?post=8222"}],"curies":[{"name":"wp","href":"https:\/\/api.w.org\/{rel}","templated":true}]}}