{"id":82246,"date":"2018-10-09T19:03:44","date_gmt":"2018-10-09T22:03:44","guid":{"rendered":"http:\/\/www.hoymercedes.com.ar\/principal\/?p=82246"},"modified":"2018-10-09T20:40:41","modified_gmt":"2018-10-09T23:40:41","slug":"pequenos-y-jovenes-mercedinos-ganaron-premios-en-salon-de-dibujo-y-pintura","status":"publish","type":"post","link":"https:\/\/www.hoymercedes.com.ar\/principal\/2018\/10\/09\/pequenos-y-jovenes-mercedinos-ganaron-premios-en-salon-de-dibujo-y-pintura\/","title":{"rendered":"Peque\u00f1os y j\u00f3venes mercedinos ganaron premios en Sal\u00f3n de Dibujo y Pintura"},"content":{"rendered":"<p>Paloma Boffi de 17 a\u00f1os gan\u00f3 el primer premio en Pintura Juvenil. Mientras que Franco Coronel de 6 a\u00f1os gan\u00f3 el premio compartido en pintura infantil. Otros cinco mercedinos lograron menciones de honor por sus pinturas. El s\u00e1bado 20 ser\u00e1 la entrega de premios en el Museo de San Andr\u00e9s de Giles.<\/p>\n<figure id=\"attachment_82247\" aria-describedby=\"caption-attachment-82247\" style=\"width: 620px\" class=\"wp-caption aligncenter\"><img loading=\"lazy\" decoding=\"async\" data-attachment-id=\"82247\" data-permalink=\"https:\/\/www.hoymercedes.com.ar\/principal\/2018\/10\/09\/pequenos-y-jovenes-mercedinos-ganaron-premios-en-salon-de-dibujo-y-pintura\/09-arte-juvenil\/#main\" data-orig-file=\"https:\/\/www.hoymercedes.com.ar\/principal\/wp-content\/uploads\/2018\/10\/09-arte-juvenil.jpg\" data-orig-size=\"750,500\" data-comments-opened=\"0\" data-image-meta=\"{&quot;aperture&quot;:&quot;0&quot;,&quot;credit&quot;:&quot;&quot;,&quot;camera&quot;:&quot;&quot;,&quot;caption&quot;:&quot;&quot;,&quot;created_timestamp&quot;:&quot;0&quot;,&quot;copyright&quot;:&quot;&quot;,&quot;focal_length&quot;:&quot;0&quot;,&quot;iso&quot;:&quot;0&quot;,&quot;shutter_speed&quot;:&quot;0&quot;,&quot;title&quot;:&quot;&quot;,&quot;orientation&quot;:&quot;0&quot;}\" data-image-title=\"09 arte juvenil\" data-image-description=\"\" data-image-caption=\"\" data-large-file=\"https:\/\/www.hoymercedes.com.ar\/principal\/wp-content\/uploads\/2018\/10\/09-arte-juvenil.jpg\" class=\"wp-image-82247 size-medium\" src=\"https:\/\/www.hoymercedes.com.ar\/principal\/wp-content\/uploads\/2018\/10\/09-arte-juvenil-630x420.jpg\" alt=\"\" width=\"630\" height=\"420\" srcset=\"https:\/\/www.hoymercedes.com.ar\/principal\/wp-content\/uploads\/2018\/10\/09-arte-juvenil-630x420.jpg 630w, https:\/\/www.hoymercedes.com.ar\/principal\/wp-content\/uploads\/2018\/10\/09-arte-juvenil-150x100.jpg 150w, https:\/\/www.hoymercedes.com.ar\/principal\/wp-content\/uploads\/2018\/10\/09-arte-juvenil.jpg 750w\" sizes=\"auto, (max-width: 630px) 100vw, 630px\" \/><figcaption id=\"caption-attachment-82247\" class=\"wp-caption-text\">Los trabajos de los mercedinos que se presentar\u00e1n en el Sal\u00f3n Infantil y Juvenil en San Andr\u00e9s de GIles.<\/figcaption><\/figure>\n<p>La Municipalidad de San Andr\u00e9s dio a conocer los premios del VII Sal\u00f3n Anual de Dibujo y Pintura. Certamen que fue m\u00e1s que favorable para los mercedinos participantes. \u00a0El pasado s\u00e1bado 6 de octubre, en horas de la ma\u00f1ana, en el Complejo Municipal Museogr\u00e1fico y Cultural se dio cita el jurado del VII Sal\u00f3n Anual de Dibujo y Pintura \u201cGustavo Chertudi\u201d integrado por las profesoras de Arte Ana Dainotto (de San Andr\u00e9s de GIles); la profesora de Arte con orientaci\u00f3n en Grabado Guadalupe Luna (de Mercedes) y la Profesora Natalia Chertudi.<\/p>\n<p>El Jurado, preestableci\u00f3 como criterio unificador de evaluaci\u00f3n poner en valor la espontaneidad, la libertad creativa y explorativa por encima de la supervisi\u00f3n del adulto. Se presentaron 48 trabajos y ante esta cantidad determinaron estos premios:<\/p>\n<p>En Pintura. Categor\u00eda Infantil<br \/>\nPrimer Premio: Kiara Pais. 11 a\u00f1os. Obra: \u201cLuz de luna\u201d (Capit\u00e1n Sarmiento)\u00a0y Franco Coronel. 6 a\u00f1os. Obra: \u201cMi casita de Tucum\u00e1n\u201d (Mercedes)<br \/>\nMenci\u00f3n de Honor: Valentina Caletti- 10 a\u00f1os. \u201cPrimavera\u201d. (San Andr\u00e9s de Giles), Mar\u00eda Victoria Bordieu. 8 a\u00f1os. \u201cMi mundo en colores\u201d. (Mercedes), Isabella Fravasil. 6 a\u00f1os- \u201cAmor\u201d (Mercedes) e Isabella Pagani. 8 a\u00f1os. \u201cPaisaje\u201d (Mercedes)<br \/>\nMenci\u00f3n Especial: Pedro Ponchione. 9 a\u00f1os. \u201dAyudemos a la naturaleza\u201d. (San Andr\u00e9s de Giles) y Mateo Rodr\u00edguez. 6 a\u00f1os. \u201cLa gran final\u201d. (Mercedes)<\/p>\n<p>En Pintura. Categor\u00eda Juvenil<br \/>\nPrimer Premio: Paloma Boffi. 17 a\u00f1os. Obra: s\/t (Mercedes)<br \/>\nMenci\u00f3n de Honor: Carlos Torres. 13 a\u00f1os. \u201cPortal al infinito\u201d. (Mercedes) y Wanda Fern\u00e1ndez. 15 a\u00f1os. s\/t. ( Azcu\u00e9naga- San Andr\u00e9s de Giles)<\/p>\n<figure id=\"attachment_82264\" aria-describedby=\"caption-attachment-82264\" style=\"width: 620px\" class=\"wp-caption aligncenter\"><img loading=\"lazy\" decoding=\"async\" data-attachment-id=\"82264\" data-permalink=\"https:\/\/www.hoymercedes.com.ar\/principal\/2018\/10\/09\/pequenos-y-jovenes-mercedinos-ganaron-premios-en-salon-de-dibujo-y-pintura\/09-arte-juvenil1\/#main\" data-orig-file=\"https:\/\/www.hoymercedes.com.ar\/principal\/wp-content\/uploads\/2018\/10\/09-arte-juvenil1.jpg\" data-orig-size=\"800,574\" data-comments-opened=\"0\" data-image-meta=\"{&quot;aperture&quot;:&quot;0&quot;,&quot;credit&quot;:&quot;&quot;,&quot;camera&quot;:&quot;&quot;,&quot;caption&quot;:&quot;&quot;,&quot;created_timestamp&quot;:&quot;0&quot;,&quot;copyright&quot;:&quot;&quot;,&quot;focal_length&quot;:&quot;0&quot;,&quot;iso&quot;:&quot;0&quot;,&quot;shutter_speed&quot;:&quot;0&quot;,&quot;title&quot;:&quot;&quot;,&quot;orientation&quot;:&quot;0&quot;}\" data-image-title=\"09 arte juvenil1\" data-image-description=\"\" data-image-caption=\"&lt;p&gt;Los peque\u00f1os artistas seleccionados junto a su Profesor Pablo Rodr\u00edguez&lt;\/p&gt;\n\" data-large-file=\"https:\/\/www.hoymercedes.com.ar\/principal\/wp-content\/uploads\/2018\/10\/09-arte-juvenil1.jpg\" class=\"size-medium wp-image-82264\" src=\"https:\/\/www.hoymercedes.com.ar\/principal\/wp-content\/uploads\/2018\/10\/09-arte-juvenil1-630x452.jpg\" alt=\"\" width=\"630\" height=\"452\" srcset=\"https:\/\/www.hoymercedes.com.ar\/principal\/wp-content\/uploads\/2018\/10\/09-arte-juvenil1-630x452.jpg 630w, https:\/\/www.hoymercedes.com.ar\/principal\/wp-content\/uploads\/2018\/10\/09-arte-juvenil1-150x108.jpg 150w, https:\/\/www.hoymercedes.com.ar\/principal\/wp-content\/uploads\/2018\/10\/09-arte-juvenil1-110x80.jpg 110w, https:\/\/www.hoymercedes.com.ar\/principal\/wp-content\/uploads\/2018\/10\/09-arte-juvenil1.jpg 800w\" sizes=\"auto, (max-width: 630px) 100vw, 630px\" \/><figcaption id=\"caption-attachment-82264\" class=\"wp-caption-text\">Los peque\u00f1os artistas seleccionados junto a su Profesor Pablo Rodr\u00edguez<\/figcaption><\/figure>\n<p>En Dibujo. Categor\u00eda Infantil.<br \/>\nPrimer Premio: Luc\u00eda Ferreyra. 11 a\u00f1os. \u201cEl creador de los peces\u201d- (San Andr\u00e9s de Giles)<br \/>\nMenci\u00f3n Especial: Luca Puyelli. 6 a\u00f1os. s\/t. (San Andr\u00e9s de Giles) y Isidro Rienzi. 7a\u00f1os. s\/t (San Andr\u00e9s de Giles)<\/p>\n<p>Categor\u00eda Juvenil<br \/>\nPrimer Premio: Melina Yacoy. 14 a\u00f1os. \u201cFantas\u00eda\u201d. (San Andr\u00e9s de Giles)<br \/>\nMenci\u00f3n Especial: Cecilia Yucra Ramos. 17 a\u00f1os. \u201cSoledad\u201d. (San Andr\u00e9s de Giles)<\/p>\n<p>Premio Escuela de Educaci\u00f3n Est\u00e9tica N\u00ba 1 \u201cLola Mora\u201d: Catalina Salmorello. 12 a\u00f1os. \u201cEl molino\u201d. (Luj\u00e1n)<\/p>\n<p>La entrega de premios se realizar\u00e1 el s\u00e1bado 20 de octubre, a la hora 20, ocasi\u00f3n en la que se expondr\u00e1n todos los trabajos presentados por quienes participaron en este Sal\u00f3n.<\/p>\n<p>&nbsp;<\/p>\n","protected":false},"excerpt":{"rendered":"<p>Paloma Boffi de 17 a\u00f1os gan\u00f3 el primer premio en Pintura Juvenil. Mientras que Franco Coronel de 6 a\u00f1os gan\u00f3 &#8230; <a title=\"Peque\u00f1os y j\u00f3venes mercedinos ganaron premios en Sal\u00f3n de Dibujo y Pintura\" class=\"read-more\" href=\"https:\/\/www.hoymercedes.com.ar\/principal\/2018\/10\/09\/pequenos-y-jovenes-mercedinos-ganaron-premios-en-salon-de-dibujo-y-pintura\/\" aria-label=\"Leer m\u00e1s sobre Peque\u00f1os y j\u00f3venes mercedinos ganaron premios en Sal\u00f3n de Dibujo y Pintura\">Leer m\u00e1s<\/a><\/p>\n","protected":false},"author":1,"featured_media":82247,"comment_status":"closed","ping_status":"open","sticky":false,"template":"","format":"standard","meta":{"_monsterinsights_skip_tracking":false,"_monsterinsights_sitenote_active":false,"_monsterinsights_sitenote_note":"","_monsterinsights_sitenote_category":0,"jetpack_post_was_ever_published":false,"_jetpack_newsletter_access":"","_jetpack_dont_email_post_to_subs":false,"_jetpack_newsletter_tier_id":0,"_jetpack_memberships_contains_paywalled_content":false,"_jetpack_memberships_contains_paid_content":false,"footnotes":"","jetpack_publicize_message":"","jetpack_publicize_feature_enabled":true,"jetpack_social_post_already_shared":true,"jetpack_social_options":{"image_generator_settings":{"template":"highway","default_image_id":0,"font":"","enabled":false},"version":2},"_wpas_customize_per_network":false},"categories":[104],"tags":[7805,565,13851,2123],"class_list":["post-82246","post","type-post","status-publish","format-standard","has-post-thumbnail","hentry","category-cultura","tag-cultura","tag-premios","tag-salon-de-dibujo-y-pintura-infantil-y-juvenil","tag-san-andres-de-giles","generate-columns","tablet-grid-50","mobile-grid-100","grid-parent","grid-50"],"jetpack_publicize_connections":[],"jetpack_featured_media_url":"https:\/\/www.hoymercedes.com.ar\/principal\/wp-content\/uploads\/2018\/10\/09-arte-juvenil.jpg","wps_subtitle":"Confirmados por el Municipio de San Andr\u00e9s de Giles. ","jetpack_sharing_enabled":true,"_links":{"self":[{"href":"https:\/\/www.hoymercedes.com.ar\/principal\/wp-json\/wp\/v2\/posts\/82246","targetHints":{"allow":["GET"]}}],"collection":[{"href":"https:\/\/www.hoymercedes.com.ar\/principal\/wp-json\/wp\/v2\/posts"}],"about":[{"href":"https:\/\/www.hoymercedes.com.ar\/principal\/wp-json\/wp\/v2\/types\/post"}],"author":[{"embeddable":true,"href":"https:\/\/www.hoymercedes.com.ar\/principal\/wp-json\/wp\/v2\/users\/1"}],"replies":[{"embeddable":true,"href":"https:\/\/www.hoymercedes.com.ar\/principal\/wp-json\/wp\/v2\/comments?post=82246"}],"version-history":[{"count":0,"href":"https:\/\/www.hoymercedes.com.ar\/principal\/wp-json\/wp\/v2\/posts\/82246\/revisions"}],"wp:featuredmedia":[{"embeddable":true,"href":"https:\/\/www.hoymercedes.com.ar\/principal\/wp-json\/wp\/v2\/media\/82247"}],"wp:attachment":[{"href":"https:\/\/www.hoymercedes.com.ar\/principal\/wp-json\/wp\/v2\/media?parent=82246"}],"wp:term":[{"taxonomy":"category","embeddable":true,"href":"https:\/\/www.hoymercedes.com.ar\/principal\/wp-json\/wp\/v2\/categories?post=82246"},{"taxonomy":"post_tag","embeddable":true,"href":"https:\/\/www.hoymercedes.com.ar\/principal\/wp-json\/wp\/v2\/tags?post=82246"}],"curies":[{"name":"wp","href":"https:\/\/api.w.org\/{rel}","templated":true}]}}