{"id":82255,"date":"2018-10-10T07:17:41","date_gmt":"2018-10-10T10:17:41","guid":{"rendered":"http:\/\/www.hoymercedes.com.ar\/principal\/?p=82255"},"modified":"2018-10-10T09:19:49","modified_gmt":"2018-10-10T12:19:49","slug":"el-fronton-velez-y-alfa-marcan-el-ritmo-en-futbol-femenino","status":"publish","type":"post","link":"https:\/\/www.hoymercedes.com.ar\/principal\/2018\/10\/10\/el-fronton-velez-y-alfa-marcan-el-ritmo-en-futbol-femenino\/","title":{"rendered":"El Front\u00f3n, V\u00e9lez y ALFA marcan el ritmo en F\u00fatbol Femenino"},"content":{"rendered":"<p>Todas las categor\u00edas de mujeres se jugaron este fin de semana en la Liga Mercedina en cancha de Club Mercedes. La Primera Divisi\u00f3n jug\u00f3 el s\u00e1bado y las inferiores, el domingo. Tras haberse jugado la tercera fecha, El Front\u00f3n sigue mandando en Primera, V\u00e9lez lo hace en Sub 16 y ALFA en Sub 12.<\/p>\n<p><img loading=\"lazy\" decoding=\"async\" data-attachment-id=\"82260\" data-permalink=\"https:\/\/www.hoymercedes.com.ar\/principal\/2018\/10\/10\/el-fronton-velez-y-alfa-marcan-el-ritmo-en-futbol-femenino\/futbol-femenino-alfa\/#main\" data-orig-file=\"https:\/\/www.hoymercedes.com.ar\/principal\/wp-content\/uploads\/2018\/10\/FUTBOL-FEMENINO-ALFA.jpg\" data-orig-size=\"1024,576\" data-comments-opened=\"0\" data-image-meta=\"{&quot;aperture&quot;:&quot;0&quot;,&quot;credit&quot;:&quot;&quot;,&quot;camera&quot;:&quot;&quot;,&quot;caption&quot;:&quot;&quot;,&quot;created_timestamp&quot;:&quot;0&quot;,&quot;copyright&quot;:&quot;&quot;,&quot;focal_length&quot;:&quot;0&quot;,&quot;iso&quot;:&quot;0&quot;,&quot;shutter_speed&quot;:&quot;0&quot;,&quot;title&quot;:&quot;&quot;,&quot;orientation&quot;:&quot;0&quot;}\" data-image-title=\"FUTBOL FEMENINO ALFA\" data-image-description=\"\" data-image-caption=\"\" data-large-file=\"https:\/\/www.hoymercedes.com.ar\/principal\/wp-content\/uploads\/2018\/10\/FUTBOL-FEMENINO-ALFA-1024x576.jpg\" class=\"aligncenter size-medium wp-image-82260\" src=\"https:\/\/www.hoymercedes.com.ar\/principal\/wp-content\/uploads\/2018\/10\/FUTBOL-FEMENINO-ALFA-630x354.jpg\" alt=\"\" width=\"630\" height=\"354\" srcset=\"https:\/\/www.hoymercedes.com.ar\/principal\/wp-content\/uploads\/2018\/10\/FUTBOL-FEMENINO-ALFA-630x354.jpg 630w, https:\/\/www.hoymercedes.com.ar\/principal\/wp-content\/uploads\/2018\/10\/FUTBOL-FEMENINO-ALFA-150x84.jpg 150w, https:\/\/www.hoymercedes.com.ar\/principal\/wp-content\/uploads\/2018\/10\/FUTBOL-FEMENINO-ALFA.jpg 1024w\" sizes=\"auto, (max-width: 630px) 100vw, 630px\" \/><\/p>\n<p><strong>Primera<br \/>\nALFA 0.<\/strong><strong><br \/>\nEstudiantes 0.<\/strong><\/p>\n<p><strong>Uni\u00f3n 2:<\/strong>\u00a0Mercedes Carabajal y Bel\u00e9n Pedrazza.<br \/>\n<strong>Programa Envi\u00f3n 3:<\/strong>\u00a0Roc\u00edo Altamirada 2 y Antonella Sicca.<\/p>\n<p><strong>El Front\u00f3n 7:<\/strong>\u00a0Agustina Cejas 4, Delfina D\u00edaz y Mar\u00eda Victoria Funes 2.<br \/>\n<strong>Comunicaciones 0.<\/strong><\/p>\n<p><strong>Mercedes 4:<\/strong>\u00a0Aracelli Pueblas, Yanina Russo 2 y Agustina Zunino.<br \/>\n<strong>AMEFIP San Mart\u00edn 0.<\/strong><\/p>\n<p>&nbsp;<\/p>\n<p><strong>Sub 16<\/strong><\/p>\n<p><strong>ALFA 3:<\/strong>\u00a0Serena Estevena y Mayra Iba\u00f1a 2.<br \/>\n<strong>Independiente 0.<\/strong><\/p>\n<p><strong>Defensores 1:<\/strong>\u00a0Tamara Ortubia.<br \/>\n<strong>Comunicaciones 0.<br \/>\n<\/strong><br \/>\n<strong>V\u00e9lez 0.<\/strong><strong><br \/>\nEstudiantes 0.<\/strong><\/p>\n<p>&nbsp;<\/p>\n<p><strong>Sub 12<\/strong><\/p>\n<p><strong>ALFA 4:\u00a0<\/strong>Clara Cerdeiro 2, Morena Garc\u00eda y Guadalupe Morgan.<br \/>\n<strong>V\u00e9lez 0.<\/strong><\/p>\n<p><strong>Comunicaciones 1.<\/strong><strong><br \/>\nEstudiantes 0.<\/strong><\/p>\n<p>&nbsp;<\/p>\n<p><img loading=\"lazy\" decoding=\"async\" data-attachment-id=\"82261\" data-permalink=\"https:\/\/www.hoymercedes.com.ar\/principal\/2018\/10\/10\/el-fronton-velez-y-alfa-marcan-el-ritmo-en-futbol-femenino\/primera-162\/#main\" data-orig-file=\"https:\/\/www.hoymercedes.com.ar\/principal\/wp-content\/uploads\/2018\/10\/PRIMERA.png\" data-orig-size=\"424,236\" data-comments-opened=\"0\" data-image-meta=\"{&quot;aperture&quot;:&quot;0&quot;,&quot;credit&quot;:&quot;&quot;,&quot;camera&quot;:&quot;&quot;,&quot;caption&quot;:&quot;&quot;,&quot;created_timestamp&quot;:&quot;0&quot;,&quot;copyright&quot;:&quot;&quot;,&quot;focal_length&quot;:&quot;0&quot;,&quot;iso&quot;:&quot;0&quot;,&quot;shutter_speed&quot;:&quot;0&quot;,&quot;title&quot;:&quot;&quot;,&quot;orientation&quot;:&quot;0&quot;}\" data-image-title=\"PRIMERA\" data-image-description=\"\" data-image-caption=\"\" data-large-file=\"https:\/\/www.hoymercedes.com.ar\/principal\/wp-content\/uploads\/2018\/10\/PRIMERA.png\" class=\"aligncenter size-full wp-image-82261\" src=\"https:\/\/www.hoymercedes.com.ar\/principal\/wp-content\/uploads\/2018\/10\/PRIMERA.png\" alt=\"\" width=\"424\" height=\"236\" srcset=\"https:\/\/www.hoymercedes.com.ar\/principal\/wp-content\/uploads\/2018\/10\/PRIMERA.png 424w, https:\/\/www.hoymercedes.com.ar\/principal\/wp-content\/uploads\/2018\/10\/PRIMERA-150x83.png 150w\" sizes=\"auto, (max-width: 424px) 100vw, 424px\" \/> <img loading=\"lazy\" decoding=\"async\" data-attachment-id=\"82262\" data-permalink=\"https:\/\/www.hoymercedes.com.ar\/principal\/2018\/10\/10\/el-fronton-velez-y-alfa-marcan-el-ritmo-en-futbol-femenino\/13-15-19\/#main\" data-orig-file=\"https:\/\/www.hoymercedes.com.ar\/principal\/wp-content\/uploads\/2018\/10\/13-15.png\" data-orig-size=\"424,322\" data-comments-opened=\"0\" data-image-meta=\"{&quot;aperture&quot;:&quot;0&quot;,&quot;credit&quot;:&quot;&quot;,&quot;camera&quot;:&quot;&quot;,&quot;caption&quot;:&quot;&quot;,&quot;created_timestamp&quot;:&quot;0&quot;,&quot;copyright&quot;:&quot;&quot;,&quot;focal_length&quot;:&quot;0&quot;,&quot;iso&quot;:&quot;0&quot;,&quot;shutter_speed&quot;:&quot;0&quot;,&quot;title&quot;:&quot;&quot;,&quot;orientation&quot;:&quot;0&quot;}\" data-image-title=\"13 15\" data-image-description=\"\" data-image-caption=\"\" data-large-file=\"https:\/\/www.hoymercedes.com.ar\/principal\/wp-content\/uploads\/2018\/10\/13-15.png\" class=\"aligncenter size-medium wp-image-82262\" src=\"https:\/\/www.hoymercedes.com.ar\/principal\/wp-content\/uploads\/2018\/10\/13-15.png\" alt=\"\" width=\"424\" height=\"322\" srcset=\"https:\/\/www.hoymercedes.com.ar\/principal\/wp-content\/uploads\/2018\/10\/13-15.png 424w, https:\/\/www.hoymercedes.com.ar\/principal\/wp-content\/uploads\/2018\/10\/13-15-150x114.png 150w\" sizes=\"auto, (max-width: 424px) 100vw, 424px\" \/> <img loading=\"lazy\" decoding=\"async\" data-attachment-id=\"82263\" data-permalink=\"https:\/\/www.hoymercedes.com.ar\/principal\/2018\/10\/10\/el-fronton-velez-y-alfa-marcan-el-ritmo-en-futbol-femenino\/goles-13-15-9\/#main\" data-orig-file=\"https:\/\/www.hoymercedes.com.ar\/principal\/wp-content\/uploads\/2018\/10\/goles-13-15.png\" data-orig-size=\"303,390\" data-comments-opened=\"0\" data-image-meta=\"{&quot;aperture&quot;:&quot;0&quot;,&quot;credit&quot;:&quot;&quot;,&quot;camera&quot;:&quot;&quot;,&quot;caption&quot;:&quot;&quot;,&quot;created_timestamp&quot;:&quot;0&quot;,&quot;copyright&quot;:&quot;&quot;,&quot;focal_length&quot;:&quot;0&quot;,&quot;iso&quot;:&quot;0&quot;,&quot;shutter_speed&quot;:&quot;0&quot;,&quot;title&quot;:&quot;&quot;,&quot;orientation&quot;:&quot;0&quot;}\" data-image-title=\"goles 13 15\" data-image-description=\"\" data-image-caption=\"\" data-large-file=\"https:\/\/www.hoymercedes.com.ar\/principal\/wp-content\/uploads\/2018\/10\/goles-13-15.png\" class=\"aligncenter size-medium wp-image-82263\" src=\"https:\/\/www.hoymercedes.com.ar\/principal\/wp-content\/uploads\/2018\/10\/goles-13-15.png\" alt=\"\" width=\"303\" height=\"390\" srcset=\"https:\/\/www.hoymercedes.com.ar\/principal\/wp-content\/uploads\/2018\/10\/goles-13-15.png 303w, https:\/\/www.hoymercedes.com.ar\/principal\/wp-content\/uploads\/2018\/10\/goles-13-15-117x150.png 117w\" sizes=\"auto, (max-width: 303px) 100vw, 303px\" \/><\/p>\n","protected":false},"excerpt":{"rendered":"<p>Todas las categor\u00edas de mujeres se jugaron este fin de semana en la Liga Mercedina en cancha de Club Mercedes. &#8230; <a title=\"El Front\u00f3n, V\u00e9lez y ALFA marcan el ritmo en F\u00fatbol Femenino\" class=\"read-more\" href=\"https:\/\/www.hoymercedes.com.ar\/principal\/2018\/10\/10\/el-fronton-velez-y-alfa-marcan-el-ritmo-en-futbol-femenino\/\" aria-label=\"Leer m\u00e1s sobre El Front\u00f3n, V\u00e9lez y ALFA marcan el ritmo en F\u00fatbol Femenino\">Leer m\u00e1s<\/a><\/p>\n","protected":false},"author":1,"featured_media":82260,"comment_status":"closed","ping_status":"open","sticky":false,"template":"","format":"standard","meta":{"_monsterinsights_skip_tracking":false,"_monsterinsights_sitenote_active":false,"_monsterinsights_sitenote_note":"","_monsterinsights_sitenote_category":0,"jetpack_post_was_ever_published":false,"_jetpack_newsletter_access":"","_jetpack_dont_email_post_to_subs":false,"_jetpack_newsletter_tier_id":0,"_jetpack_memberships_contains_paywalled_content":false,"_jetpack_memberships_contains_paid_content":false,"footnotes":"","jetpack_publicize_message":"","jetpack_publicize_feature_enabled":true,"jetpack_social_post_already_shared":true,"jetpack_social_options":{"image_generator_settings":{"template":"highway","default_image_id":0,"font":"","enabled":false},"version":2},"_wpas_customize_per_network":false},"categories":[21],"tags":[204,895,1901],"class_list":["post-82255","post","type-post","status-publish","format-standard","has-post-thumbnail","hentry","category-deportes","tag-deportes-2","tag-futbol-femenino","tag-liga-mercedina","generate-columns","tablet-grid-50","mobile-grid-100","grid-parent","grid-50"],"jetpack_publicize_connections":[],"jetpack_featured_media_url":"https:\/\/www.hoymercedes.com.ar\/principal\/wp-content\/uploads\/2018\/10\/FUTBOL-FEMENINO-ALFA.jpg","wps_subtitle":"Liga Mercedina","jetpack_sharing_enabled":true,"_links":{"self":[{"href":"https:\/\/www.hoymercedes.com.ar\/principal\/wp-json\/wp\/v2\/posts\/82255","targetHints":{"allow":["GET"]}}],"collection":[{"href":"https:\/\/www.hoymercedes.com.ar\/principal\/wp-json\/wp\/v2\/posts"}],"about":[{"href":"https:\/\/www.hoymercedes.com.ar\/principal\/wp-json\/wp\/v2\/types\/post"}],"author":[{"embeddable":true,"href":"https:\/\/www.hoymercedes.com.ar\/principal\/wp-json\/wp\/v2\/users\/1"}],"replies":[{"embeddable":true,"href":"https:\/\/www.hoymercedes.com.ar\/principal\/wp-json\/wp\/v2\/comments?post=82255"}],"version-history":[{"count":0,"href":"https:\/\/www.hoymercedes.com.ar\/principal\/wp-json\/wp\/v2\/posts\/82255\/revisions"}],"wp:featuredmedia":[{"embeddable":true,"href":"https:\/\/www.hoymercedes.com.ar\/principal\/wp-json\/wp\/v2\/media\/82260"}],"wp:attachment":[{"href":"https:\/\/www.hoymercedes.com.ar\/principal\/wp-json\/wp\/v2\/media?parent=82255"}],"wp:term":[{"taxonomy":"category","embeddable":true,"href":"https:\/\/www.hoymercedes.com.ar\/principal\/wp-json\/wp\/v2\/categories?post=82255"},{"taxonomy":"post_tag","embeddable":true,"href":"https:\/\/www.hoymercedes.com.ar\/principal\/wp-json\/wp\/v2\/tags?post=82255"}],"curies":[{"name":"wp","href":"https:\/\/api.w.org\/{rel}","templated":true}]}}